{"id":23720,"date":"2024-09-25T14:29:50","date_gmt":"2024-09-25T17:29:50","guid":{"rendered":"https:\/\/pc.sc.gov.br\/?p=23720"},"modified":"2024-09-25T14:30:29","modified_gmt":"2024-09-25T17:30:29","slug":"policia-civil-cumpre-mandados-em-investigacao-a-crimes-de-sonegacao-fiscal-associacao-criminosa-falsidade-ideologica-e-lavagem-de-dinheiro","status":"publish","type":"post","link":"https:\/\/pc.sc.gov.br\/?p=23720","title":{"rendered":"Pol\u00edcia Civil cumpre mandados em investiga\u00e7\u00e3o a crimes de sonega\u00e7\u00e3o fiscal, associa\u00e7\u00e3o criminosa, falsidade ideol\u00f3gica e lavagem de dinheiro"},"content":{"rendered":"\t\t<div data-elementor-type=\"wp-post\" data-elementor-id=\"23720\" class=\"elementor elementor-23720\" data-elementor-post-type=\"post\">\n\t\t\t\t\t\t<section class=\"elementor-section elementor-top-section elementor-element elementor-element-1173a9d elementor-section-boxed elementor-section-height-default elementor-section-height-default\" data-id=\"1173a9d\" data-element_type=\"section\">\n\t\t\t\t\t\t<div class=\"elementor-container elementor-column-gap-default\">\n\t\t\t\t\t<div class=\"elementor-column elementor-col-100 elementor-top-column elementor-element elementor-element-49af8d3\" data-id=\"49af8d3\" data-element_type=\"column\">\n\t\t\t<div class=\"elementor-widget-wrap elementor-element-populated\">\n\t\t\t\t\t\t<div class=\"elementor-element elementor-element-4ccbca8 elementor-widget elementor-widget-heading\" data-id=\"4ccbca8\" data-element_type=\"widget\" data-widget_type=\"heading.default\">\n\t\t\t\t<div class=\"elementor-widget-container\">\n\t\t\t\t\t<h2 class=\"elementor-heading-title elementor-size-default\">Pol\u00edcia Civil cumpre mandados em investiga\u00e7\u00e3o a crimes de sonega\u00e7\u00e3o fiscal, associa\u00e7\u00e3o criminosa, falsidade ideol\u00f3gica e lavagem de dinheiro <\/h2>\t\t\t\t<\/div>\n\t\t\t\t<\/div>\n\t\t\t\t\t<\/div>\n\t\t<\/div>\n\t\t\t\t\t<\/div>\n\t\t<\/section>\n\t\t\t\t<section class=\"elementor-section elementor-top-section elementor-element elementor-element-316517b elementor-section-boxed elementor-section-height-default elementor-section-height-default\" data-id=\"316517b\" data-element_type=\"section\">\n\t\t\t\t\t\t<div class=\"elementor-container elementor-column-gap-default\">\n\t\t\t\t\t<div class=\"elementor-column elementor-col-100 elementor-top-column elementor-element elementor-element-0d86573\" data-id=\"0d86573\" data-element_type=\"column\">\n\t\t\t<div class=\"elementor-widget-wrap elementor-element-populated\">\n\t\t\t\t\t\t<div class=\"elementor-element elementor-element-12237f0 elementor-widget elementor-widget-image\" data-id=\"12237f0\" data-element_type=\"widget\" data-widget_type=\"image.default\">\n\t\t\t\t<div class=\"elementor-widget-container\">\n\t\t\t\t\t\t\t\t\t\t\t\t\t\t\t<img fetchpriority=\"high\" decoding=\"async\" width=\"696\" height=\"521\" src=\"https:\/\/pc.sc.gov.br\/\/wp-content\/uploads\/2024\/06\/DEIC-1024x767.jpg\" class=\"attachment-large size-large wp-image-21428\" alt=\"\" srcset=\"https:\/\/pc.sc.gov.br\/\/wp-content\/uploads\/2024\/06\/DEIC-1024x767.jpg 1024w, https:\/\/pc.sc.gov.br\/\/wp-content\/uploads\/2024\/06\/DEIC-300x225.jpg 300w, https:\/\/pc.sc.gov.br\/\/wp-content\/uploads\/2024\/06\/DEIC-768x575.jpg 768w, https:\/\/pc.sc.gov.br\/\/wp-content\/uploads\/2024\/06\/DEIC.jpg 1280w\" sizes=\"(max-width: 696px) 100vw, 696px\" \/>\t\t\t\t\t\t\t\t\t\t\t\t\t\t\t<\/div>\n\t\t\t\t<\/div>\n\t\t\t\t\t<\/div>\n\t\t<\/div>\n\t\t\t\t\t<\/div>\n\t\t<\/section>\n\t\t\t\t<section class=\"elementor-section elementor-top-section elementor-element elementor-element-1e22881 elementor-section-boxed elementor-section-height-default elementor-section-height-default\" data-id=\"1e22881\" data-element_type=\"section\">\n\t\t\t\t\t\t<div class=\"elementor-container elementor-column-gap-default\">\n\t\t\t\t\t<div class=\"elementor-column elementor-col-100 elementor-top-column elementor-element elementor-element-e908626\" data-id=\"e908626\" data-element_type=\"column\">\n\t\t\t<div class=\"elementor-widget-wrap elementor-element-populated\">\n\t\t\t\t\t\t<div class=\"elementor-element elementor-element-57a173a elementor-widget elementor-widget-text-editor\" data-id=\"57a173a\" data-element_type=\"widget\" data-widget_type=\"text-editor.default\">\n\t\t\t\t<div class=\"elementor-widget-container\">\n\t\t\t\t\t\t\t\t\t<p>A Pol\u00edcia Civil de Santa Catarina, por meio da Delegacia de Investiga\u00e7\u00e3o dos Crimes contra a Fazenda Publica da Diretoria Estadual de Investiga\u00e7\u00f5es Criminais, cumpriu, nesta quarta-feira (25\/09), quatro mandados de busca e apreens\u00e3o nas cidades de Videira e Lages. Os mandados est\u00e3o relacionados com investiga\u00e7\u00f5es de crimes de sonega\u00e7\u00e3o fiscal, associa\u00e7\u00e3o criminosa, falsidades ideol\u00f3gicas e lavagem de dinheiro.<\/p><p>Foram apreendidos dispositivos inform\u00e1ticos, que ser\u00e3o encaminhados \u00e0 per\u00edcia para as an\u00e1lises devidas, bem como prova documental, que em avalia\u00e7\u00e3o pr\u00e9via no local confirmam as suspeitas iniciais.<\/p><p>Ainda, foi sequestrado um im\u00f3vel de alto valor e padr\u00e3o localizado na cidade de Videira, que estava em nome de uma empresa criada pelos investigados para oculta\u00e7\u00e3o de patrim\u00f4nio. Tamb\u00e9m houve bloqueio de contas banc\u00e1rias, cujo valor ainda n\u00e3o foi contabilizado. A opera\u00e7\u00e3o teve apoio da DIC de Videira e DRRDI da DEIC.<\/p><p>Saliente-se que, neste caso, houve representa\u00e7\u00e3o em maio do ano de 2023 para 28 mandados de busca e apreens\u00e3o em diversas cidades do estado e in\u00fameras outras cautelares de bloqueio de bens, todas indeferidas ap\u00f3s o decurso do tempo.<\/p>\t\t\t\t\t\t\t\t<\/div>\n\t\t\t\t<\/div>\n\t\t\t\t\t<\/div>\n\t\t<\/div>\n\t\t\t\t\t<\/div>\n\t\t<\/section>\n\t\t\t\t<\/div>\n\t\t","protected":false},"excerpt":{"rendered":"<p>Pol\u00edcia Civil cumpre mandados em investiga\u00e7\u00e3o a crimes de sonega\u00e7\u00e3o fiscal, associa\u00e7\u00e3o criminosa, falsidade ideol\u00f3gica e lavagem de dinheiro A Pol\u00edcia Civil de Santa Catarina, por meio da Delegacia de Investiga\u00e7\u00e3o dos Crimes contra a Fazenda Publica da Diretoria Estadual de Investiga\u00e7\u00f5es Criminais, cumpriu, nesta quarta-feira (25\/09), quatro mandados de busca e apreens\u00e3o nas cidades [&hellip;]<\/p>\n","protected":false},"author":5,"featured_media":21428,"comment_status":"closed","ping_status":"open","sticky":false,"template":"","format":"standard","meta":{"_monsterinsights_skip_tracking":false,"_monsterinsights_sitenote_active":false,"_monsterinsights_sitenote_note":"","_monsterinsights_sitenote_category":0,"footnotes":""},"categories":[1],"tags":[],"class_list":["post-23720","post","type-post","status-publish","format-standard","has-post-thumbnail","hentry","category-sem-categoria"],"_links":{"self":[{"href":"https:\/\/pc.sc.gov.br\/index.php?rest_route=\/wp\/v2\/posts\/23720","targetHints":{"allow":["GET"]}}],"collection":[{"href":"https:\/\/pc.sc.gov.br\/index.php?rest_route=\/wp\/v2\/posts"}],"about":[{"href":"https:\/\/pc.sc.gov.br\/index.php?rest_route=\/wp\/v2\/types\/post"}],"author":[{"embeddable":true,"href":"https:\/\/pc.sc.gov.br\/index.php?rest_route=\/wp\/v2\/users\/5"}],"replies":[{"embeddable":true,"href":"https:\/\/pc.sc.gov.br\/index.php?rest_route=%2Fwp%2Fv2%2Fcomments&post=23720"}],"version-history":[{"count":4,"href":"https:\/\/pc.sc.gov.br\/index.php?rest_route=\/wp\/v2\/posts\/23720\/revisions"}],"predecessor-version":[{"id":23724,"href":"https:\/\/pc.sc.gov.br\/index.php?rest_route=\/wp\/v2\/posts\/23720\/revisions\/23724"}],"wp:featuredmedia":[{"embeddable":true,"href":"https:\/\/pc.sc.gov.br\/index.php?rest_route=\/wp\/v2\/media\/21428"}],"wp:attachment":[{"href":"https:\/\/pc.sc.gov.br\/index.php?rest_route=%2Fwp%2Fv2%2Fmedia&parent=23720"}],"wp:term":[{"taxonomy":"category","embeddable":true,"href":"https:\/\/pc.sc.gov.br\/index.php?rest_route=%2Fwp%2Fv2%2Fcategories&post=23720"},{"taxonomy":"post_tag","embeddable":true,"href":"https:\/\/pc.sc.gov.br\/index.php?rest_route=%2Fwp%2Fv2%2Ftags&post=23720"}],"curies":[{"name":"wp","href":"https:\/\/api.w.org\/{rel}","templated":true}]}}