{"id":23725,"date":"2024-09-25T16:31:27","date_gmt":"2024-09-25T19:31:27","guid":{"rendered":"https:\/\/pc.sc.gov.br\/?p=23725"},"modified":"2024-09-25T16:32:26","modified_gmt":"2024-09-25T19:32:26","slug":"policia-civil-prende-homem-condenado-a-mais-de-170-anos-de-prisao-em-alfredo-wagner","status":"publish","type":"post","link":"https:\/\/pc.sc.gov.br\/?p=23725","title":{"rendered":"Pol\u00edcia Civil prende homem condenado a mais de 170 anos de pris\u00e3o em Alfredo Wagner"},"content":{"rendered":"\t\t<div data-elementor-type=\"wp-post\" data-elementor-id=\"23725\" class=\"elementor elementor-23725\" data-elementor-post-type=\"post\">\n\t\t\t\t\t\t<section class=\"elementor-section elementor-top-section elementor-element elementor-element-e47747c elementor-section-boxed elementor-section-height-default elementor-section-height-default\" data-id=\"e47747c\" data-element_type=\"section\">\n\t\t\t\t\t\t<div class=\"elementor-container elementor-column-gap-default\">\n\t\t\t\t\t<div class=\"elementor-column elementor-col-100 elementor-top-column elementor-element elementor-element-5f89e89\" data-id=\"5f89e89\" data-element_type=\"column\">\n\t\t\t<div class=\"elementor-widget-wrap elementor-element-populated\">\n\t\t\t\t\t\t<div class=\"elementor-element elementor-element-7537be4 elementor-widget elementor-widget-heading\" data-id=\"7537be4\" data-element_type=\"widget\" data-widget_type=\"heading.default\">\n\t\t\t\t<div class=\"elementor-widget-container\">\n\t\t\t\t\t<h2 class=\"elementor-heading-title elementor-size-default\">Pol\u00edcia Civil prende homem condenado a mais de 170 anos de pris\u00e3o em Alfredo Wagner <\/h2>\t\t\t\t<\/div>\n\t\t\t\t<\/div>\n\t\t\t\t\t<\/div>\n\t\t<\/div>\n\t\t\t\t\t<\/div>\n\t\t<\/section>\n\t\t\t\t<section class=\"elementor-section elementor-top-section elementor-element elementor-element-17a3f91 elementor-section-boxed elementor-section-height-default elementor-section-height-default\" data-id=\"17a3f91\" data-element_type=\"section\">\n\t\t\t\t\t\t<div class=\"elementor-container elementor-column-gap-default\">\n\t\t\t\t\t<div class=\"elementor-column elementor-col-100 elementor-top-column elementor-element elementor-element-938250d\" data-id=\"938250d\" data-element_type=\"column\">\n\t\t\t<div class=\"elementor-widget-wrap elementor-element-populated\">\n\t\t\t\t\t\t<div class=\"elementor-element elementor-element-4d6c3ee elementor-widget elementor-widget-image\" data-id=\"4d6c3ee\" data-element_type=\"widget\" data-widget_type=\"image.default\">\n\t\t\t\t<div class=\"elementor-widget-container\">\n\t\t\t\t\t\t\t\t\t\t\t\t\t\t\t<img fetchpriority=\"high\" decoding=\"async\" width=\"696\" height=\"829\" src=\"https:\/\/pc.sc.gov.br\/\/wp-content\/uploads\/2023\/04\/VIATURA_000000000009-860x1024.jpg\" class=\"attachment-large size-large wp-image-8006\" alt=\"\" srcset=\"https:\/\/pc.sc.gov.br\/\/wp-content\/uploads\/2023\/04\/VIATURA_000000000009-860x1024.jpg 860w, https:\/\/pc.sc.gov.br\/\/wp-content\/uploads\/2023\/04\/VIATURA_000000000009-252x300.jpg 252w, https:\/\/pc.sc.gov.br\/\/wp-content\/uploads\/2023\/04\/VIATURA_000000000009-768x915.jpg 768w, https:\/\/pc.sc.gov.br\/\/wp-content\/uploads\/2023\/04\/VIATURA_000000000009-1290x1536.jpg 1290w, https:\/\/pc.sc.gov.br\/\/wp-content\/uploads\/2023\/04\/VIATURA_000000000009-1720x2048.jpg 1720w\" sizes=\"(max-width: 696px) 100vw, 696px\" \/>\t\t\t\t\t\t\t\t\t\t\t\t\t\t\t<\/div>\n\t\t\t\t<\/div>\n\t\t\t\t\t<\/div>\n\t\t<\/div>\n\t\t\t\t\t<\/div>\n\t\t<\/section>\n\t\t\t\t<section class=\"elementor-section elementor-top-section elementor-element elementor-element-054e56c elementor-section-boxed elementor-section-height-default elementor-section-height-default\" data-id=\"054e56c\" data-element_type=\"section\">\n\t\t\t\t\t\t<div class=\"elementor-container elementor-column-gap-default\">\n\t\t\t\t\t<div class=\"elementor-column elementor-col-100 elementor-top-column elementor-element elementor-element-f127276\" data-id=\"f127276\" data-element_type=\"column\">\n\t\t\t<div class=\"elementor-widget-wrap elementor-element-populated\">\n\t\t\t\t\t\t<div class=\"elementor-element elementor-element-0b15e4a elementor-widget elementor-widget-text-editor\" data-id=\"0b15e4a\" data-element_type=\"widget\" data-widget_type=\"text-editor.default\">\n\t\t\t\t<div class=\"elementor-widget-container\">\n\t\t\t\t\t\t\t\t\t<p>A Pol\u00edcia Civil de Santa Catarina, por meio das Delegacias de Pol\u00edcia de Bom Retiro e Alfredo Wagner, realizou na tarde desta quarta-feira (25), no Centro de Alfredo Wagner, a pris\u00e3o de um homem condenado a 170 anos e 6 meses de pris\u00e3o, em regime fechado, pela pr\u00e1tica do crime de estupro de vulner\u00e1vel, previsto no artigo 217-A do C\u00f3digo Penal, cometido de forma reiterada contra a mesma v\u00edtima.<\/p><p>Os crimes cometidos pelo condenado foram praticados nos anos de 2006 e 2007, no munic\u00edpio de Alfredo Wagner, em face de uma crian\u00e7a, dos 10 aos 11 anos de idade. Ap\u00f3s a realiza\u00e7\u00e3o da pris\u00e3o, a equipe policial encaminhou o condenado para Unidade Prisional de Lages.<\/p>\t\t\t\t\t\t\t\t<\/div>\n\t\t\t\t<\/div>\n\t\t\t\t\t<\/div>\n\t\t<\/div>\n\t\t\t\t\t<\/div>\n\t\t<\/section>\n\t\t\t\t<\/div>\n\t\t","protected":false},"excerpt":{"rendered":"<p>Pol\u00edcia Civil prende homem condenado a mais de 170 anos de pris\u00e3o em Alfredo Wagner A Pol\u00edcia Civil de Santa Catarina, por meio das Delegacias de Pol\u00edcia de Bom Retiro e Alfredo Wagner, realizou na tarde desta quarta-feira (25), no Centro de Alfredo Wagner, a pris\u00e3o de um homem condenado a 170 anos e 6 [&hellip;]<\/p>\n","protected":false},"author":5,"featured_media":9318,"comment_status":"closed","ping_status":"open","sticky":false,"template":"","format":"standard","meta":{"_monsterinsights_skip_tracking":false,"_monsterinsights_sitenote_active":false,"_monsterinsights_sitenote_note":"","_monsterinsights_sitenote_category":0,"footnotes":""},"categories":[1],"tags":[],"class_list":["post-23725","post","type-post","status-publish","format-standard","has-post-thumbnail","hentry","category-sem-categoria"],"_links":{"self":[{"href":"https:\/\/pc.sc.gov.br\/index.php?rest_route=\/wp\/v2\/posts\/23725","targetHints":{"allow":["GET"]}}],"collection":[{"href":"https:\/\/pc.sc.gov.br\/index.php?rest_route=\/wp\/v2\/posts"}],"about":[{"href":"https:\/\/pc.sc.gov.br\/index.php?rest_route=\/wp\/v2\/types\/post"}],"author":[{"embeddable":true,"href":"https:\/\/pc.sc.gov.br\/index.php?rest_route=\/wp\/v2\/users\/5"}],"replies":[{"embeddable":true,"href":"https:\/\/pc.sc.gov.br\/index.php?rest_route=%2Fwp%2Fv2%2Fcomments&post=23725"}],"version-history":[{"count":4,"href":"https:\/\/pc.sc.gov.br\/index.php?rest_route=\/wp\/v2\/posts\/23725\/revisions"}],"predecessor-version":[{"id":23729,"href":"https:\/\/pc.sc.gov.br\/index.php?rest_route=\/wp\/v2\/posts\/23725\/revisions\/23729"}],"wp:featuredmedia":[{"embeddable":true,"href":"https:\/\/pc.sc.gov.br\/index.php?rest_route=\/wp\/v2\/media\/9318"}],"wp:attachment":[{"href":"https:\/\/pc.sc.gov.br\/index.php?rest_route=%2Fwp%2Fv2%2Fmedia&parent=23725"}],"wp:term":[{"taxonomy":"category","embeddable":true,"href":"https:\/\/pc.sc.gov.br\/index.php?rest_route=%2Fwp%2Fv2%2Fcategories&post=23725"},{"taxonomy":"post_tag","embeddable":true,"href":"https:\/\/pc.sc.gov.br\/index.php?rest_route=%2Fwp%2Fv2%2Ftags&post=23725"}],"curies":[{"name":"wp","href":"https:\/\/api.w.org\/{rel}","templated":true}]}}