{"id":23737,"date":"2024-09-25T17:18:44","date_gmt":"2024-09-25T20:18:44","guid":{"rendered":"https:\/\/pc.sc.gov.br\/?p=23737"},"modified":"2024-09-25T17:20:03","modified_gmt":"2024-09-25T20:20:03","slug":"policia-civil-identifica-e-prende-dupla-por-roubo-armado-de-automovel-em-criciuma","status":"publish","type":"post","link":"https:\/\/pc.sc.gov.br\/?p=23737","title":{"rendered":"Pol\u00edcia Civil identifica e prende dupla por roubo armado de autom\u00f3vel em Crici\u00fama"},"content":{"rendered":"\t\t<div data-elementor-type=\"wp-post\" data-elementor-id=\"23737\" class=\"elementor elementor-23737\" data-elementor-post-type=\"post\">\n\t\t\t\t\t\t<section class=\"elementor-section elementor-top-section elementor-element elementor-element-70178fb elementor-section-boxed elementor-section-height-default elementor-section-height-default\" data-id=\"70178fb\" data-element_type=\"section\">\n\t\t\t\t\t\t<div class=\"elementor-container elementor-column-gap-default\">\n\t\t\t\t\t<div class=\"elementor-column elementor-col-100 elementor-top-column elementor-element elementor-element-1c010d9\" data-id=\"1c010d9\" data-element_type=\"column\">\n\t\t\t<div class=\"elementor-widget-wrap elementor-element-populated\">\n\t\t\t\t\t\t<div class=\"elementor-element elementor-element-3acfe1e elementor-widget elementor-widget-heading\" data-id=\"3acfe1e\" data-element_type=\"widget\" data-widget_type=\"heading.default\">\n\t\t\t\t<div class=\"elementor-widget-container\">\n\t\t\t\t\t<h2 class=\"elementor-heading-title elementor-size-default\">Pol\u00edcia Civil identifica e prende dupla por roubo armado de autom\u00f3vel em Crici\u00fama<\/h2>\t\t\t\t<\/div>\n\t\t\t\t<\/div>\n\t\t\t\t\t<\/div>\n\t\t<\/div>\n\t\t\t\t\t<\/div>\n\t\t<\/section>\n\t\t\t\t<section class=\"elementor-section elementor-top-section elementor-element elementor-element-4f891d8 elementor-section-boxed elementor-section-height-default elementor-section-height-default\" data-id=\"4f891d8\" data-element_type=\"section\">\n\t\t\t\t\t\t<div class=\"elementor-container elementor-column-gap-default\">\n\t\t\t\t\t<div class=\"elementor-column elementor-col-100 elementor-top-column elementor-element elementor-element-41d8fd7\" data-id=\"41d8fd7\" data-element_type=\"column\">\n\t\t\t<div class=\"elementor-widget-wrap elementor-element-populated\">\n\t\t\t\t\t\t<div class=\"elementor-element elementor-element-19e1e76 elementor-widget elementor-widget-image\" data-id=\"19e1e76\" data-element_type=\"widget\" data-widget_type=\"image.default\">\n\t\t\t\t<div class=\"elementor-widget-container\">\n\t\t\t\t\t\t\t\t\t\t\t\t\t\t\t<img fetchpriority=\"high\" decoding=\"async\" width=\"696\" height=\"599\" src=\"https:\/\/pc.sc.gov.br\/\/wp-content\/uploads\/2024\/09\/5d47a685-422a-42d6-99a8-8429cc901f53.jpg\" class=\"attachment-large size-large wp-image-23738\" alt=\"\" srcset=\"https:\/\/pc.sc.gov.br\/\/wp-content\/uploads\/2024\/09\/5d47a685-422a-42d6-99a8-8429cc901f53.jpg 1000w, https:\/\/pc.sc.gov.br\/\/wp-content\/uploads\/2024\/09\/5d47a685-422a-42d6-99a8-8429cc901f53-300x258.jpg 300w, https:\/\/pc.sc.gov.br\/\/wp-content\/uploads\/2024\/09\/5d47a685-422a-42d6-99a8-8429cc901f53-768x660.jpg 768w\" sizes=\"(max-width: 696px) 100vw, 696px\" \/>\t\t\t\t\t\t\t\t\t\t\t\t\t\t\t<\/div>\n\t\t\t\t<\/div>\n\t\t\t\t\t<\/div>\n\t\t<\/div>\n\t\t\t\t\t<\/div>\n\t\t<\/section>\n\t\t\t\t<section class=\"elementor-section elementor-top-section elementor-element elementor-element-9a41d63 elementor-section-boxed elementor-section-height-default elementor-section-height-default\" data-id=\"9a41d63\" data-element_type=\"section\">\n\t\t\t\t\t\t<div class=\"elementor-container elementor-column-gap-default\">\n\t\t\t\t\t<div class=\"elementor-column elementor-col-100 elementor-top-column elementor-element elementor-element-82a851a\" data-id=\"82a851a\" data-element_type=\"column\">\n\t\t\t<div class=\"elementor-widget-wrap elementor-element-populated\">\n\t\t\t\t\t\t<div class=\"elementor-element elementor-element-973c979 elementor-widget elementor-widget-text-editor\" data-id=\"973c979\" data-element_type=\"widget\" data-widget_type=\"text-editor.default\">\n\t\t\t\t<div class=\"elementor-widget-container\">\n\t\t\t\t\t\t\t\t\t<p>A Pol\u00edcia Civil de Santa Catarina, por meio da Delegacia de Repress\u00e3o a Roubos (DRR\/DIC Crici\u00fama), encerrou investiga\u00e7\u00e3o policial de roubo ocorrido no bairro Nossa Senhora da Salete, em Crici\u00fama. Dois homens com armas de fogo renderam a v\u00edtima e subtra\u00edram seu ve\u00edculo e pertences.<\/p><p>Os investigadores da Pol\u00edcia Civil atuaram em conjunto com a Pol\u00edcia Cient\u00edfica, com sucesso na identifica\u00e7\u00e3o dos envolvidos. O ve\u00edculo foi recuperado. Houve o indiciamento pelo crime de roubo com uso de arma de fogo e concurso de pessoas. A PC requereu a pris\u00e3o preventiva dos investigados. A dupla foi presa e segue recolhida.<\/p>\t\t\t\t\t\t\t\t<\/div>\n\t\t\t\t<\/div>\n\t\t\t\t\t<\/div>\n\t\t<\/div>\n\t\t\t\t\t<\/div>\n\t\t<\/section>\n\t\t\t\t<\/div>\n\t\t","protected":false},"excerpt":{"rendered":"<p>Pol\u00edcia Civil identifica e prende dupla por roubo armado de autom\u00f3vel em Crici\u00fama A Pol\u00edcia Civil de Santa Catarina, por meio da Delegacia de Repress\u00e3o a Roubos (DRR\/DIC Crici\u00fama), encerrou investiga\u00e7\u00e3o policial de roubo ocorrido no bairro Nossa Senhora da Salete, em Crici\u00fama. Dois homens com armas de fogo renderam a v\u00edtima e subtra\u00edram seu [&hellip;]<\/p>\n","protected":false},"author":5,"featured_media":23738,"comment_status":"closed","ping_status":"open","sticky":false,"template":"","format":"standard","meta":{"_monsterinsights_skip_tracking":false,"_monsterinsights_sitenote_active":false,"_monsterinsights_sitenote_note":"","_monsterinsights_sitenote_category":0,"footnotes":""},"categories":[1],"tags":[],"class_list":["post-23737","post","type-post","status-publish","format-standard","has-post-thumbnail","hentry","category-sem-categoria"],"_links":{"self":[{"href":"https:\/\/pc.sc.gov.br\/index.php?rest_route=\/wp\/v2\/posts\/23737","targetHints":{"allow":["GET"]}}],"collection":[{"href":"https:\/\/pc.sc.gov.br\/index.php?rest_route=\/wp\/v2\/posts"}],"about":[{"href":"https:\/\/pc.sc.gov.br\/index.php?rest_route=\/wp\/v2\/types\/post"}],"author":[{"embeddable":true,"href":"https:\/\/pc.sc.gov.br\/index.php?rest_route=\/wp\/v2\/users\/5"}],"replies":[{"embeddable":true,"href":"https:\/\/pc.sc.gov.br\/index.php?rest_route=%2Fwp%2Fv2%2Fcomments&post=23737"}],"version-history":[{"count":4,"href":"https:\/\/pc.sc.gov.br\/index.php?rest_route=\/wp\/v2\/posts\/23737\/revisions"}],"predecessor-version":[{"id":23742,"href":"https:\/\/pc.sc.gov.br\/index.php?rest_route=\/wp\/v2\/posts\/23737\/revisions\/23742"}],"wp:featuredmedia":[{"embeddable":true,"href":"https:\/\/pc.sc.gov.br\/index.php?rest_route=\/wp\/v2\/media\/23738"}],"wp:attachment":[{"href":"https:\/\/pc.sc.gov.br\/index.php?rest_route=%2Fwp%2Fv2%2Fmedia&parent=23737"}],"wp:term":[{"taxonomy":"category","embeddable":true,"href":"https:\/\/pc.sc.gov.br\/index.php?rest_route=%2Fwp%2Fv2%2Fcategories&post=23737"},{"taxonomy":"post_tag","embeddable":true,"href":"https:\/\/pc.sc.gov.br\/index.php?rest_route=%2Fwp%2Fv2%2Ftags&post=23737"}],"curies":[{"name":"wp","href":"https:\/\/api.w.org\/{rel}","templated":true}]}}