{"id":23799,"date":"2024-09-26T16:51:56","date_gmt":"2024-09-26T19:51:56","guid":{"rendered":"https:\/\/pc.sc.gov.br\/?p=23799"},"modified":"2024-09-26T16:53:55","modified_gmt":"2024-09-26T19:53:55","slug":"secretaria-de-seguranca-publica-e-chefes-das-forcas-se-reunem-para-alinhar-acoes-da-operacao-eleicoes-em-sc","status":"publish","type":"post","link":"https:\/\/pc.sc.gov.br\/?p=23799","title":{"rendered":"Secretaria de Seguran\u00e7a P\u00fablica e chefes das for\u00e7as se re\u00fanem para alinhar a\u00e7\u00f5es da Opera\u00e7\u00e3o Elei\u00e7\u00f5es em SC"},"content":{"rendered":"\t\t<div data-elementor-type=\"wp-post\" data-elementor-id=\"23799\" class=\"elementor elementor-23799\" data-elementor-post-type=\"post\">\n\t\t\t\t\t\t<section class=\"elementor-section elementor-top-section elementor-element elementor-element-881c316 elementor-section-boxed elementor-section-height-default elementor-section-height-default\" data-id=\"881c316\" data-element_type=\"section\">\n\t\t\t\t\t\t<div class=\"elementor-container elementor-column-gap-default\">\n\t\t\t\t\t<div class=\"elementor-column elementor-col-100 elementor-top-column elementor-element elementor-element-d9d5715\" data-id=\"d9d5715\" data-element_type=\"column\">\n\t\t\t<div class=\"elementor-widget-wrap elementor-element-populated\">\n\t\t\t\t\t\t<div class=\"elementor-element elementor-element-5d30ef8 elementor-widget elementor-widget-heading\" data-id=\"5d30ef8\" data-element_type=\"widget\" data-widget_type=\"heading.default\">\n\t\t\t\t<div class=\"elementor-widget-container\">\n\t\t\t\t\t<h2 class=\"elementor-heading-title elementor-size-default\">Secretaria de Seguran\u00e7a P\u00fablica e chefes das for\u00e7as se re\u00fanem para alinhar a\u00e7\u00f5es da Opera\u00e7\u00e3o Elei\u00e7\u00f5es em SC<\/h2>\t\t\t\t<\/div>\n\t\t\t\t<\/div>\n\t\t\t\t\t<\/div>\n\t\t<\/div>\n\t\t\t\t\t<\/div>\n\t\t<\/section>\n\t\t\t\t<section class=\"elementor-section elementor-top-section elementor-element elementor-element-b2e0273 elementor-section-boxed elementor-section-height-default elementor-section-height-default\" data-id=\"b2e0273\" data-element_type=\"section\">\n\t\t\t\t\t\t<div class=\"elementor-container elementor-column-gap-default\">\n\t\t\t\t\t<div class=\"elementor-column elementor-col-100 elementor-top-column elementor-element elementor-element-e6b8aa4\" data-id=\"e6b8aa4\" data-element_type=\"column\">\n\t\t\t<div class=\"elementor-widget-wrap elementor-element-populated\">\n\t\t\t\t\t\t<div class=\"elementor-element elementor-element-0ef26df elementor-widget elementor-widget-image\" data-id=\"0ef26df\" data-element_type=\"widget\" data-widget_type=\"image.default\">\n\t\t\t\t<div class=\"elementor-widget-container\">\n\t\t\t\t\t\t\t\t\t\t\t\t\t\t\t<img fetchpriority=\"high\" decoding=\"async\" width=\"696\" height=\"522\" src=\"https:\/\/pc.sc.gov.br\/\/wp-content\/uploads\/2024\/09\/20240926_134620-2048x1536-1-1024x768.jpg\" class=\"attachment-large size-large wp-image-23800\" alt=\"\" srcset=\"https:\/\/pc.sc.gov.br\/\/wp-content\/uploads\/2024\/09\/20240926_134620-2048x1536-1-1024x768.jpg 1024w, https:\/\/pc.sc.gov.br\/\/wp-content\/uploads\/2024\/09\/20240926_134620-2048x1536-1-300x225.jpg 300w, https:\/\/pc.sc.gov.br\/\/wp-content\/uploads\/2024\/09\/20240926_134620-2048x1536-1-768x576.jpg 768w, https:\/\/pc.sc.gov.br\/\/wp-content\/uploads\/2024\/09\/20240926_134620-2048x1536-1-1536x1152.jpg 1536w, https:\/\/pc.sc.gov.br\/\/wp-content\/uploads\/2024\/09\/20240926_134620-2048x1536-1.jpg 2048w\" sizes=\"(max-width: 696px) 100vw, 696px\" \/>\t\t\t\t\t\t\t\t\t\t\t\t\t\t\t<\/div>\n\t\t\t\t<\/div>\n\t\t\t\t\t<\/div>\n\t\t<\/div>\n\t\t\t\t\t<\/div>\n\t\t<\/section>\n\t\t\t\t<section class=\"elementor-section elementor-top-section elementor-element elementor-element-bb0ff7b elementor-section-boxed elementor-section-height-default elementor-section-height-default\" data-id=\"bb0ff7b\" data-element_type=\"section\">\n\t\t\t\t\t\t<div class=\"elementor-container elementor-column-gap-default\">\n\t\t\t\t\t<div class=\"elementor-column elementor-col-100 elementor-top-column elementor-element elementor-element-13c214f\" data-id=\"13c214f\" data-element_type=\"column\">\n\t\t\t<div class=\"elementor-widget-wrap elementor-element-populated\">\n\t\t\t\t\t\t<div class=\"elementor-element elementor-element-e7d930d elementor-widget elementor-widget-text-editor\" data-id=\"e7d930d\" data-element_type=\"widget\" data-widget_type=\"text-editor.default\">\n\t\t\t\t<div class=\"elementor-widget-container\">\n\t\t\t\t\t\t\t\t\t<p>Promover a seguran\u00e7a p\u00fablica necess\u00e1ria para a realiza\u00e7\u00e3o pac\u00edfica e segura do pleito eleitoral de 2024 nos munic\u00edpios em todo o Estado catarinense. Este foi o ponto principal definido em uma reuni\u00e3o na tarde desta quinta-feira, 26, entre a Secretaria de Estado da Seguran\u00e7a P\u00fablica de Santa Catarina (SSP-SC) e os chefes das for\u00e7as de Seguran\u00e7a \u2014 Pol\u00edcia Militar, Pol\u00edcia Civil, Corpo de Bombeiros Militar de SC e Pol\u00edcia Cient\u00edfica.<\/p>\n<p>O encontro, na sede da SSP-SC, foi presidido pelo secret\u00e1rio de Seguran\u00e7a P\u00fablica de SC designado, coronel Fl\u00e1vio Graff, e contou com a presen\u00e7a do comandante-geral da Pol\u00edcia Militar, coronel Aur\u00e9lio Pelozato; do delegado-geral da Pol\u00edcia Civil, Ulisses Gabriel; do comandante-geral do Corpo de Bombeiros Militar, coronel Fabiano Bastos e da perita-geral da Pol\u00edcia Cient\u00edfica, Andressa Boer Fronza, al\u00e9m de integrantes das \u00e1reas de intelig\u00eancia e assessores chefes.<\/p>\n<p>Haver\u00e1 atividades preventivas como a intensifica\u00e7\u00e3o do policiamento ostensivo com a Pol\u00edcia Militar em estado de prontid\u00e3o, assim como o Corpo de Bombeiros Militar, que tamb\u00e9m em prontid\u00e3o manter\u00e1 guarni\u00e7\u00f5es posicionadas pr\u00f3ximo \u00e0s principais se\u00e7\u00f5es eleitorais para prestar atendimentos necess\u00e1rios.&nbsp;<span style=\"font-family: var( --e-global-typography-text-font-family ), Sans-serif; font-size: var( --e-global-typography-text-font-size );\">As for\u00e7as de Seguran\u00e7a tamb\u00e9m dar\u00e3o apoio ao Tribunal Regional Eleitoral de Santa Catarina (TRE-SC), atrav\u00e9s do grupo de pronta resposta montado pelo pr\u00f3prio TRE-SC para atuar no dia elei\u00e7\u00e3o.&nbsp;<\/span><span style=\"font-family: var( --e-global-typography-text-font-family ), Sans-serif; font-size: var( --e-global-typography-text-font-size );\">A Pol\u00edcia Civil estar\u00e1 com todas as suas delegacias de pol\u00edcia abertas no dia das elei\u00e7\u00f5es (domingo, 6 de outubro), durante o expediente e hor\u00e1rio de vota\u00e7\u00e3o.<\/span><\/p>\n<p>Uma outra a\u00e7\u00e3o da Pol\u00edcia Civil ser\u00e1 a de realizar trabalho investigativo em casos de \u201cdeepfakes\u201d, ou seja, se surgirem not\u00edcias fantasiosas, por exemplo, com altera\u00e7\u00f5es de \u00e1udios e v\u00eddeos. A apura\u00e7\u00e3o dessas fraudes ter\u00e1 o apoio de especialistas da Pol\u00edcia Cient\u00edfica na produ\u00e7\u00e3o de laudos. A Pol\u00edcia Cient\u00edfica atuar\u00e1 com celeridade nessas an\u00e1lises.<\/p>\n<p>A Pol\u00edcia Civil tamb\u00e9m instalar\u00e1 um centro de apoio jur\u00eddico interno para que delegados da institui\u00e7\u00e3o pelo Estado possam tirar d\u00favidas ao se depararem diante de crimes eleitorais ou outras situa\u00e7\u00f5es.<\/p>\n<p>A Pol\u00edcia Militar ativar\u00e1 a sala de situa\u00e7\u00e3o da corpora\u00e7\u00e3o e mobilizar\u00e1 o efetivo no Estado, al\u00e9m dos 620 alunos soldados em forma\u00e7\u00e3o e os 300 sargentos que realizam curso.<\/p>\n<p>\u201cIntegra\u00e7\u00e3o e elei\u00e7\u00e3o em plena harmonia\u201d<\/p>\n<p>A realiza\u00e7\u00e3o de uma opera\u00e7\u00e3o com vi\u00e9s de integra\u00e7\u00e3o da seguran\u00e7a p\u00fablica foi um dos pontos tratados na reuni\u00e3o pelo secret\u00e1rio de Seguran\u00e7a P\u00fablica de SC, coronel Fl\u00e1vio Graff. \u201cReunimos aqui na Secretaria de Seguran\u00e7a P\u00fablica a Pol\u00edcia Militar, a Pol\u00edcia Civil, o Corpo de Bombeiros Militar e a Pol\u00edcia Cient\u00edfica para definir as a\u00e7\u00f5es de modo integrado e o que cabe a cada institui\u00e7\u00e3o a fim de uma consci\u00eancia situacional respeitando a autonomia institucional de cada for\u00e7a. Faremos um trabalho bastante acentuado no sentido de que tenhamos uma elei\u00e7\u00e3o em plena harmonia\u201d, projetou o secret\u00e1rio.<\/p>\n<p>\u201cLei Seca\u201d n\u00e3o ser\u00e1 aplicada no \u00e2mbito da SSP-SC<\/p>\n<p>No \u00e2mbito da Secretaria de Estado da Seguran\u00e7a P\u00fablica de Santa Catarina (SSP-SC), a pasta n\u00e3o editar\u00e1 medida de restri\u00e7\u00f5es ao consumo e \u00e0 venda de bebidas alco\u00f3licas, conhecida como \u201clei seca\u201d, nas Elei\u00e7\u00f5es Municipais de 2024, no Estado de Santa Catarina.<\/p>\n<p>\u201cO Estado de Santa Catarina \u00e9 o mais seguro do Pa\u00eds exatamente pela integra\u00e7\u00e3o das For\u00e7as. E em conversa com os l\u00edderes das For\u00e7as de Seguran\u00e7a, houve uma defini\u00e7\u00e3o de que n\u00f3s n\u00e3o decretaremos nada neste sentido, considerando que historicamente nas elei\u00e7\u00f5es em Santa Catarina o consumo das bebidas n\u00e3o extrapola a ponto de influenciar em ocorr\u00eancias de grande vulto nas elei\u00e7\u00f5es\u201d, afirmou o secret\u00e1rio, ressaltando que a Pol\u00edcia Militar, a Pol\u00edcia Civil, a Pol\u00edcia Cient\u00edfica e o Corpo de Bombeiros Militar atuar\u00e3o nas excepcionalidades que forem registradas.<\/p>\n<p>Reuni\u00e3o nacional<\/p>\n<p>Ainda nesta quinta-feira, 26, a Secretaria de Estado da Seguran\u00e7a P\u00fablica de SC participou de forma online de uma reuni\u00e3o com a Secretaria Nacional de Seguran\u00e7a P\u00fablica (Senasp) sobre a Opera\u00e7\u00e3o Elei\u00e7\u00f5es Municipais 2024 no Pa\u00eds, tanto a respeito do 1\u00ba turno quanto do 2\u00ba turno. Participaram todas as Secretarias de Seguran\u00e7a P\u00fablica dos estados da federa\u00e7\u00e3o.<\/p>\n<p>(Fotos: Divulga\u00e7\u00e3o SSP)<\/p>\t\t\t\t\t\t\t\t<\/div>\n\t\t\t\t<\/div>\n\t\t\t\t\t<\/div>\n\t\t<\/div>\n\t\t\t\t\t<\/div>\n\t\t<\/section>\n\t\t\t\t<\/div>\n\t\t","protected":false},"excerpt":{"rendered":"<p>Secretaria de Seguran\u00e7a P\u00fablica e chefes das for\u00e7as se re\u00fanem para alinhar a\u00e7\u00f5es da Opera\u00e7\u00e3o Elei\u00e7\u00f5es em SC Promover a seguran\u00e7a p\u00fablica necess\u00e1ria para a realiza\u00e7\u00e3o pac\u00edfica e segura do pleito eleitoral de 2024 nos munic\u00edpios em todo o Estado catarinense. Este foi o ponto principal definido em uma reuni\u00e3o na tarde desta quinta-feira, 26, [&hellip;]<\/p>\n","protected":false},"author":5,"featured_media":23800,"comment_status":"closed","ping_status":"open","sticky":false,"template":"","format":"standard","meta":{"_monsterinsights_skip_tracking":false,"_monsterinsights_sitenote_active":false,"_monsterinsights_sitenote_note":"","_monsterinsights_sitenote_category":0,"footnotes":""},"categories":[1],"tags":[],"class_list":["post-23799","post","type-post","status-publish","format-standard","has-post-thumbnail","hentry","category-sem-categoria"],"_links":{"self":[{"href":"https:\/\/pc.sc.gov.br\/index.php?rest_route=\/wp\/v2\/posts\/23799","targetHints":{"allow":["GET"]}}],"collection":[{"href":"https:\/\/pc.sc.gov.br\/index.php?rest_route=\/wp\/v2\/posts"}],"about":[{"href":"https:\/\/pc.sc.gov.br\/index.php?rest_route=\/wp\/v2\/types\/post"}],"author":[{"embeddable":true,"href":"https:\/\/pc.sc.gov.br\/index.php?rest_route=\/wp\/v2\/users\/5"}],"replies":[{"embeddable":true,"href":"https:\/\/pc.sc.gov.br\/index.php?rest_route=%2Fwp%2Fv2%2Fcomments&post=23799"}],"version-history":[{"count":3,"href":"https:\/\/pc.sc.gov.br\/index.php?rest_route=\/wp\/v2\/posts\/23799\/revisions"}],"predecessor-version":[{"id":23803,"href":"https:\/\/pc.sc.gov.br\/index.php?rest_route=\/wp\/v2\/posts\/23799\/revisions\/23803"}],"wp:featuredmedia":[{"embeddable":true,"href":"https:\/\/pc.sc.gov.br\/index.php?rest_route=\/wp\/v2\/media\/23800"}],"wp:attachment":[{"href":"https:\/\/pc.sc.gov.br\/index.php?rest_route=%2Fwp%2Fv2%2Fmedia&parent=23799"}],"wp:term":[{"taxonomy":"category","embeddable":true,"href":"https:\/\/pc.sc.gov.br\/index.php?rest_route=%2Fwp%2Fv2%2Fcategories&post=23799"},{"taxonomy":"post_tag","embeddable":true,"href":"https:\/\/pc.sc.gov.br\/index.php?rest_route=%2Fwp%2Fv2%2Ftags&post=23799"}],"curies":[{"name":"wp","href":"https:\/\/api.w.org\/{rel}","templated":true}]}}