{"id":23804,"date":"2024-09-26T17:58:37","date_gmt":"2024-09-26T20:58:37","guid":{"rendered":"https:\/\/pc.sc.gov.br\/?p=23804"},"modified":"2024-09-26T17:59:27","modified_gmt":"2024-09-26T20:59:27","slug":"dic-de-lages-prende-investigada-pela-pratica-do-crime-de-trafico-de-drogas","status":"publish","type":"post","link":"https:\/\/pc.sc.gov.br\/?p=23804","title":{"rendered":"DIC de Lages prende investigada pela pr\u00e1tica do crime de tr\u00e1fico de drogas"},"content":{"rendered":"\t\t<div data-elementor-type=\"wp-post\" data-elementor-id=\"23804\" class=\"elementor elementor-23804\" data-elementor-post-type=\"post\">\n\t\t\t\t\t\t<section class=\"elementor-section elementor-top-section elementor-element elementor-element-cfb7454 elementor-section-boxed elementor-section-height-default elementor-section-height-default\" data-id=\"cfb7454\" data-element_type=\"section\">\n\t\t\t\t\t\t<div class=\"elementor-container elementor-column-gap-default\">\n\t\t\t\t\t<div class=\"elementor-column elementor-col-100 elementor-top-column elementor-element elementor-element-b8f88aa\" data-id=\"b8f88aa\" data-element_type=\"column\">\n\t\t\t<div class=\"elementor-widget-wrap elementor-element-populated\">\n\t\t\t\t\t\t<div class=\"elementor-element elementor-element-8efae5e elementor-widget elementor-widget-heading\" data-id=\"8efae5e\" data-element_type=\"widget\" data-widget_type=\"heading.default\">\n\t\t\t\t<div class=\"elementor-widget-container\">\n\t\t\t\t\t<h2 class=\"elementor-heading-title elementor-size-default\">DIC de Lages prende investigada pela pr\u00e1tica do crime de tr\u00e1fico de drogas<\/h2>\t\t\t\t<\/div>\n\t\t\t\t<\/div>\n\t\t\t\t\t<\/div>\n\t\t<\/div>\n\t\t\t\t\t<\/div>\n\t\t<\/section>\n\t\t\t\t<section class=\"elementor-section elementor-top-section elementor-element elementor-element-d357b7b elementor-section-boxed elementor-section-height-default elementor-section-height-default\" data-id=\"d357b7b\" data-element_type=\"section\">\n\t\t\t\t\t\t<div class=\"elementor-container elementor-column-gap-default\">\n\t\t\t\t\t<div class=\"elementor-column elementor-col-100 elementor-top-column elementor-element elementor-element-af7ebdf\" data-id=\"af7ebdf\" data-element_type=\"column\">\n\t\t\t<div class=\"elementor-widget-wrap elementor-element-populated\">\n\t\t\t\t\t\t<div class=\"elementor-element elementor-element-9426c68 elementor-widget elementor-widget-image\" data-id=\"9426c68\" data-element_type=\"widget\" data-widget_type=\"image.default\">\n\t\t\t\t<div class=\"elementor-widget-container\">\n\t\t\t\t\t\t\t\t\t\t\t\t\t\t\t<img fetchpriority=\"high\" decoding=\"async\" width=\"696\" height=\"524\" src=\"https:\/\/pc.sc.gov.br\/\/wp-content\/uploads\/2024\/09\/aca42af1-177e-42c9-9a79-1f1c034cd1f3-fotor-20240926175817-1024x771.jpg\" class=\"attachment-large size-large wp-image-23806\" alt=\"\" srcset=\"https:\/\/pc.sc.gov.br\/\/wp-content\/uploads\/2024\/09\/aca42af1-177e-42c9-9a79-1f1c034cd1f3-fotor-20240926175817-1024x771.jpg 1024w, https:\/\/pc.sc.gov.br\/\/wp-content\/uploads\/2024\/09\/aca42af1-177e-42c9-9a79-1f1c034cd1f3-fotor-20240926175817-300x226.jpg 300w, https:\/\/pc.sc.gov.br\/\/wp-content\/uploads\/2024\/09\/aca42af1-177e-42c9-9a79-1f1c034cd1f3-fotor-20240926175817-768x578.jpg 768w, https:\/\/pc.sc.gov.br\/\/wp-content\/uploads\/2024\/09\/aca42af1-177e-42c9-9a79-1f1c034cd1f3-fotor-20240926175817-1536x1156.jpg 1536w, https:\/\/pc.sc.gov.br\/\/wp-content\/uploads\/2024\/09\/aca42af1-177e-42c9-9a79-1f1c034cd1f3-fotor-20240926175817.jpg 1600w\" sizes=\"(max-width: 696px) 100vw, 696px\" \/>\t\t\t\t\t\t\t\t\t\t\t\t\t\t\t<\/div>\n\t\t\t\t<\/div>\n\t\t\t\t\t<\/div>\n\t\t<\/div>\n\t\t\t\t\t<\/div>\n\t\t<\/section>\n\t\t\t\t<section class=\"elementor-section elementor-top-section elementor-element elementor-element-274c9cd elementor-section-boxed elementor-section-height-default elementor-section-height-default\" data-id=\"274c9cd\" data-element_type=\"section\">\n\t\t\t\t\t\t<div class=\"elementor-container elementor-column-gap-default\">\n\t\t\t\t\t<div class=\"elementor-column elementor-col-100 elementor-top-column elementor-element elementor-element-db66577\" data-id=\"db66577\" data-element_type=\"column\">\n\t\t\t<div class=\"elementor-widget-wrap elementor-element-populated\">\n\t\t\t\t\t\t<div class=\"elementor-element elementor-element-507730d elementor-widget elementor-widget-text-editor\" data-id=\"507730d\" data-element_type=\"widget\" data-widget_type=\"text-editor.default\">\n\t\t\t\t<div class=\"elementor-widget-container\">\n\t\t\t\t\t\t\t\t\t<p>A Pol\u00edcia Civil de Santa Catarina, por meio da Delegacia de Investiga\u00e7\u00f5es Criminais (DIC) de Lages, realizou no in\u00edcio desta tarde de quinta-feira, 26, no bairro V\u00e1rzea, em Lages, a pris\u00e3o de uma mulher, natural de Lages, pela pr\u00e1tica do crime de tr\u00e1fico de drogas, artigo 33 da Lei 11.343\/06.\u00a0<\/p><p>A investigada estava com a pris\u00e3o preventiva decretada pela justi\u00e7a catarinense e foi localizada pela equipe da DIC, em uma resid\u00eancia no bairro V\u00e1rzea. Ap\u00f3s a realiza\u00e7\u00e3o da pris\u00e3o, a investigada foi encaminhada para Unidade Prisional de Lages.<\/p>\t\t\t\t\t\t\t\t<\/div>\n\t\t\t\t<\/div>\n\t\t\t\t\t<\/div>\n\t\t<\/div>\n\t\t\t\t\t<\/div>\n\t\t<\/section>\n\t\t\t\t<\/div>\n\t\t","protected":false},"excerpt":{"rendered":"<p>DIC de Lages prende investigada pela pr\u00e1tica do crime de tr\u00e1fico de drogas A Pol\u00edcia Civil de Santa Catarina, por meio da Delegacia de Investiga\u00e7\u00f5es Criminais (DIC) de Lages, realizou no in\u00edcio desta tarde de quinta-feira, 26, no bairro V\u00e1rzea, em Lages, a pris\u00e3o de uma mulher, natural de Lages, pela pr\u00e1tica do crime de [&hellip;]<\/p>\n","protected":false},"author":5,"featured_media":23806,"comment_status":"closed","ping_status":"open","sticky":false,"template":"","format":"standard","meta":{"_monsterinsights_skip_tracking":false,"_monsterinsights_sitenote_active":false,"_monsterinsights_sitenote_note":"","_monsterinsights_sitenote_category":0,"footnotes":""},"categories":[1],"tags":[],"class_list":["post-23804","post","type-post","status-publish","format-standard","has-post-thumbnail","hentry","category-sem-categoria"],"_links":{"self":[{"href":"https:\/\/pc.sc.gov.br\/index.php?rest_route=\/wp\/v2\/posts\/23804","targetHints":{"allow":["GET"]}}],"collection":[{"href":"https:\/\/pc.sc.gov.br\/index.php?rest_route=\/wp\/v2\/posts"}],"about":[{"href":"https:\/\/pc.sc.gov.br\/index.php?rest_route=\/wp\/v2\/types\/post"}],"author":[{"embeddable":true,"href":"https:\/\/pc.sc.gov.br\/index.php?rest_route=\/wp\/v2\/users\/5"}],"replies":[{"embeddable":true,"href":"https:\/\/pc.sc.gov.br\/index.php?rest_route=%2Fwp%2Fv2%2Fcomments&post=23804"}],"version-history":[{"count":4,"href":"https:\/\/pc.sc.gov.br\/index.php?rest_route=\/wp\/v2\/posts\/23804\/revisions"}],"predecessor-version":[{"id":23810,"href":"https:\/\/pc.sc.gov.br\/index.php?rest_route=\/wp\/v2\/posts\/23804\/revisions\/23810"}],"wp:featuredmedia":[{"embeddable":true,"href":"https:\/\/pc.sc.gov.br\/index.php?rest_route=\/wp\/v2\/media\/23806"}],"wp:attachment":[{"href":"https:\/\/pc.sc.gov.br\/index.php?rest_route=%2Fwp%2Fv2%2Fmedia&parent=23804"}],"wp:term":[{"taxonomy":"category","embeddable":true,"href":"https:\/\/pc.sc.gov.br\/index.php?rest_route=%2Fwp%2Fv2%2Fcategories&post=23804"},{"taxonomy":"post_tag","embeddable":true,"href":"https:\/\/pc.sc.gov.br\/index.php?rest_route=%2Fwp%2Fv2%2Ftags&post=23804"}],"curies":[{"name":"wp","href":"https:\/\/api.w.org\/{rel}","templated":true}]}}