{"id":23918,"date":"2024-10-01T18:52:00","date_gmt":"2024-10-01T21:52:00","guid":{"rendered":"https:\/\/pc.sc.gov.br\/?p=23918"},"modified":"2024-10-01T18:52:40","modified_gmt":"2024-10-01T21:52:40","slug":"policia-civil-de-sc-presta-apoio-a-policia-civil-do-ceara-e-prende-homem-foragido-por-homicidio-qualificado-em-porto-belo","status":"publish","type":"post","link":"https:\/\/pc.sc.gov.br\/?p=23918","title":{"rendered":"Pol\u00edcia Civil de SC presta apoio \u00e0 Pol\u00edcia Civil do Cear\u00e1 e prende homem foragido por homic\u00eddio qualificado em Porto Belo"},"content":{"rendered":"\t\t<div data-elementor-type=\"wp-post\" data-elementor-id=\"23918\" class=\"elementor elementor-23918\" data-elementor-post-type=\"post\">\n\t\t\t\t\t\t<section class=\"elementor-section elementor-top-section elementor-element elementor-element-44fa32a elementor-section-boxed elementor-section-height-default elementor-section-height-default\" data-id=\"44fa32a\" data-element_type=\"section\">\n\t\t\t\t\t\t<div class=\"elementor-container elementor-column-gap-default\">\n\t\t\t\t\t<div class=\"elementor-column elementor-col-100 elementor-top-column elementor-element elementor-element-e856f69\" data-id=\"e856f69\" data-element_type=\"column\">\n\t\t\t<div class=\"elementor-widget-wrap elementor-element-populated\">\n\t\t\t\t\t\t<div class=\"elementor-element elementor-element-738bf99 elementor-widget elementor-widget-heading\" data-id=\"738bf99\" data-element_type=\"widget\" data-widget_type=\"heading.default\">\n\t\t\t\t<div class=\"elementor-widget-container\">\n\t\t\t\t\t<h2 class=\"elementor-heading-title elementor-size-default\">Pol\u00edcia Civil de SC presta apoio \u00e0 Pol\u00edcia Civil do Cear\u00e1 e prende homem foragido por homic\u00eddio qualificado em Porto Belo <\/h2>\t\t\t\t<\/div>\n\t\t\t\t<\/div>\n\t\t\t\t\t<\/div>\n\t\t<\/div>\n\t\t\t\t\t<\/div>\n\t\t<\/section>\n\t\t\t\t<section class=\"elementor-section elementor-top-section elementor-element elementor-element-99233d8 elementor-section-boxed elementor-section-height-default elementor-section-height-default\" data-id=\"99233d8\" data-element_type=\"section\">\n\t\t\t\t\t\t<div class=\"elementor-container elementor-column-gap-default\">\n\t\t\t\t\t<div class=\"elementor-column elementor-col-100 elementor-top-column elementor-element elementor-element-b42fec0\" data-id=\"b42fec0\" data-element_type=\"column\">\n\t\t\t<div class=\"elementor-widget-wrap elementor-element-populated\">\n\t\t\t\t\t\t<div class=\"elementor-element elementor-element-53d3ecd elementor-widget elementor-widget-image\" data-id=\"53d3ecd\" data-element_type=\"widget\" data-widget_type=\"image.default\">\n\t\t\t\t<div class=\"elementor-widget-container\">\n\t\t\t\t\t\t\t\t\t\t\t\t\t\t\t<img fetchpriority=\"high\" decoding=\"async\" width=\"696\" height=\"521\" src=\"https:\/\/pc.sc.gov.br\/\/wp-content\/uploads\/2024\/06\/DEIC-1024x767.jpg\" class=\"attachment-large size-large wp-image-21428\" alt=\"\" srcset=\"https:\/\/pc.sc.gov.br\/\/wp-content\/uploads\/2024\/06\/DEIC-1024x767.jpg 1024w, https:\/\/pc.sc.gov.br\/\/wp-content\/uploads\/2024\/06\/DEIC-300x225.jpg 300w, https:\/\/pc.sc.gov.br\/\/wp-content\/uploads\/2024\/06\/DEIC-768x575.jpg 768w, https:\/\/pc.sc.gov.br\/\/wp-content\/uploads\/2024\/06\/DEIC.jpg 1280w\" sizes=\"(max-width: 696px) 100vw, 696px\" \/>\t\t\t\t\t\t\t\t\t\t\t\t\t\t\t<\/div>\n\t\t\t\t<\/div>\n\t\t\t\t\t<\/div>\n\t\t<\/div>\n\t\t\t\t\t<\/div>\n\t\t<\/section>\n\t\t\t\t<section class=\"elementor-section elementor-top-section elementor-element elementor-element-90a921f elementor-section-boxed elementor-section-height-default elementor-section-height-default\" data-id=\"90a921f\" data-element_type=\"section\">\n\t\t\t\t\t\t<div class=\"elementor-container elementor-column-gap-default\">\n\t\t\t\t\t<div class=\"elementor-column elementor-col-100 elementor-top-column elementor-element elementor-element-6a645fd\" data-id=\"6a645fd\" data-element_type=\"column\">\n\t\t\t<div class=\"elementor-widget-wrap elementor-element-populated\">\n\t\t\t\t\t\t<div class=\"elementor-element elementor-element-8bc8d69 elementor-widget elementor-widget-text-editor\" data-id=\"8bc8d69\" data-element_type=\"widget\" data-widget_type=\"text-editor.default\">\n\t\t\t\t<div class=\"elementor-widget-container\">\n\t\t\t\t\t\t\t\t\t<p>Nesta ter\u00e7a-feira (01\/10), a Pol\u00edcia Civil de Santa Catarina, por meio da Delegacia de Defrauda\u00e7\u00f5es da Diretoria Estadual de Investiga\u00e7\u00f5es Criminais, em apoio \u00e0 Pol\u00edcia Civil do Cear\u00e1, cumpriu mandado de pris\u00e3o preventiva em desfavor de uma das lideran\u00e7as de famosa fac\u00e7\u00e3o criminosa do estado do Cear\u00e1.<\/p><p>O investigado, membro de organiza\u00e7\u00e3o criminosa atuante na regi\u00e3o de Morada Nova\/CE, \u00e9 o autor de diversos homic\u00eddios na regi\u00e3o, inclusive homic\u00eddio qualificado. O n\u00facleo operacional DPJISUL-Fortaleza da PCCE conseguiu identificar o local onde o foragido estava ap\u00f3s trabalho realizado pela Intelig\u00eancia da Delegacia Regional de Russas\/CE.<\/p><p>O foragido se evadiu do Cear\u00e1, vindo para a regi\u00e3o litor\u00e2nea de Santa Catarina, ap\u00f3s seu genro, chefe da organiza\u00e7\u00e3o criminosa ser preso na cidade de Navegantes. O foragido foi encontrado e preso na cidade de Porto Belo, por policiais civis lotados na Delegacia de Defrauda\u00e7\u00f5es da DEIC\/SC.<\/p>\t\t\t\t\t\t\t\t<\/div>\n\t\t\t\t<\/div>\n\t\t\t\t\t<\/div>\n\t\t<\/div>\n\t\t\t\t\t<\/div>\n\t\t<\/section>\n\t\t\t\t<\/div>\n\t\t","protected":false},"excerpt":{"rendered":"<p>Pol\u00edcia Civil de SC presta apoio \u00e0 Pol\u00edcia Civil do Cear\u00e1 e prende homem foragido por homic\u00eddio qualificado em Porto Belo Nesta ter\u00e7a-feira (01\/10), a Pol\u00edcia Civil de Santa Catarina, por meio da Delegacia de Defrauda\u00e7\u00f5es da Diretoria Estadual de Investiga\u00e7\u00f5es Criminais, em apoio \u00e0 Pol\u00edcia Civil do Cear\u00e1, cumpriu mandado de pris\u00e3o preventiva em [&hellip;]<\/p>\n","protected":false},"author":5,"featured_media":21428,"comment_status":"closed","ping_status":"open","sticky":false,"template":"","format":"standard","meta":{"_monsterinsights_skip_tracking":false,"_monsterinsights_sitenote_active":false,"_monsterinsights_sitenote_note":"","_monsterinsights_sitenote_category":0,"footnotes":""},"categories":[1],"tags":[],"class_list":["post-23918","post","type-post","status-publish","format-standard","has-post-thumbnail","hentry","category-sem-categoria"],"_links":{"self":[{"href":"https:\/\/pc.sc.gov.br\/index.php?rest_route=\/wp\/v2\/posts\/23918","targetHints":{"allow":["GET"]}}],"collection":[{"href":"https:\/\/pc.sc.gov.br\/index.php?rest_route=\/wp\/v2\/posts"}],"about":[{"href":"https:\/\/pc.sc.gov.br\/index.php?rest_route=\/wp\/v2\/types\/post"}],"author":[{"embeddable":true,"href":"https:\/\/pc.sc.gov.br\/index.php?rest_route=\/wp\/v2\/users\/5"}],"replies":[{"embeddable":true,"href":"https:\/\/pc.sc.gov.br\/index.php?rest_route=%2Fwp%2Fv2%2Fcomments&post=23918"}],"version-history":[{"count":4,"href":"https:\/\/pc.sc.gov.br\/index.php?rest_route=\/wp\/v2\/posts\/23918\/revisions"}],"predecessor-version":[{"id":23922,"href":"https:\/\/pc.sc.gov.br\/index.php?rest_route=\/wp\/v2\/posts\/23918\/revisions\/23922"}],"wp:featuredmedia":[{"embeddable":true,"href":"https:\/\/pc.sc.gov.br\/index.php?rest_route=\/wp\/v2\/media\/21428"}],"wp:attachment":[{"href":"https:\/\/pc.sc.gov.br\/index.php?rest_route=%2Fwp%2Fv2%2Fmedia&parent=23918"}],"wp:term":[{"taxonomy":"category","embeddable":true,"href":"https:\/\/pc.sc.gov.br\/index.php?rest_route=%2Fwp%2Fv2%2Fcategories&post=23918"},{"taxonomy":"post_tag","embeddable":true,"href":"https:\/\/pc.sc.gov.br\/index.php?rest_route=%2Fwp%2Fv2%2Ftags&post=23918"}],"curies":[{"name":"wp","href":"https:\/\/api.w.org\/{rel}","templated":true}]}}