{"id":23923,"date":"2024-10-01T19:18:06","date_gmt":"2024-10-01T22:18:06","guid":{"rendered":"https:\/\/pc.sc.gov.br\/?p=23923"},"modified":"2024-10-01T19:18:55","modified_gmt":"2024-10-01T22:18:55","slug":"policia-civil-deflagra-operacao-conjunta-com-a-vigilancia-sanitaria-apreende-medicamentos-controlados-e-anabolizantes-e-prende-homem-em-flagrante-na-capital","status":"publish","type":"post","link":"https:\/\/pc.sc.gov.br\/?p=23923","title":{"rendered":"Pol\u00edcia Civil deflagra opera\u00e7\u00e3o conjunta com a Vigil\u00e2ncia Sanit\u00e1ria, apreende medicamentos controlados e anabolizantes e prende homem em flagrante na Capital"},"content":{"rendered":"\t\t<div data-elementor-type=\"wp-post\" data-elementor-id=\"23923\" class=\"elementor elementor-23923\" data-elementor-post-type=\"post\">\n\t\t\t\t\t\t<section class=\"elementor-section elementor-top-section elementor-element elementor-element-9dcd708 elementor-section-boxed elementor-section-height-default elementor-section-height-default\" data-id=\"9dcd708\" data-element_type=\"section\">\n\t\t\t\t\t\t<div class=\"elementor-container elementor-column-gap-default\">\n\t\t\t\t\t<div class=\"elementor-column elementor-col-100 elementor-top-column elementor-element elementor-element-cc79bab\" data-id=\"cc79bab\" data-element_type=\"column\">\n\t\t\t<div class=\"elementor-widget-wrap elementor-element-populated\">\n\t\t\t\t\t\t<div class=\"elementor-element elementor-element-429b2b9 elementor-widget elementor-widget-heading\" data-id=\"429b2b9\" data-element_type=\"widget\" data-widget_type=\"heading.default\">\n\t\t\t\t<div class=\"elementor-widget-container\">\n\t\t\t\t\t<h2 class=\"elementor-heading-title elementor-size-default\">Pol\u00edcia Civil deflagra opera\u00e7\u00e3o conjunta com a Vigil\u00e2ncia Sanit\u00e1ria, apreende medicamentos controlados e anabolizantes e prende homem em flagrante na Capital <\/h2>\t\t\t\t<\/div>\n\t\t\t\t<\/div>\n\t\t\t\t\t<\/div>\n\t\t<\/div>\n\t\t\t\t\t<\/div>\n\t\t<\/section>\n\t\t\t\t<section class=\"elementor-section elementor-top-section elementor-element elementor-element-4510e00 elementor-section-boxed elementor-section-height-default elementor-section-height-default\" data-id=\"4510e00\" data-element_type=\"section\">\n\t\t\t\t\t\t<div class=\"elementor-container elementor-column-gap-default\">\n\t\t\t\t\t<div class=\"elementor-column elementor-col-100 elementor-top-column elementor-element elementor-element-3cf626f\" data-id=\"3cf626f\" data-element_type=\"column\">\n\t\t\t<div class=\"elementor-widget-wrap elementor-element-populated\">\n\t\t\t\t\t\t<div class=\"elementor-element elementor-element-bfaf9bb elementor-widget elementor-widget-image\" data-id=\"bfaf9bb\" data-element_type=\"widget\" data-widget_type=\"image.default\">\n\t\t\t\t<div class=\"elementor-widget-container\">\n\t\t\t\t\t\t\t\t\t\t\t\t\t\t\t<img fetchpriority=\"high\" decoding=\"async\" width=\"696\" height=\"370\" src=\"https:\/\/pc.sc.gov.br\/\/wp-content\/uploads\/2024\/10\/WhatsApp-Image-2024-10-01-at-18.45.27-1024x545.jpeg\" class=\"attachment-large size-large wp-image-23924\" alt=\"\" srcset=\"https:\/\/pc.sc.gov.br\/\/wp-content\/uploads\/2024\/10\/WhatsApp-Image-2024-10-01-at-18.45.27-1024x545.jpeg 1024w, https:\/\/pc.sc.gov.br\/\/wp-content\/uploads\/2024\/10\/WhatsApp-Image-2024-10-01-at-18.45.27-300x160.jpeg 300w, https:\/\/pc.sc.gov.br\/\/wp-content\/uploads\/2024\/10\/WhatsApp-Image-2024-10-01-at-18.45.27-768x409.jpeg 768w, https:\/\/pc.sc.gov.br\/\/wp-content\/uploads\/2024\/10\/WhatsApp-Image-2024-10-01-at-18.45.27-1536x817.jpeg 1536w, https:\/\/pc.sc.gov.br\/\/wp-content\/uploads\/2024\/10\/WhatsApp-Image-2024-10-01-at-18.45.27.jpeg 1599w\" sizes=\"(max-width: 696px) 100vw, 696px\" \/>\t\t\t\t\t\t\t\t\t\t\t\t\t\t\t<\/div>\n\t\t\t\t<\/div>\n\t\t\t\t\t<\/div>\n\t\t<\/div>\n\t\t\t\t\t<\/div>\n\t\t<\/section>\n\t\t\t\t<section class=\"elementor-section elementor-top-section elementor-element elementor-element-99e7be4 elementor-section-boxed elementor-section-height-default elementor-section-height-default\" data-id=\"99e7be4\" data-element_type=\"section\">\n\t\t\t\t\t\t<div class=\"elementor-container elementor-column-gap-default\">\n\t\t\t\t\t<div class=\"elementor-column elementor-col-100 elementor-top-column elementor-element elementor-element-44a7e53\" data-id=\"44a7e53\" data-element_type=\"column\">\n\t\t\t<div class=\"elementor-widget-wrap elementor-element-populated\">\n\t\t\t\t\t\t<div class=\"elementor-element elementor-element-169d443 elementor-widget elementor-widget-text-editor\" data-id=\"169d443\" data-element_type=\"widget\" data-widget_type=\"text-editor.default\">\n\t\t\t\t<div class=\"elementor-widget-container\">\n\t\t\t\t\t\t\t\t\t<p>A Pol\u00edcia Civil de Santa Catarina, por meio da Delegacia de Combate \u00e0s Drogas do Departamento de Investiga\u00e7\u00e3o Criminal de Florian\u00f3polis (DECOD\/DIC), juntamente com o N\u00facleo de Intelig\u00eancia (NINT\/DPGF) e a Vigil\u00e2ncia Sanit\u00e1ria de Florian\u00f3polis, realizou uma opera\u00e7\u00e3o, na data de hoje (01\/10), no bairro Monte Verde, na Capital. A a\u00e7\u00e3o foi desencadeada ap\u00f3s investiga\u00e7\u00f5es que identificaram um local onde eram vendidos medicamentos controlados e anabolizantes de forma irregular.<\/p><p>Durante a opera\u00e7\u00e3o, foi apreendida uma grande quantidade de medicamentos controlados e anabolizantes, que eram comercializados e administrados no local sem qualquer alvar\u00e1 ou autoriza\u00e7\u00e3o das autoridades competentes. A variedade de produtos encontrados evidencia a dimens\u00e3o da atividade ilegal e o risco para a sa\u00fade p\u00fablica. O respons\u00e1vel pelo local foi preso em flagrante e conduzido \u00e0 delegacia para os procedimentos legais. Ap\u00f3s a lavratura da pris\u00e3o, o indiv\u00edduo foi colocado \u00e0 disposi\u00e7\u00e3o da Justi\u00e7a.<\/p><p>A opera\u00e7\u00e3o de hoje refor\u00e7a o compromisso das for\u00e7as policiais e da Vigil\u00e2ncia Sanit\u00e1ria em coibir o com\u00e9rcio ilegal de subst\u00e2ncias controladas e proteger a sa\u00fade da popula\u00e7\u00e3o. A DECOD destaca a import\u00e2ncia da colabora\u00e7\u00e3o interinstitucional e da fiscaliza\u00e7\u00e3o cont\u00ednua para a manuten\u00e7\u00e3o da ordem e seguran\u00e7a na capital.<\/p><p>A DECOD reitera o convite \u00e0 popula\u00e7\u00e3o para que participe. As informa\u00e7\u00f5es podem ser enviadas anonimamente por meio do n\u00famero 181, pelo WhatsApp da Pol\u00edcia Civil de Santa Catarina (48 98844-0011), ou diretamente \u00e0 DECOD.<\/p>\t\t\t\t\t\t\t\t<\/div>\n\t\t\t\t<\/div>\n\t\t\t\t\t<\/div>\n\t\t<\/div>\n\t\t\t\t\t<\/div>\n\t\t<\/section>\n\t\t\t\t<\/div>\n\t\t","protected":false},"excerpt":{"rendered":"<p>Pol\u00edcia Civil deflagra opera\u00e7\u00e3o conjunta com a Vigil\u00e2ncia Sanit\u00e1ria, apreende medicamentos controlados e anabolizantes e prende homem em flagrante na Capital A Pol\u00edcia Civil de Santa Catarina, por meio da Delegacia de Combate \u00e0s Drogas do Departamento de Investiga\u00e7\u00e3o Criminal de Florian\u00f3polis (DECOD\/DIC), juntamente com o N\u00facleo de Intelig\u00eancia (NINT\/DPGF) e a Vigil\u00e2ncia Sanit\u00e1ria de [&hellip;]<\/p>\n","protected":false},"author":5,"featured_media":23924,"comment_status":"closed","ping_status":"open","sticky":false,"template":"","format":"standard","meta":{"_monsterinsights_skip_tracking":false,"_monsterinsights_sitenote_active":false,"_monsterinsights_sitenote_note":"","_monsterinsights_sitenote_category":0,"footnotes":""},"categories":[1],"tags":[],"class_list":["post-23923","post","type-post","status-publish","format-standard","has-post-thumbnail","hentry","category-sem-categoria"],"_links":{"self":[{"href":"https:\/\/pc.sc.gov.br\/index.php?rest_route=\/wp\/v2\/posts\/23923","targetHints":{"allow":["GET"]}}],"collection":[{"href":"https:\/\/pc.sc.gov.br\/index.php?rest_route=\/wp\/v2\/posts"}],"about":[{"href":"https:\/\/pc.sc.gov.br\/index.php?rest_route=\/wp\/v2\/types\/post"}],"author":[{"embeddable":true,"href":"https:\/\/pc.sc.gov.br\/index.php?rest_route=\/wp\/v2\/users\/5"}],"replies":[{"embeddable":true,"href":"https:\/\/pc.sc.gov.br\/index.php?rest_route=%2Fwp%2Fv2%2Fcomments&post=23923"}],"version-history":[{"count":4,"href":"https:\/\/pc.sc.gov.br\/index.php?rest_route=\/wp\/v2\/posts\/23923\/revisions"}],"predecessor-version":[{"id":23929,"href":"https:\/\/pc.sc.gov.br\/index.php?rest_route=\/wp\/v2\/posts\/23923\/revisions\/23929"}],"wp:featuredmedia":[{"embeddable":true,"href":"https:\/\/pc.sc.gov.br\/index.php?rest_route=\/wp\/v2\/media\/23924"}],"wp:attachment":[{"href":"https:\/\/pc.sc.gov.br\/index.php?rest_route=%2Fwp%2Fv2%2Fmedia&parent=23923"}],"wp:term":[{"taxonomy":"category","embeddable":true,"href":"https:\/\/pc.sc.gov.br\/index.php?rest_route=%2Fwp%2Fv2%2Fcategories&post=23923"},{"taxonomy":"post_tag","embeddable":true,"href":"https:\/\/pc.sc.gov.br\/index.php?rest_route=%2Fwp%2Fv2%2Ftags&post=23923"}],"curies":[{"name":"wp","href":"https:\/\/api.w.org\/{rel}","templated":true}]}}