{"id":23986,"date":"2024-10-03T19:00:41","date_gmt":"2024-10-03T22:00:41","guid":{"rendered":"https:\/\/pc.sc.gov.br\/?p=23986"},"modified":"2024-10-03T19:03:46","modified_gmt":"2024-10-03T22:03:46","slug":"policia-civil-identifica-e-interroga-homem-que-atropelou-e-matou-ciclista-em-ermo","status":"publish","type":"post","link":"https:\/\/pc.sc.gov.br\/?p=23986","title":{"rendered":"Pol\u00edcia Civil identifica e interroga homem que atropelou e matou ciclista em Ermo"},"content":{"rendered":"\t\t<div data-elementor-type=\"wp-post\" data-elementor-id=\"23986\" class=\"elementor elementor-23986\" data-elementor-post-type=\"post\">\n\t\t\t\t\t\t<section class=\"elementor-section elementor-top-section elementor-element elementor-element-7a2e7be elementor-section-boxed elementor-section-height-default elementor-section-height-default\" data-id=\"7a2e7be\" data-element_type=\"section\">\n\t\t\t\t\t\t<div class=\"elementor-container elementor-column-gap-default\">\n\t\t\t\t\t<div class=\"elementor-column elementor-col-100 elementor-top-column elementor-element elementor-element-861d9df\" data-id=\"861d9df\" data-element_type=\"column\">\n\t\t\t<div class=\"elementor-widget-wrap elementor-element-populated\">\n\t\t\t\t\t\t<div class=\"elementor-element elementor-element-741e5c8 elementor-widget elementor-widget-heading\" data-id=\"741e5c8\" data-element_type=\"widget\" data-widget_type=\"heading.default\">\n\t\t\t\t<div class=\"elementor-widget-container\">\n\t\t\t\t\t<h2 class=\"elementor-heading-title elementor-size-default\">Pol\u00edcia Civil identifica e interroga homem que atropelou e matou ciclista em Ermo<\/h2>\t\t\t\t<\/div>\n\t\t\t\t<\/div>\n\t\t\t\t\t<\/div>\n\t\t<\/div>\n\t\t\t\t\t<\/div>\n\t\t<\/section>\n\t\t\t\t<section class=\"elementor-section elementor-top-section elementor-element elementor-element-0869818 elementor-section-boxed elementor-section-height-default elementor-section-height-default\" data-id=\"0869818\" data-element_type=\"section\">\n\t\t\t\t\t\t<div class=\"elementor-container elementor-column-gap-default\">\n\t\t\t\t\t<div class=\"elementor-column elementor-col-100 elementor-top-column elementor-element elementor-element-149dd94\" data-id=\"149dd94\" data-element_type=\"column\">\n\t\t\t<div class=\"elementor-widget-wrap elementor-element-populated\">\n\t\t\t\t\t\t<div class=\"elementor-element elementor-element-e0f8181 elementor-widget elementor-widget-image\" data-id=\"e0f8181\" data-element_type=\"widget\" data-widget_type=\"image.default\">\n\t\t\t\t<div class=\"elementor-widget-container\">\n\t\t\t\t\t\t\t\t\t\t\t\t\t\t\t<img fetchpriority=\"high\" decoding=\"async\" width=\"696\" height=\"928\" src=\"https:\/\/pc.sc.gov.br\/\/wp-content\/uploads\/2024\/10\/WhatsApp-Image-2024-10-03-at-18.45.19-768x1024.jpeg\" class=\"attachment-large size-large wp-image-23987\" alt=\"\" srcset=\"https:\/\/pc.sc.gov.br\/\/wp-content\/uploads\/2024\/10\/WhatsApp-Image-2024-10-03-at-18.45.19-768x1024.jpeg 768w, https:\/\/pc.sc.gov.br\/\/wp-content\/uploads\/2024\/10\/WhatsApp-Image-2024-10-03-at-18.45.19-225x300.jpeg 225w, https:\/\/pc.sc.gov.br\/\/wp-content\/uploads\/2024\/10\/WhatsApp-Image-2024-10-03-at-18.45.19-1152x1536.jpeg 1152w, https:\/\/pc.sc.gov.br\/\/wp-content\/uploads\/2024\/10\/WhatsApp-Image-2024-10-03-at-18.45.19.jpeg 1200w\" sizes=\"(max-width: 696px) 100vw, 696px\" \/>\t\t\t\t\t\t\t\t\t\t\t\t\t\t\t<\/div>\n\t\t\t\t<\/div>\n\t\t\t\t\t<\/div>\n\t\t<\/div>\n\t\t\t\t\t<\/div>\n\t\t<\/section>\n\t\t\t\t<section class=\"elementor-section elementor-top-section elementor-element elementor-element-df235c0 elementor-section-boxed elementor-section-height-default elementor-section-height-default\" data-id=\"df235c0\" data-element_type=\"section\">\n\t\t\t\t\t\t<div class=\"elementor-container elementor-column-gap-default\">\n\t\t\t\t\t<div class=\"elementor-column elementor-col-100 elementor-top-column elementor-element elementor-element-3b86dad\" data-id=\"3b86dad\" data-element_type=\"column\">\n\t\t\t<div class=\"elementor-widget-wrap elementor-element-populated\">\n\t\t\t\t\t\t<div class=\"elementor-element elementor-element-d795f12 elementor-widget elementor-widget-text-editor\" data-id=\"d795f12\" data-element_type=\"widget\" data-widget_type=\"text-editor.default\">\n\t\t\t\t<div class=\"elementor-widget-container\">\n\t\t\t\t\t\t\t\t\t<p>A Pol\u00edcia Civil de Santa Catarina por meio da Delegacia de Pol\u00edcia de Ermo informou nesta quinta-feira, 3, que identificou e interrogou o autor de um homic\u00eddio culposo, na dire\u00e7\u00e3o de ve\u00edculo automotor, ocorrido na noite de 28 de setembro de 2024, por volta das 21h, na SC 295, em Ermo. O tr\u00e1gico acidente vitimou um ciclista de 28 anos atingido por uma camioneta Ford F250. O homem n\u00e3o foi preso e o inqu\u00e9rito dever\u00e1 ser conclu\u00eddo dentro do prazo legal.<\/p><p>Segundo as investiga\u00e7\u00f5es, o condutor do ve\u00edculo n\u00e3o prestou socorro \u00e0 v\u00edtima e evadiu-se do local imediatamente ap\u00f3s o ocorrido, tendo ficado escondido at\u00e9 hoje, 3, quando foi localizado pela pol\u00edcia. As dilig\u00eancias realizadas pela PCSC, que inclu\u00edram a an\u00e1lise de imagens de c\u00e2meras de seguran\u00e7a das proximidades, foram fundamentais para comprovar a participa\u00e7\u00e3o do autor no crime.<\/p><p>O suspeito foi interrogado, confirmou o envolvimento no acidente e est\u00e1 colaborando com a investiga\u00e7\u00e3o. A identifica\u00e7\u00e3o do condutor refor\u00e7a o compromisso da Pol\u00edcia Civil em apurar a verdade dos fatos e garantir que a justi\u00e7a seja feita.<\/p>\t\t\t\t\t\t\t\t<\/div>\n\t\t\t\t<\/div>\n\t\t\t\t\t<\/div>\n\t\t<\/div>\n\t\t\t\t\t<\/div>\n\t\t<\/section>\n\t\t\t\t<\/div>\n\t\t","protected":false},"excerpt":{"rendered":"<p>Pol\u00edcia Civil identifica e interroga homem que atropelou e matou ciclista em Ermo A Pol\u00edcia Civil de Santa Catarina por meio da Delegacia de Pol\u00edcia de Ermo informou nesta quinta-feira, 3, que identificou e interrogou o autor de um homic\u00eddio culposo, na dire\u00e7\u00e3o de ve\u00edculo automotor, ocorrido na noite de 28 de setembro de 2024, [&hellip;]<\/p>\n","protected":false},"author":5,"featured_media":23987,"comment_status":"closed","ping_status":"open","sticky":false,"template":"","format":"standard","meta":{"_monsterinsights_skip_tracking":false,"_monsterinsights_sitenote_active":false,"_monsterinsights_sitenote_note":"","_monsterinsights_sitenote_category":0,"footnotes":""},"categories":[1],"tags":[],"class_list":["post-23986","post","type-post","status-publish","format-standard","has-post-thumbnail","hentry","category-sem-categoria"],"_links":{"self":[{"href":"https:\/\/pc.sc.gov.br\/index.php?rest_route=\/wp\/v2\/posts\/23986","targetHints":{"allow":["GET"]}}],"collection":[{"href":"https:\/\/pc.sc.gov.br\/index.php?rest_route=\/wp\/v2\/posts"}],"about":[{"href":"https:\/\/pc.sc.gov.br\/index.php?rest_route=\/wp\/v2\/types\/post"}],"author":[{"embeddable":true,"href":"https:\/\/pc.sc.gov.br\/index.php?rest_route=\/wp\/v2\/users\/5"}],"replies":[{"embeddable":true,"href":"https:\/\/pc.sc.gov.br\/index.php?rest_route=%2Fwp%2Fv2%2Fcomments&post=23986"}],"version-history":[{"count":6,"href":"https:\/\/pc.sc.gov.br\/index.php?rest_route=\/wp\/v2\/posts\/23986\/revisions"}],"predecessor-version":[{"id":23993,"href":"https:\/\/pc.sc.gov.br\/index.php?rest_route=\/wp\/v2\/posts\/23986\/revisions\/23993"}],"wp:featuredmedia":[{"embeddable":true,"href":"https:\/\/pc.sc.gov.br\/index.php?rest_route=\/wp\/v2\/media\/23987"}],"wp:attachment":[{"href":"https:\/\/pc.sc.gov.br\/index.php?rest_route=%2Fwp%2Fv2%2Fmedia&parent=23986"}],"wp:term":[{"taxonomy":"category","embeddable":true,"href":"https:\/\/pc.sc.gov.br\/index.php?rest_route=%2Fwp%2Fv2%2Fcategories&post=23986"},{"taxonomy":"post_tag","embeddable":true,"href":"https:\/\/pc.sc.gov.br\/index.php?rest_route=%2Fwp%2Fv2%2Ftags&post=23986"}],"curies":[{"name":"wp","href":"https:\/\/api.w.org\/{rel}","templated":true}]}}