{"id":24007,"date":"2024-10-04T16:56:00","date_gmt":"2024-10-04T19:56:00","guid":{"rendered":"https:\/\/pc.sc.gov.br\/?p=24007"},"modified":"2024-10-04T16:59:19","modified_gmt":"2024-10-04T19:59:19","slug":"acadepol-sedia-a-7a-competicao-sul-americana-de-caes-de-trabalho-que-contara-com-a-participacao-de-pelo-menos-52-binomios","status":"publish","type":"post","link":"https:\/\/pc.sc.gov.br\/?p=24007","title":{"rendered":"ACADEPOL sedia a 7\u00aa Competi\u00e7\u00e3o Sul-americana de C\u00e3es de Trabalho que contar\u00e1 com a participa\u00e7\u00e3o de pelo menos 52 bin\u00f4mios"},"content":{"rendered":"\t\t<div data-elementor-type=\"wp-post\" data-elementor-id=\"24007\" class=\"elementor elementor-24007\" data-elementor-post-type=\"post\">\n\t\t\t\t\t\t<section class=\"elementor-section elementor-top-section elementor-element elementor-element-93e9464 elementor-section-boxed elementor-section-height-default elementor-section-height-default\" data-id=\"93e9464\" data-element_type=\"section\">\n\t\t\t\t\t\t<div class=\"elementor-container elementor-column-gap-default\">\n\t\t\t\t\t<div class=\"elementor-column elementor-col-100 elementor-top-column elementor-element elementor-element-8230bfe\" data-id=\"8230bfe\" data-element_type=\"column\">\n\t\t\t<div class=\"elementor-widget-wrap elementor-element-populated\">\n\t\t\t\t\t\t<div class=\"elementor-element elementor-element-3e6c3de elementor-widget elementor-widget-heading\" data-id=\"3e6c3de\" data-element_type=\"widget\" data-widget_type=\"heading.default\">\n\t\t\t\t<div class=\"elementor-widget-container\">\n\t\t\t\t\t<h2 class=\"elementor-heading-title elementor-size-default\">ACADEPOL sedia a 7\u00aa Competi\u00e7\u00e3o Sul-americana de C\u00e3es de Trabalho que contar\u00e1 com a participa\u00e7\u00e3o de pelo menos 52 bin\u00f4mios<\/h2>\t\t\t\t<\/div>\n\t\t\t\t<\/div>\n\t\t\t\t\t<\/div>\n\t\t<\/div>\n\t\t\t\t\t<\/div>\n\t\t<\/section>\n\t\t\t\t<section class=\"elementor-section elementor-top-section elementor-element elementor-element-c6143b6 elementor-section-boxed elementor-section-height-default elementor-section-height-default\" data-id=\"c6143b6\" data-element_type=\"section\">\n\t\t\t\t\t\t<div class=\"elementor-container elementor-column-gap-default\">\n\t\t\t\t\t<div class=\"elementor-column elementor-col-100 elementor-top-column elementor-element elementor-element-293460e\" data-id=\"293460e\" data-element_type=\"column\">\n\t\t\t<div class=\"elementor-widget-wrap elementor-element-populated\">\n\t\t\t\t\t\t<div class=\"elementor-element elementor-element-521120b elementor-widget elementor-widget-image\" data-id=\"521120b\" data-element_type=\"widget\" data-widget_type=\"image.default\">\n\t\t\t\t<div class=\"elementor-widget-container\">\n\t\t\t\t\t\t\t\t\t\t\t\t\t\t\t<img fetchpriority=\"high\" decoding=\"async\" width=\"696\" height=\"268\" src=\"https:\/\/pc.sc.gov.br\/\/wp-content\/uploads\/2024\/10\/WhatsApp-Image-2024-10-04-at-16.43.58-1024x395.jpeg\" class=\"attachment-large size-large wp-image-24008\" alt=\"\" srcset=\"https:\/\/pc.sc.gov.br\/\/wp-content\/uploads\/2024\/10\/WhatsApp-Image-2024-10-04-at-16.43.58-1024x395.jpeg 1024w, https:\/\/pc.sc.gov.br\/\/wp-content\/uploads\/2024\/10\/WhatsApp-Image-2024-10-04-at-16.43.58-300x116.jpeg 300w, https:\/\/pc.sc.gov.br\/\/wp-content\/uploads\/2024\/10\/WhatsApp-Image-2024-10-04-at-16.43.58-768x296.jpeg 768w, https:\/\/pc.sc.gov.br\/\/wp-content\/uploads\/2024\/10\/WhatsApp-Image-2024-10-04-at-16.43.58-1536x592.jpeg 1536w, https:\/\/pc.sc.gov.br\/\/wp-content\/uploads\/2024\/10\/WhatsApp-Image-2024-10-04-at-16.43.58.jpeg 1600w\" sizes=\"(max-width: 696px) 100vw, 696px\" \/>\t\t\t\t\t\t\t\t\t\t\t\t\t\t\t<\/div>\n\t\t\t\t<\/div>\n\t\t\t\t\t<\/div>\n\t\t<\/div>\n\t\t\t\t\t<\/div>\n\t\t<\/section>\n\t\t\t\t<section class=\"elementor-section elementor-top-section elementor-element elementor-element-7f15003 elementor-section-boxed elementor-section-height-default elementor-section-height-default\" data-id=\"7f15003\" data-element_type=\"section\">\n\t\t\t\t\t\t<div class=\"elementor-container elementor-column-gap-default\">\n\t\t\t\t\t<div class=\"elementor-column elementor-col-100 elementor-top-column elementor-element elementor-element-c85eabf\" data-id=\"c85eabf\" data-element_type=\"column\">\n\t\t\t<div class=\"elementor-widget-wrap elementor-element-populated\">\n\t\t\t\t\t\t<div class=\"elementor-element elementor-element-24d1850 elementor-widget elementor-widget-text-editor\" data-id=\"24d1850\" data-element_type=\"widget\" data-widget_type=\"text-editor.default\">\n\t\t\t\t<div class=\"elementor-widget-container\">\n\t\t\t\t\t\t\t\t\t<p>A Academia de Pol\u00edcia Civil (ACADEPOL), em colabora\u00e7\u00e3o com a Associa\u00e7\u00e3o Sul-Americana de C\u00e3es de Trabalho (ASACT), sediar\u00e1 a 7\u00aa Competi\u00e7\u00e3o Sul-Americana de C\u00e3es de Trabalho, a maior competi\u00e7\u00e3o do segmento da Am\u00e9rica Latina. O evento ocorrer\u00e1 entre os dias 14 a 18 de outubro de 2024, na sede da ACADEPOL em Florian\u00f3polis. At\u00e9 o momento est\u00e1 confirmada a participa\u00e7\u00e3o de pelo menos 52 bin\u00f4mios.<\/p>\n<p>Considerando ju\u00edzes e competidores, teremos representantes das seguintes institui\u00e7\u00f5es: Pol\u00edcia Civil de Santa Catarina; Pol\u00edcia Civil do Paran\u00e1; Pol\u00edcia Federal; Pol\u00edcias Militares dos Estados de Santa Catarina, Paran\u00e1, S\u00e3o Paulo e Mato Grasso do Sul; Corpo de Bombeiros Militar de Santa Catarina; Pol\u00edcia Rodovi\u00e1ria Federal; Pol\u00edcia Penal dos Estados de Santa Catarina, Rio Grande do Sul e do Distrito Federal; Brigada Militar do Rio Grande do Sul; For\u00e7a A\u00e9rea Brasileira, al\u00e9m de competidores civis do Uruguai e dos estados do Rio Grande do Sul, Goi\u00e1s, Mato Grosso do Sul e Rio de Janeiro.<\/p>\n<p>Este projeto de extens\u00e3o visa promover a integra\u00e7\u00e3o e o aperfei\u00e7oamento t\u00e9cnico dos profissionais que atuam com c\u00e3es de trabalho, com \u00eanfase especial nos integrantes dos N\u00facleos de Opera\u00e7\u00f5es com C\u00e3es (NOCs) da Pol\u00edcia Civil de Santa Catarina (PCSC). A competi\u00e7\u00e3o contar\u00e1 com a participa\u00e7\u00e3o de cinot\u00e9cnicos de todo o Brasil e do exterior, incluindo treinadores civis, for\u00e7as policiais, corpos de bombeiros e for\u00e7as armadas.&nbsp;<\/p>\n<p>Al\u00e9m das competi\u00e7\u00f5es em diversas modalidades, o evento oferecer\u00e1 palestras ministradas por especialistas renomados, proporcionando valiosas oportunidades de aprendizado e networking. O p\u00fablico \u00e9 convidado a participar e conhecer de perto o trabalho realizado pelos profissionais e c\u00e3es de trabalho, fortalecendo a confian\u00e7a m\u00fatua e a coopera\u00e7\u00e3o para um ambiente mais seguro.<\/p>\n<p>No site oficial da&nbsp;<a href=\"https:\/\/sites.google.com\/view\/asact\/\" target=\"_blank\">7\u00aa Competi\u00e7\u00e3o Sul-Americana de C\u00e3es de Trabalho<\/a>&nbsp;os interessados poder\u00e3o explorar as 10 modalidades de provas e preencher um cadastro para assistir.&nbsp;<span style=\"color: var( --e-global-color-text ); font-family: var( --e-global-typography-primary-font-family ), Sans-serif; font-size: var( --e-global-typography-primary-font-size ); font-weight: var( --e-global-typography-primary-font-weight ); letter-spacing: var( --e-global-typography-primary-letter-spacing );\">&nbsp;<\/span><\/p>\t\t\t\t\t\t\t\t<\/div>\n\t\t\t\t<\/div>\n\t\t\t\t\t<\/div>\n\t\t<\/div>\n\t\t\t\t\t<\/div>\n\t\t<\/section>\n\t\t\t\t<\/div>\n\t\t","protected":false},"excerpt":{"rendered":"<p>ACADEPOL sedia a 7\u00aa Competi\u00e7\u00e3o Sul-americana de C\u00e3es de Trabalho que contar\u00e1 com a participa\u00e7\u00e3o de pelo menos 52 bin\u00f4mios A Academia de Pol\u00edcia Civil (ACADEPOL), em colabora\u00e7\u00e3o com a Associa\u00e7\u00e3o Sul-Americana de C\u00e3es de Trabalho (ASACT), sediar\u00e1 a 7\u00aa Competi\u00e7\u00e3o Sul-Americana de C\u00e3es de Trabalho, a maior competi\u00e7\u00e3o do segmento da Am\u00e9rica Latina. O [&hellip;]<\/p>\n","protected":false},"author":5,"featured_media":24008,"comment_status":"closed","ping_status":"open","sticky":false,"template":"","format":"standard","meta":{"_monsterinsights_skip_tracking":false,"_monsterinsights_sitenote_active":false,"_monsterinsights_sitenote_note":"","_monsterinsights_sitenote_category":0,"footnotes":""},"categories":[1],"tags":[],"class_list":["post-24007","post","type-post","status-publish","format-standard","has-post-thumbnail","hentry","category-sem-categoria"],"_links":{"self":[{"href":"https:\/\/pc.sc.gov.br\/index.php?rest_route=\/wp\/v2\/posts\/24007","targetHints":{"allow":["GET"]}}],"collection":[{"href":"https:\/\/pc.sc.gov.br\/index.php?rest_route=\/wp\/v2\/posts"}],"about":[{"href":"https:\/\/pc.sc.gov.br\/index.php?rest_route=\/wp\/v2\/types\/post"}],"author":[{"embeddable":true,"href":"https:\/\/pc.sc.gov.br\/index.php?rest_route=\/wp\/v2\/users\/5"}],"replies":[{"embeddable":true,"href":"https:\/\/pc.sc.gov.br\/index.php?rest_route=%2Fwp%2Fv2%2Fcomments&post=24007"}],"version-history":[{"count":6,"href":"https:\/\/pc.sc.gov.br\/index.php?rest_route=\/wp\/v2\/posts\/24007\/revisions"}],"predecessor-version":[{"id":24014,"href":"https:\/\/pc.sc.gov.br\/index.php?rest_route=\/wp\/v2\/posts\/24007\/revisions\/24014"}],"wp:featuredmedia":[{"embeddable":true,"href":"https:\/\/pc.sc.gov.br\/index.php?rest_route=\/wp\/v2\/media\/24008"}],"wp:attachment":[{"href":"https:\/\/pc.sc.gov.br\/index.php?rest_route=%2Fwp%2Fv2%2Fmedia&parent=24007"}],"wp:term":[{"taxonomy":"category","embeddable":true,"href":"https:\/\/pc.sc.gov.br\/index.php?rest_route=%2Fwp%2Fv2%2Fcategories&post=24007"},{"taxonomy":"post_tag","embeddable":true,"href":"https:\/\/pc.sc.gov.br\/index.php?rest_route=%2Fwp%2Fv2%2Ftags&post=24007"}],"curies":[{"name":"wp","href":"https:\/\/api.w.org\/{rel}","templated":true}]}}