{"id":24024,"date":"2024-10-04T18:31:07","date_gmt":"2024-10-04T21:31:07","guid":{"rendered":"https:\/\/pc.sc.gov.br\/?p=24024"},"modified":"2024-10-04T18:32:23","modified_gmt":"2024-10-04T21:32:23","slug":"em-criciuma-pcsc-indicia-dupla-por-roubo-armado-em-residencia-e-tres-por-receptacao-sendo-que-um-deles-tambem-respondera-por-trafico","status":"publish","type":"post","link":"https:\/\/pc.sc.gov.br\/?p=24024","title":{"rendered":"Em Crici\u00fama, PCSC indicia dupla por roubo armado em resid\u00eancia e tr\u00eas por recepta\u00e7\u00e3o sendo que um deles tamb\u00e9m responder\u00e1 por tr\u00e1fico"},"content":{"rendered":"\t\t<div data-elementor-type=\"wp-post\" data-elementor-id=\"24024\" class=\"elementor elementor-24024\" data-elementor-post-type=\"post\">\n\t\t\t\t\t\t<section class=\"elementor-section elementor-top-section elementor-element elementor-element-0a41c2a elementor-section-boxed elementor-section-height-default elementor-section-height-default\" data-id=\"0a41c2a\" data-element_type=\"section\">\n\t\t\t\t\t\t<div class=\"elementor-container elementor-column-gap-default\">\n\t\t\t\t\t<div class=\"elementor-column elementor-col-100 elementor-top-column elementor-element elementor-element-6dfed5e\" data-id=\"6dfed5e\" data-element_type=\"column\">\n\t\t\t<div class=\"elementor-widget-wrap elementor-element-populated\">\n\t\t\t\t\t\t<div class=\"elementor-element elementor-element-2332e59 elementor-widget elementor-widget-heading\" data-id=\"2332e59\" data-element_type=\"widget\" data-widget_type=\"heading.default\">\n\t\t\t\t<div class=\"elementor-widget-container\">\n\t\t\t\t\t<h2 class=\"elementor-heading-title elementor-size-default\">em Crici\u00fama, PCSC indicia dupla por roubo armado em resid\u00eancia e tr\u00eas suspeitos por recepta\u00e7\u00e3o, sendo que um deles tamb\u00e9m responder\u00e1 por tr\u00e1fico<\/h2>\t\t\t\t<\/div>\n\t\t\t\t<\/div>\n\t\t\t\t\t<\/div>\n\t\t<\/div>\n\t\t\t\t\t<\/div>\n\t\t<\/section>\n\t\t\t\t<section class=\"elementor-section elementor-top-section elementor-element elementor-element-aace165 elementor-section-boxed elementor-section-height-default elementor-section-height-default\" data-id=\"aace165\" data-element_type=\"section\">\n\t\t\t\t\t\t<div class=\"elementor-container elementor-column-gap-default\">\n\t\t\t\t\t<div class=\"elementor-column elementor-col-100 elementor-top-column elementor-element elementor-element-7776b2f\" data-id=\"7776b2f\" data-element_type=\"column\">\n\t\t\t<div class=\"elementor-widget-wrap elementor-element-populated\">\n\t\t\t\t\t\t<div class=\"elementor-element elementor-element-d013111 elementor-widget elementor-widget-image\" data-id=\"d013111\" data-element_type=\"widget\" data-widget_type=\"image.default\">\n\t\t\t\t<div class=\"elementor-widget-container\">\n\t\t\t\t\t\t\t\t\t\t\t\t\t\t\t<img fetchpriority=\"high\" decoding=\"async\" width=\"696\" height=\"440\" src=\"https:\/\/pc.sc.gov.br\/\/wp-content\/uploads\/2024\/10\/04102024-02-1024x647.jpg\" class=\"attachment-large size-large wp-image-24019\" alt=\"\" srcset=\"https:\/\/pc.sc.gov.br\/\/wp-content\/uploads\/2024\/10\/04102024-02-1024x647.jpg 1024w, https:\/\/pc.sc.gov.br\/\/wp-content\/uploads\/2024\/10\/04102024-02-300x190.jpg 300w, https:\/\/pc.sc.gov.br\/\/wp-content\/uploads\/2024\/10\/04102024-02-768x485.jpg 768w, https:\/\/pc.sc.gov.br\/\/wp-content\/uploads\/2024\/10\/04102024-02.jpg 1500w\" sizes=\"(max-width: 696px) 100vw, 696px\" \/>\t\t\t\t\t\t\t\t\t\t\t\t\t\t\t<\/div>\n\t\t\t\t<\/div>\n\t\t\t\t\t<\/div>\n\t\t<\/div>\n\t\t\t\t\t<\/div>\n\t\t<\/section>\n\t\t\t\t<section class=\"elementor-section elementor-top-section elementor-element elementor-element-87acf22 elementor-section-boxed elementor-section-height-default elementor-section-height-default\" data-id=\"87acf22\" data-element_type=\"section\">\n\t\t\t\t\t\t<div class=\"elementor-container elementor-column-gap-default\">\n\t\t\t\t\t<div class=\"elementor-column elementor-col-100 elementor-top-column elementor-element elementor-element-29cbb6f\" data-id=\"29cbb6f\" data-element_type=\"column\">\n\t\t\t<div class=\"elementor-widget-wrap elementor-element-populated\">\n\t\t\t\t\t\t<div class=\"elementor-element elementor-element-d27daa2 elementor-widget elementor-widget-text-editor\" data-id=\"d27daa2\" data-element_type=\"widget\" data-widget_type=\"text-editor.default\">\n\t\t\t\t<div class=\"elementor-widget-container\">\n\t\t\t\t\t\t\t\t\t<p>A Pol\u00edcia Civil de Santa Catarina, por meio da Delegacia de Repress\u00e3o a Roubos (DRR\/DIC) de Crici\u00fama finalizou investiga\u00e7\u00f5es de roubos ocorridos no munic\u00edpio. Duas pessoas foram indiciadas pelo crime de roubo, em uma resid\u00eancia, no bairro Vila Nova Esperan\u00e7a.\u00a0<\/p><p>Os investigadores policiais ainda identificaram outras tr\u00eas pessoas envolvidas na aquisi\u00e7\u00e3o de aparelhos celulares roubados nos bairros Nossa Senhora da Salete, Rio Maina e Universit\u00e1rio. O trio foi indiciado por recepta\u00e7\u00e3o e tr\u00eas telefones foram recuperados e restitu\u00eddos \u00e0s v\u00edtimas.\u00a0<\/p><p>Durante as apura\u00e7\u00f5es, em cumprimento de mandado de busca domiciliar de suspeito, houve localiza\u00e7\u00e3o de droga, balan\u00e7a e equipamentos t\u00edpicos para a embalagem dos produtos Il\u00edcitos. O investigado foi indiciado por tr\u00e1fico.<\/p>\t\t\t\t\t\t\t\t<\/div>\n\t\t\t\t<\/div>\n\t\t\t\t\t<\/div>\n\t\t<\/div>\n\t\t\t\t\t<\/div>\n\t\t<\/section>\n\t\t\t\t<\/div>\n\t\t","protected":false},"excerpt":{"rendered":"<p>em Crici\u00fama, PCSC indicia dupla por roubo armado em resid\u00eancia e tr\u00eas suspeitos por recepta\u00e7\u00e3o, sendo que um deles tamb\u00e9m responder\u00e1 por tr\u00e1fico A Pol\u00edcia Civil de Santa Catarina, por meio da Delegacia de Repress\u00e3o a Roubos (DRR\/DIC) de Crici\u00fama finalizou investiga\u00e7\u00f5es de roubos ocorridos no munic\u00edpio. Duas pessoas foram indiciadas pelo crime de roubo, [&hellip;]<\/p>\n","protected":false},"author":5,"featured_media":24019,"comment_status":"closed","ping_status":"open","sticky":false,"template":"","format":"standard","meta":{"_monsterinsights_skip_tracking":false,"_monsterinsights_sitenote_active":false,"_monsterinsights_sitenote_note":"","_monsterinsights_sitenote_category":0,"footnotes":""},"categories":[1],"tags":[],"class_list":["post-24024","post","type-post","status-publish","format-standard","has-post-thumbnail","hentry","category-sem-categoria"],"_links":{"self":[{"href":"https:\/\/pc.sc.gov.br\/index.php?rest_route=\/wp\/v2\/posts\/24024","targetHints":{"allow":["GET"]}}],"collection":[{"href":"https:\/\/pc.sc.gov.br\/index.php?rest_route=\/wp\/v2\/posts"}],"about":[{"href":"https:\/\/pc.sc.gov.br\/index.php?rest_route=\/wp\/v2\/types\/post"}],"author":[{"embeddable":true,"href":"https:\/\/pc.sc.gov.br\/index.php?rest_route=\/wp\/v2\/users\/5"}],"replies":[{"embeddable":true,"href":"https:\/\/pc.sc.gov.br\/index.php?rest_route=%2Fwp%2Fv2%2Fcomments&post=24024"}],"version-history":[{"count":4,"href":"https:\/\/pc.sc.gov.br\/index.php?rest_route=\/wp\/v2\/posts\/24024\/revisions"}],"predecessor-version":[{"id":24028,"href":"https:\/\/pc.sc.gov.br\/index.php?rest_route=\/wp\/v2\/posts\/24024\/revisions\/24028"}],"wp:featuredmedia":[{"embeddable":true,"href":"https:\/\/pc.sc.gov.br\/index.php?rest_route=\/wp\/v2\/media\/24019"}],"wp:attachment":[{"href":"https:\/\/pc.sc.gov.br\/index.php?rest_route=%2Fwp%2Fv2%2Fmedia&parent=24024"}],"wp:term":[{"taxonomy":"category","embeddable":true,"href":"https:\/\/pc.sc.gov.br\/index.php?rest_route=%2Fwp%2Fv2%2Fcategories&post=24024"},{"taxonomy":"post_tag","embeddable":true,"href":"https:\/\/pc.sc.gov.br\/index.php?rest_route=%2Fwp%2Fv2%2Ftags&post=24024"}],"curies":[{"name":"wp","href":"https:\/\/api.w.org\/{rel}","templated":true}]}}