{"id":24047,"date":"2024-10-08T13:44:21","date_gmt":"2024-10-08T16:44:21","guid":{"rendered":"https:\/\/pc.sc.gov.br\/?p=24047"},"modified":"2024-10-08T13:45:31","modified_gmt":"2024-10-08T16:45:31","slug":"em-chapeco-pcsc-cumpre-mandado-de-prisao-de-condenado-por-trafico-de-drogas-em-jaragua-do-sul","status":"publish","type":"post","link":"https:\/\/pc.sc.gov.br\/?p=24047","title":{"rendered":"Em Chapec\u00f3, PCSC cumpre mandado de pris\u00e3o de condenado por tr\u00e1fico de drogas em Jaragu\u00e1 do Sul"},"content":{"rendered":"\t\t<div data-elementor-type=\"wp-post\" data-elementor-id=\"24047\" class=\"elementor elementor-24047\" data-elementor-post-type=\"post\">\n\t\t\t\t\t\t<section class=\"elementor-section elementor-top-section elementor-element elementor-element-6e2aa0e elementor-section-boxed elementor-section-height-default elementor-section-height-default\" data-id=\"6e2aa0e\" data-element_type=\"section\">\n\t\t\t\t\t\t<div class=\"elementor-container elementor-column-gap-default\">\n\t\t\t\t\t<div class=\"elementor-column elementor-col-100 elementor-top-column elementor-element elementor-element-15765a5\" data-id=\"15765a5\" data-element_type=\"column\">\n\t\t\t<div class=\"elementor-widget-wrap elementor-element-populated\">\n\t\t\t\t\t\t<div class=\"elementor-element elementor-element-dbe39d3 elementor-widget elementor-widget-heading\" data-id=\"dbe39d3\" data-element_type=\"widget\" data-widget_type=\"heading.default\">\n\t\t\t\t<div class=\"elementor-widget-container\">\n\t\t\t\t\t<h2 class=\"elementor-heading-title elementor-size-default\">Em Chapec\u00f3, PCSC cumpre mandado de pris\u00e3o de condenado por tr\u00e1fico de drogas em Jaragu\u00e1 do Sul<\/h2>\t\t\t\t<\/div>\n\t\t\t\t<\/div>\n\t\t\t\t\t<\/div>\n\t\t<\/div>\n\t\t\t\t\t<\/div>\n\t\t<\/section>\n\t\t\t\t<section class=\"elementor-section elementor-top-section elementor-element elementor-element-d967d94 elementor-section-boxed elementor-section-height-default elementor-section-height-default\" data-id=\"d967d94\" data-element_type=\"section\">\n\t\t\t\t\t\t<div class=\"elementor-container elementor-column-gap-default\">\n\t\t\t\t\t<div class=\"elementor-column elementor-col-100 elementor-top-column elementor-element elementor-element-cf1b6d6\" data-id=\"cf1b6d6\" data-element_type=\"column\">\n\t\t\t<div class=\"elementor-widget-wrap elementor-element-populated\">\n\t\t\t\t\t\t<div class=\"elementor-element elementor-element-5d0e739 elementor-widget elementor-widget-image\" data-id=\"5d0e739\" data-element_type=\"widget\" data-widget_type=\"image.default\">\n\t\t\t\t<div class=\"elementor-widget-container\">\n\t\t\t\t\t\t\t\t\t\t\t\t\t\t\t<img fetchpriority=\"high\" decoding=\"async\" width=\"696\" height=\"696\" src=\"https:\/\/pc.sc.gov.br\/\/wp-content\/uploads\/2024\/10\/WhatsApp-Image-2024-10-08-at-12.34.50-1024x1024.jpeg\" class=\"attachment-large size-large wp-image-24048\" alt=\"\" srcset=\"https:\/\/pc.sc.gov.br\/\/wp-content\/uploads\/2024\/10\/WhatsApp-Image-2024-10-08-at-12.34.50-1024x1024.jpeg 1024w, https:\/\/pc.sc.gov.br\/\/wp-content\/uploads\/2024\/10\/WhatsApp-Image-2024-10-08-at-12.34.50-300x300.jpeg 300w, https:\/\/pc.sc.gov.br\/\/wp-content\/uploads\/2024\/10\/WhatsApp-Image-2024-10-08-at-12.34.50-150x150.jpeg 150w, https:\/\/pc.sc.gov.br\/\/wp-content\/uploads\/2024\/10\/WhatsApp-Image-2024-10-08-at-12.34.50-768x768.jpeg 768w, https:\/\/pc.sc.gov.br\/\/wp-content\/uploads\/2024\/10\/WhatsApp-Image-2024-10-08-at-12.34.50.jpeg 1080w\" sizes=\"(max-width: 696px) 100vw, 696px\" \/>\t\t\t\t\t\t\t\t\t\t\t\t\t\t\t<\/div>\n\t\t\t\t<\/div>\n\t\t\t\t\t<\/div>\n\t\t<\/div>\n\t\t\t\t\t<\/div>\n\t\t<\/section>\n\t\t\t\t<section class=\"elementor-section elementor-top-section elementor-element elementor-element-d18ba7c elementor-section-boxed elementor-section-height-default elementor-section-height-default\" data-id=\"d18ba7c\" data-element_type=\"section\">\n\t\t\t\t\t\t<div class=\"elementor-container elementor-column-gap-default\">\n\t\t\t\t\t<div class=\"elementor-column elementor-col-100 elementor-top-column elementor-element elementor-element-37bf2f2\" data-id=\"37bf2f2\" data-element_type=\"column\">\n\t\t\t<div class=\"elementor-widget-wrap elementor-element-populated\">\n\t\t\t\t\t\t<div class=\"elementor-element elementor-element-d810f97 elementor-widget elementor-widget-text-editor\" data-id=\"d810f97\" data-element_type=\"widget\" data-widget_type=\"text-editor.default\">\n\t\t\t\t<div class=\"elementor-widget-container\">\n\t\t\t\t\t\t\t\t\t<p>A Pol\u00edcia Civil de Santa Catarina cumpriu nesta ter\u00e7a-feira, 7, um mandado de pris\u00e3o expedido pelo Poder Judici\u00e1rio do munic\u00edpio de Jaragu\u00e1 do Sul, em desfavor de um homem que, segundo informa\u00e7\u00f5es, estaria escondido em Chapec\u00f3.<\/p><p>As dilig\u00eancias realizadas pelos policiais do Departamento de Investiga\u00e7\u00f5es Criminais (DIC) de Chapec\u00f3 apontaram que o foragido estaria se escondendo na resid\u00eancia de familiares. Em a\u00e7\u00e3o coordenada pela equipe da PCSC de Chapec\u00f3, foi feito monitoramento no local. O investigado foi encontrado no interior de uma casa no bairro, onde foi capturado.<\/p><p>A pris\u00e3o do indiv\u00edduo se deu devido a senten\u00e7a condenat\u00f3ria definitiva pelo delito de tr\u00e1fico de drogas que teria cometido naquele munic\u00edpio, tendo sido ele condenado a 5 anos de reclus\u00e3o. Ap\u00f3s procedimentos legais na Delegacia de Pol\u00edcia, o homem foi encaminhado ao Pres\u00eddio de Chapec\u00f3.<\/p>\t\t\t\t\t\t\t\t<\/div>\n\t\t\t\t<\/div>\n\t\t\t\t\t<\/div>\n\t\t<\/div>\n\t\t\t\t\t<\/div>\n\t\t<\/section>\n\t\t\t\t<\/div>\n\t\t","protected":false},"excerpt":{"rendered":"<p>Em Chapec\u00f3, PCSC cumpre mandado de pris\u00e3o de condenado por tr\u00e1fico de drogas em Jaragu\u00e1 do Sul A Pol\u00edcia Civil de Santa Catarina cumpriu nesta ter\u00e7a-feira, 7, um mandado de pris\u00e3o expedido pelo Poder Judici\u00e1rio do munic\u00edpio de Jaragu\u00e1 do Sul, em desfavor de um homem que, segundo informa\u00e7\u00f5es, estaria escondido em Chapec\u00f3. As dilig\u00eancias [&hellip;]<\/p>\n","protected":false},"author":5,"featured_media":24048,"comment_status":"closed","ping_status":"open","sticky":false,"template":"","format":"standard","meta":{"_monsterinsights_skip_tracking":false,"_monsterinsights_sitenote_active":false,"_monsterinsights_sitenote_note":"","_monsterinsights_sitenote_category":0,"footnotes":""},"categories":[1],"tags":[],"class_list":["post-24047","post","type-post","status-publish","format-standard","has-post-thumbnail","hentry","category-sem-categoria"],"_links":{"self":[{"href":"https:\/\/pc.sc.gov.br\/index.php?rest_route=\/wp\/v2\/posts\/24047","targetHints":{"allow":["GET"]}}],"collection":[{"href":"https:\/\/pc.sc.gov.br\/index.php?rest_route=\/wp\/v2\/posts"}],"about":[{"href":"https:\/\/pc.sc.gov.br\/index.php?rest_route=\/wp\/v2\/types\/post"}],"author":[{"embeddable":true,"href":"https:\/\/pc.sc.gov.br\/index.php?rest_route=\/wp\/v2\/users\/5"}],"replies":[{"embeddable":true,"href":"https:\/\/pc.sc.gov.br\/index.php?rest_route=%2Fwp%2Fv2%2Fcomments&post=24047"}],"version-history":[{"count":4,"href":"https:\/\/pc.sc.gov.br\/index.php?rest_route=\/wp\/v2\/posts\/24047\/revisions"}],"predecessor-version":[{"id":24052,"href":"https:\/\/pc.sc.gov.br\/index.php?rest_route=\/wp\/v2\/posts\/24047\/revisions\/24052"}],"wp:featuredmedia":[{"embeddable":true,"href":"https:\/\/pc.sc.gov.br\/index.php?rest_route=\/wp\/v2\/media\/24048"}],"wp:attachment":[{"href":"https:\/\/pc.sc.gov.br\/index.php?rest_route=%2Fwp%2Fv2%2Fmedia&parent=24047"}],"wp:term":[{"taxonomy":"category","embeddable":true,"href":"https:\/\/pc.sc.gov.br\/index.php?rest_route=%2Fwp%2Fv2%2Fcategories&post=24047"},{"taxonomy":"post_tag","embeddable":true,"href":"https:\/\/pc.sc.gov.br\/index.php?rest_route=%2Fwp%2Fv2%2Ftags&post=24047"}],"curies":[{"name":"wp","href":"https:\/\/api.w.org\/{rel}","templated":true}]}}