{"id":24071,"date":"2024-10-09T12:44:46","date_gmt":"2024-10-09T15:44:46","guid":{"rendered":"https:\/\/pc.sc.gov.br\/?p=24071"},"modified":"2024-10-09T12:45:37","modified_gmt":"2024-10-09T15:45:37","slug":"policia-civil-policia-cientifica-e-detran-deflagram-23a-edicao-da-operacao-311-e-apreendem-pecas-de-origem-ilicita-em-loja-de-autopecas-de-blumenau","status":"publish","type":"post","link":"https:\/\/pc.sc.gov.br\/?p=24071","title":{"rendered":"Pol\u00edcia Civil, Pol\u00edcia Cient\u00edfica e Detran deflagram 23\u00aa edi\u00e7\u00e3o da opera\u00e7\u00e3o \u201c311\u201d e apreendem pe\u00e7as de origem il\u00edcita em loja de autope\u00e7as de Blumenau"},"content":{"rendered":"\t\t<div data-elementor-type=\"wp-post\" data-elementor-id=\"24071\" class=\"elementor elementor-24071\" data-elementor-post-type=\"post\">\n\t\t\t\t\t\t<section class=\"elementor-section elementor-top-section elementor-element elementor-element-2c960a5 elementor-section-boxed elementor-section-height-default elementor-section-height-default\" data-id=\"2c960a5\" data-element_type=\"section\">\n\t\t\t\t\t\t<div class=\"elementor-container elementor-column-gap-default\">\n\t\t\t\t\t<div class=\"elementor-column elementor-col-100 elementor-top-column elementor-element elementor-element-3a883ee\" data-id=\"3a883ee\" data-element_type=\"column\">\n\t\t\t<div class=\"elementor-widget-wrap elementor-element-populated\">\n\t\t\t\t\t\t<div class=\"elementor-element elementor-element-4c10a0c elementor-widget elementor-widget-heading\" data-id=\"4c10a0c\" data-element_type=\"widget\" data-widget_type=\"heading.default\">\n\t\t\t\t<div class=\"elementor-widget-container\">\n\t\t\t\t\t<h2 class=\"elementor-heading-title elementor-size-default\">Pol\u00edcia Civil, Pol\u00edcia Cient\u00edfica e Detran deflagram 23\u00aa edi\u00e7\u00e3o da opera\u00e7\u00e3o \u201c311\u201d e apreendem pe\u00e7as de origem il\u00edcita em loja de autope\u00e7as de Blumenau<\/h2>\t\t\t\t<\/div>\n\t\t\t\t<\/div>\n\t\t\t\t\t<\/div>\n\t\t<\/div>\n\t\t\t\t\t<\/div>\n\t\t<\/section>\n\t\t\t\t<section class=\"elementor-section elementor-top-section elementor-element elementor-element-069ce71 elementor-section-boxed elementor-section-height-default elementor-section-height-default\" data-id=\"069ce71\" data-element_type=\"section\">\n\t\t\t\t\t\t<div class=\"elementor-container elementor-column-gap-default\">\n\t\t\t\t\t<div class=\"elementor-column elementor-col-100 elementor-top-column elementor-element elementor-element-adc074d\" data-id=\"adc074d\" data-element_type=\"column\">\n\t\t\t<div class=\"elementor-widget-wrap elementor-element-populated\">\n\t\t\t\t\t\t<div class=\"elementor-element elementor-element-607fa2d elementor-widget elementor-widget-image\" data-id=\"607fa2d\" data-element_type=\"widget\" data-widget_type=\"image.default\">\n\t\t\t\t<div class=\"elementor-widget-container\">\n\t\t\t\t\t\t\t\t\t\t\t\t\t\t\t<img fetchpriority=\"high\" decoding=\"async\" width=\"696\" height=\"870\" src=\"https:\/\/pc.sc.gov.br\/\/wp-content\/uploads\/2024\/10\/WhatsApp-Image-2024-10-09-at-09.51.37-819x1024.jpeg\" class=\"attachment-large size-large wp-image-24072\" alt=\"\" srcset=\"https:\/\/pc.sc.gov.br\/\/wp-content\/uploads\/2024\/10\/WhatsApp-Image-2024-10-09-at-09.51.37-819x1024.jpeg 819w, https:\/\/pc.sc.gov.br\/\/wp-content\/uploads\/2024\/10\/WhatsApp-Image-2024-10-09-at-09.51.37-240x300.jpeg 240w, https:\/\/pc.sc.gov.br\/\/wp-content\/uploads\/2024\/10\/WhatsApp-Image-2024-10-09-at-09.51.37-768x960.jpeg 768w, https:\/\/pc.sc.gov.br\/\/wp-content\/uploads\/2024\/10\/WhatsApp-Image-2024-10-09-at-09.51.37-1229x1536.jpeg 1229w, https:\/\/pc.sc.gov.br\/\/wp-content\/uploads\/2024\/10\/WhatsApp-Image-2024-10-09-at-09.51.37.jpeg 1280w\" sizes=\"(max-width: 696px) 100vw, 696px\" \/>\t\t\t\t\t\t\t\t\t\t\t\t\t\t\t<\/div>\n\t\t\t\t<\/div>\n\t\t\t\t\t<\/div>\n\t\t<\/div>\n\t\t\t\t\t<\/div>\n\t\t<\/section>\n\t\t\t\t<section class=\"elementor-section elementor-top-section elementor-element elementor-element-5e0751d elementor-section-boxed elementor-section-height-default elementor-section-height-default\" data-id=\"5e0751d\" data-element_type=\"section\">\n\t\t\t\t\t\t<div class=\"elementor-container elementor-column-gap-default\">\n\t\t\t\t\t<div class=\"elementor-column elementor-col-100 elementor-top-column elementor-element elementor-element-1522949\" data-id=\"1522949\" data-element_type=\"column\">\n\t\t\t<div class=\"elementor-widget-wrap elementor-element-populated\">\n\t\t\t\t\t\t<div class=\"elementor-element elementor-element-ab78b68 elementor-widget elementor-widget-text-editor\" data-id=\"ab78b68\" data-element_type=\"widget\" data-widget_type=\"text-editor.default\">\n\t\t\t\t<div class=\"elementor-widget-container\">\n\t\t\t\t\t\t\t\t\t<p>Na ter\u00e7a-feira (08\/10), em continuidade \u00e0 opera\u00e7\u00e3o \u201c311\u201d, que visa coibir o com\u00e9rcio ilegal de pe\u00e7as automotivas, a Pol\u00edcia Civil de Santa Catarina, por interm\u00e9dio da Delegacia de Furtos e Roubos de Ve\u00edculos da Diretoria Estadual de Investiga\u00e7\u00f5es Criminais e da Delegacia de Repress\u00e3o a Roubos de Blumenau, em conjunto com a Pol\u00edcia Cient\u00edfica e o Detran\/SC, por meio da sua Corregedoria, fiscalizaram um estabelecimento comercial em Blumenau.<\/p><p>Durante as dilig\u00eancias, foram localizadas pe\u00e7as de ve\u00edculos modelo Duster e HB20,\u00a0 furtados em Balne\u00e1rio Cambori\u00fa; partes de uma outra Duster, roubada no Rio de Janeiro; partes de um Sandero, furtado em Joinville; al\u00e9m de pe\u00e7as de um Kia Cerato, cuja proced\u00eancia n\u00e3o foi poss\u00edvel esclarecer em raz\u00e3o de estarem com os sinais identificadores suprimidos.<\/p><p>O propriet\u00e1rio da empresa n\u00e3o se encontrava no local, raz\u00e3o pela qual foi instaurado o competente Inqu\u00e9rito Policial para apurar a exist\u00eancia de um grupo criminoso, respons\u00e1vel pelo furto e adultera\u00e7\u00e3o de ve\u00edculos nos estados do Rio de Janeiro e Santa Catarina. O propriet\u00e1rio possui antecedentes criminais pelos crimes de recepta\u00e7\u00e3o qualificada e adultera\u00e7\u00e3o de sinais identificadores.<\/p><p>A opera\u00e7\u00e3o \u201c311\u201d \u00e9 uma a\u00e7\u00e3o de fiscaliza\u00e7\u00e3o de empresas do ramo de autope\u00e7as, que visa o combate ao crime de recepta\u00e7\u00e3o de pe\u00e7as automotivas de proced\u00eancia il\u00edcita. A fiscaliza\u00e7\u00e3o \u00e9 coordenada pela Delegacia de Furtos e Roubos de ve\u00edculos da DEIC, em conjunto com o Detran\/SC, Pol\u00edcia Cient\u00edfica e unidades da Pol\u00edcia Civil das regi\u00f5es fiscalizadas.<\/p>\t\t\t\t\t\t\t\t<\/div>\n\t\t\t\t<\/div>\n\t\t\t\t\t<\/div>\n\t\t<\/div>\n\t\t\t\t\t<\/div>\n\t\t<\/section>\n\t\t\t\t<\/div>\n\t\t","protected":false},"excerpt":{"rendered":"<p>Pol\u00edcia Civil, Pol\u00edcia Cient\u00edfica e Detran deflagram 23\u00aa edi\u00e7\u00e3o da opera\u00e7\u00e3o \u201c311\u201d e apreendem pe\u00e7as de origem il\u00edcita em loja de autope\u00e7as de Blumenau Na ter\u00e7a-feira (08\/10), em continuidade \u00e0 opera\u00e7\u00e3o \u201c311\u201d, que visa coibir o com\u00e9rcio ilegal de pe\u00e7as automotivas, a Pol\u00edcia Civil de Santa Catarina, por interm\u00e9dio da Delegacia de Furtos e Roubos [&hellip;]<\/p>\n","protected":false},"author":5,"featured_media":24072,"comment_status":"closed","ping_status":"open","sticky":false,"template":"","format":"standard","meta":{"_monsterinsights_skip_tracking":false,"_monsterinsights_sitenote_active":false,"_monsterinsights_sitenote_note":"","_monsterinsights_sitenote_category":0,"footnotes":""},"categories":[1],"tags":[],"class_list":["post-24071","post","type-post","status-publish","format-standard","has-post-thumbnail","hentry","category-sem-categoria"],"_links":{"self":[{"href":"https:\/\/pc.sc.gov.br\/index.php?rest_route=\/wp\/v2\/posts\/24071","targetHints":{"allow":["GET"]}}],"collection":[{"href":"https:\/\/pc.sc.gov.br\/index.php?rest_route=\/wp\/v2\/posts"}],"about":[{"href":"https:\/\/pc.sc.gov.br\/index.php?rest_route=\/wp\/v2\/types\/post"}],"author":[{"embeddable":true,"href":"https:\/\/pc.sc.gov.br\/index.php?rest_route=\/wp\/v2\/users\/5"}],"replies":[{"embeddable":true,"href":"https:\/\/pc.sc.gov.br\/index.php?rest_route=%2Fwp%2Fv2%2Fcomments&post=24071"}],"version-history":[{"count":4,"href":"https:\/\/pc.sc.gov.br\/index.php?rest_route=\/wp\/v2\/posts\/24071\/revisions"}],"predecessor-version":[{"id":24076,"href":"https:\/\/pc.sc.gov.br\/index.php?rest_route=\/wp\/v2\/posts\/24071\/revisions\/24076"}],"wp:featuredmedia":[{"embeddable":true,"href":"https:\/\/pc.sc.gov.br\/index.php?rest_route=\/wp\/v2\/media\/24072"}],"wp:attachment":[{"href":"https:\/\/pc.sc.gov.br\/index.php?rest_route=%2Fwp%2Fv2%2Fmedia&parent=24071"}],"wp:term":[{"taxonomy":"category","embeddable":true,"href":"https:\/\/pc.sc.gov.br\/index.php?rest_route=%2Fwp%2Fv2%2Fcategories&post=24071"},{"taxonomy":"post_tag","embeddable":true,"href":"https:\/\/pc.sc.gov.br\/index.php?rest_route=%2Fwp%2Fv2%2Ftags&post=24071"}],"curies":[{"name":"wp","href":"https:\/\/api.w.org\/{rel}","templated":true}]}}