{"id":24077,"date":"2024-10-09T13:53:13","date_gmt":"2024-10-09T16:53:13","guid":{"rendered":"https:\/\/pc.sc.gov.br\/?p=24077"},"modified":"2024-10-09T14:43:02","modified_gmt":"2024-10-09T17:43:02","slug":"delegado-rodrigo-green-e-promovido-a-comandante-de-aeronave-de-asas-rotativas","status":"publish","type":"post","link":"https:\/\/pc.sc.gov.br\/?p=24077","title":{"rendered":"Delegado Rodrigo Green \u00e9 promovido a comandante de aeronave de asas rotativas"},"content":{"rendered":"\t\t<div data-elementor-type=\"wp-post\" data-elementor-id=\"24077\" class=\"elementor elementor-24077\" data-elementor-post-type=\"post\">\n\t\t\t\t\t\t<section class=\"elementor-section elementor-top-section elementor-element elementor-element-4b81f7f elementor-section-boxed elementor-section-height-default elementor-section-height-default\" data-id=\"4b81f7f\" data-element_type=\"section\">\n\t\t\t\t\t\t<div class=\"elementor-container elementor-column-gap-default\">\n\t\t\t\t\t<div class=\"elementor-column elementor-col-100 elementor-top-column elementor-element elementor-element-a90b54b\" data-id=\"a90b54b\" data-element_type=\"column\">\n\t\t\t<div class=\"elementor-widget-wrap elementor-element-populated\">\n\t\t\t\t\t\t<div class=\"elementor-element elementor-element-f54711e elementor-widget elementor-widget-heading\" data-id=\"f54711e\" data-element_type=\"widget\" data-widget_type=\"heading.default\">\n\t\t\t\t<div class=\"elementor-widget-container\">\n\t\t\t\t\t<h2 class=\"elementor-heading-title elementor-size-default\">Delegado Rodrigo Green \u00e9 promovido a comandante de aeronave de asas rotativas<\/h2>\t\t\t\t<\/div>\n\t\t\t\t<\/div>\n\t\t\t\t\t<\/div>\n\t\t<\/div>\n\t\t\t\t\t<\/div>\n\t\t<\/section>\n\t\t\t\t<section class=\"elementor-section elementor-top-section elementor-element elementor-element-8aa1cdd elementor-section-boxed elementor-section-height-default elementor-section-height-default\" data-id=\"8aa1cdd\" data-element_type=\"section\">\n\t\t\t\t\t\t<div class=\"elementor-container elementor-column-gap-default\">\n\t\t\t\t\t<div class=\"elementor-column elementor-col-100 elementor-top-column elementor-element elementor-element-fb2f3fc\" data-id=\"fb2f3fc\" data-element_type=\"column\">\n\t\t\t<div class=\"elementor-widget-wrap elementor-element-populated\">\n\t\t\t\t\t\t<div class=\"elementor-element elementor-element-9fcc19b elementor-widget elementor-widget-image\" data-id=\"9fcc19b\" data-element_type=\"widget\" data-widget_type=\"image.default\">\n\t\t\t\t<div class=\"elementor-widget-container\">\n\t\t\t\t\t\t\t\t\t\t\t\t\t\t\t<img fetchpriority=\"high\" decoding=\"async\" width=\"696\" height=\"479\" src=\"https:\/\/pc.sc.gov.br\/\/wp-content\/uploads\/2024\/10\/IMG_9851-fotor-20241009135440-1024x704.png\" class=\"attachment-large size-large wp-image-24079\" alt=\"\" srcset=\"https:\/\/pc.sc.gov.br\/\/wp-content\/uploads\/2024\/10\/IMG_9851-fotor-20241009135440-1024x704.png 1024w, https:\/\/pc.sc.gov.br\/\/wp-content\/uploads\/2024\/10\/IMG_9851-fotor-20241009135440-300x206.png 300w, https:\/\/pc.sc.gov.br\/\/wp-content\/uploads\/2024\/10\/IMG_9851-fotor-20241009135440-768x528.png 768w, https:\/\/pc.sc.gov.br\/\/wp-content\/uploads\/2024\/10\/IMG_9851-fotor-20241009135440-1536x1056.png 1536w, https:\/\/pc.sc.gov.br\/\/wp-content\/uploads\/2024\/10\/IMG_9851-fotor-20241009135440-2048x1408.png 2048w\" sizes=\"(max-width: 696px) 100vw, 696px\" \/>\t\t\t\t\t\t\t\t\t\t\t\t\t\t\t<\/div>\n\t\t\t\t<\/div>\n\t\t\t\t\t<\/div>\n\t\t<\/div>\n\t\t\t\t\t<\/div>\n\t\t<\/section>\n\t\t\t\t<section class=\"elementor-section elementor-top-section elementor-element elementor-element-4c25b5b elementor-section-boxed elementor-section-height-default elementor-section-height-default\" data-id=\"4c25b5b\" data-element_type=\"section\">\n\t\t\t\t\t\t<div class=\"elementor-container elementor-column-gap-default\">\n\t\t\t\t\t<div class=\"elementor-column elementor-col-100 elementor-top-column elementor-element elementor-element-14b39d7\" data-id=\"14b39d7\" data-element_type=\"column\">\n\t\t\t<div class=\"elementor-widget-wrap elementor-element-populated\">\n\t\t\t\t\t\t<div class=\"elementor-element elementor-element-b38593c elementor-widget elementor-widget-text-editor\" data-id=\"b38593c\" data-element_type=\"widget\" data-widget_type=\"text-editor.default\">\n\t\t\t\t<div class=\"elementor-widget-container\">\n\t\t\t\t\t\t\t\t\t<p>O delegado-geral da PCSC, Ulisses Gabriel, promoveu um ato para a entrega da tarjeta de Comandante de aeronave de asas rotativas para o delegado Rodrigo Pires Green, nesta ter\u00e7a-feira, 8, na sede da Delegacia-Geral, em Florian\u00f3polis. O processo de promo\u00e7\u00e3o foi recomendado pelo Coordenador-Geral do SAER, delegado Gilberto Mondini, em conjunto com os demais comandantes da unidade. Quem fez a entrega do brev\u00ea foi delegado aposentado, comandante de aeronave e ex coordenador-geral do Saer, Djalma Alc\u00e2ntara.&nbsp;<span style=\"font-family: var( --e-global-typography-primary-font-family ), Sans-serif; font-size: var( --e-global-typography-primary-font-size ); font-weight: var( --e-global-typography-primary-font-weight ); letter-spacing: var( --e-global-typography-primary-letter-spacing );\">H\u00e1 20 anos na Pol\u00edcia Civil, o delegado Green j\u00e1 soma 10 anos de atividades no Servi\u00e7o Aeropolicial (SAER) da PCSC.&nbsp;<\/span><\/p>\n<p>Al\u00e9m das a\u00e7\u00f5es policiais, o SAER\/PCSC realiza resgates, transporte de \u00f3rg\u00e3os e atendimentos aerom\u00e9dicos, em meio \u00e0 imprescind\u00edvel tarefa de salvar vidas.&nbsp;<span style=\"font-family: var( --e-global-typography-primary-font-family ), Sans-serif; font-size: var( --e-global-typography-primary-font-size ); font-weight: var( --e-global-typography-primary-font-weight ); letter-spacing: var( --e-global-typography-primary-letter-spacing );\">Os servi\u00e7os do SAER\/PCSC s\u00e3o prestados com agilidade e presteza, frutos de constantes treinamentos. Os trabalhos s\u00e3o realizados a partir de solicita\u00e7\u00f5es internas, em ocorr\u00eancias e miss\u00f5es, al\u00e9m dos chamados aerom\u00e9dicos.<\/span><\/p>\t\t\t\t\t\t\t\t<\/div>\n\t\t\t\t<\/div>\n\t\t\t\t\t<\/div>\n\t\t<\/div>\n\t\t\t\t\t<\/div>\n\t\t<\/section>\n\t\t\t\t<\/div>\n\t\t","protected":false},"excerpt":{"rendered":"<p>Delegado Rodrigo Green \u00e9 promovido a comandante de aeronave de asas rotativas O delegado-geral da PCSC, Ulisses Gabriel, promoveu um ato para a entrega da tarjeta de Comandante de aeronave de asas rotativas para o delegado Rodrigo Pires Green, nesta ter\u00e7a-feira, 8, na sede da Delegacia-Geral, em Florian\u00f3polis. O processo de promo\u00e7\u00e3o foi recomendado pelo [&hellip;]<\/p>\n","protected":false},"author":5,"featured_media":24078,"comment_status":"closed","ping_status":"open","sticky":false,"template":"","format":"standard","meta":{"_monsterinsights_skip_tracking":false,"_monsterinsights_sitenote_active":false,"_monsterinsights_sitenote_note":"","_monsterinsights_sitenote_category":0,"footnotes":""},"categories":[1],"tags":[],"class_list":["post-24077","post","type-post","status-publish","format-standard","has-post-thumbnail","hentry","category-sem-categoria"],"_links":{"self":[{"href":"https:\/\/pc.sc.gov.br\/index.php?rest_route=\/wp\/v2\/posts\/24077","targetHints":{"allow":["GET"]}}],"collection":[{"href":"https:\/\/pc.sc.gov.br\/index.php?rest_route=\/wp\/v2\/posts"}],"about":[{"href":"https:\/\/pc.sc.gov.br\/index.php?rest_route=\/wp\/v2\/types\/post"}],"author":[{"embeddable":true,"href":"https:\/\/pc.sc.gov.br\/index.php?rest_route=\/wp\/v2\/users\/5"}],"replies":[{"embeddable":true,"href":"https:\/\/pc.sc.gov.br\/index.php?rest_route=%2Fwp%2Fv2%2Fcomments&post=24077"}],"version-history":[{"count":6,"href":"https:\/\/pc.sc.gov.br\/index.php?rest_route=\/wp\/v2\/posts\/24077\/revisions"}],"predecessor-version":[{"id":24085,"href":"https:\/\/pc.sc.gov.br\/index.php?rest_route=\/wp\/v2\/posts\/24077\/revisions\/24085"}],"wp:featuredmedia":[{"embeddable":true,"href":"https:\/\/pc.sc.gov.br\/index.php?rest_route=\/wp\/v2\/media\/24078"}],"wp:attachment":[{"href":"https:\/\/pc.sc.gov.br\/index.php?rest_route=%2Fwp%2Fv2%2Fmedia&parent=24077"}],"wp:term":[{"taxonomy":"category","embeddable":true,"href":"https:\/\/pc.sc.gov.br\/index.php?rest_route=%2Fwp%2Fv2%2Fcategories&post=24077"},{"taxonomy":"post_tag","embeddable":true,"href":"https:\/\/pc.sc.gov.br\/index.php?rest_route=%2Fwp%2Fv2%2Ftags&post=24077"}],"curies":[{"name":"wp","href":"https:\/\/api.w.org\/{rel}","templated":true}]}}