{"id":24108,"date":"2024-10-09T18:35:57","date_gmt":"2024-10-09T21:35:57","guid":{"rendered":"https:\/\/pc.sc.gov.br\/?p=24108"},"modified":"2024-10-09T18:38:05","modified_gmt":"2024-10-09T21:38:05","slug":"em-abelardo-luz-pcsc-prende-homem-por-descumprimento-de-medidas-cautelares-perseguicao-e-ameaca-contra-mulheres","status":"publish","type":"post","link":"https:\/\/pc.sc.gov.br\/?p=24108","title":{"rendered":"Em Abelardo Luz, PCSC prende homem por descumprimento de medidas cautelares, persegui\u00e7\u00e3o e amea\u00e7a contra mulheres"},"content":{"rendered":"\t\t<div data-elementor-type=\"wp-post\" data-elementor-id=\"24108\" class=\"elementor elementor-24108\" data-elementor-post-type=\"post\">\n\t\t\t\t\t\t<section class=\"elementor-section elementor-top-section elementor-element elementor-element-08984d7 elementor-section-boxed elementor-section-height-default elementor-section-height-default\" data-id=\"08984d7\" data-element_type=\"section\">\n\t\t\t\t\t\t<div class=\"elementor-container elementor-column-gap-default\">\n\t\t\t\t\t<div class=\"elementor-column elementor-col-100 elementor-top-column elementor-element elementor-element-75cb6ac\" data-id=\"75cb6ac\" data-element_type=\"column\">\n\t\t\t<div class=\"elementor-widget-wrap elementor-element-populated\">\n\t\t\t\t\t\t<div class=\"elementor-element elementor-element-f549e87 elementor-widget elementor-widget-heading\" data-id=\"f549e87\" data-element_type=\"widget\" data-widget_type=\"heading.default\">\n\t\t\t\t<div class=\"elementor-widget-container\">\n\t\t\t\t\t<h2 class=\"elementor-heading-title elementor-size-default\">Em Abelardo Luz, PCSC prende homem por descumprimento de medidas cautelares, persegui\u00e7\u00e3o e amea\u00e7a contra mulheres<\/h2>\t\t\t\t<\/div>\n\t\t\t\t<\/div>\n\t\t\t\t\t<\/div>\n\t\t<\/div>\n\t\t\t\t\t<\/div>\n\t\t<\/section>\n\t\t\t\t<section class=\"elementor-section elementor-top-section elementor-element elementor-element-ce8e1f3 elementor-section-boxed elementor-section-height-default elementor-section-height-default\" data-id=\"ce8e1f3\" data-element_type=\"section\">\n\t\t\t\t\t\t<div class=\"elementor-container elementor-column-gap-default\">\n\t\t\t\t\t<div class=\"elementor-column elementor-col-100 elementor-top-column elementor-element elementor-element-908f89f\" data-id=\"908f89f\" data-element_type=\"column\">\n\t\t\t<div class=\"elementor-widget-wrap elementor-element-populated\">\n\t\t\t\t\t\t<div class=\"elementor-element elementor-element-30487e8 elementor-widget elementor-widget-image\" data-id=\"30487e8\" data-element_type=\"widget\" data-widget_type=\"image.default\">\n\t\t\t\t<div class=\"elementor-widget-container\">\n\t\t\t\t\t\t\t\t\t\t\t\t\t\t\t<img fetchpriority=\"high\" decoding=\"async\" width=\"696\" height=\"522\" src=\"https:\/\/pc.sc.gov.br\/\/wp-content\/uploads\/2024\/10\/WhatsApp-Image-2024-08-02-at-16.53.34.jpeg\" class=\"attachment-large size-large wp-image-24109\" alt=\"\" srcset=\"https:\/\/pc.sc.gov.br\/\/wp-content\/uploads\/2024\/10\/WhatsApp-Image-2024-08-02-at-16.53.34.jpeg 768w, https:\/\/pc.sc.gov.br\/\/wp-content\/uploads\/2024\/10\/WhatsApp-Image-2024-08-02-at-16.53.34-300x225.jpeg 300w\" sizes=\"(max-width: 696px) 100vw, 696px\" \/>\t\t\t\t\t\t\t\t\t\t\t\t\t\t\t<\/div>\n\t\t\t\t<\/div>\n\t\t\t\t\t<\/div>\n\t\t<\/div>\n\t\t\t\t\t<\/div>\n\t\t<\/section>\n\t\t\t\t<section class=\"elementor-section elementor-top-section elementor-element elementor-element-6eec32d elementor-section-boxed elementor-section-height-default elementor-section-height-default\" data-id=\"6eec32d\" data-element_type=\"section\">\n\t\t\t\t\t\t<div class=\"elementor-container elementor-column-gap-default\">\n\t\t\t\t\t<div class=\"elementor-column elementor-col-100 elementor-top-column elementor-element elementor-element-2216d89\" data-id=\"2216d89\" data-element_type=\"column\">\n\t\t\t<div class=\"elementor-widget-wrap elementor-element-populated\">\n\t\t\t\t\t\t<div class=\"elementor-element elementor-element-d509e81 elementor-widget elementor-widget-text-editor\" data-id=\"d509e81\" data-element_type=\"widget\" data-widget_type=\"text-editor.default\">\n\t\t\t\t<div class=\"elementor-widget-container\">\n\t\t\t\t\t\t\t\t\t<p>A Pol\u00edcia Civil de Santa Catarina, por meio da Delegacia de Pol\u00edcia de Abelardo Luz, com apoio da DPMU de Ouro Verde, deu cumprimento na ter\u00e7a-feira, 8, a um mandado de pris\u00e3o preventiva expedido pela Vara \u00danica de Abelardo Luz contra um homem, por descumprimento de medidas cautelares diversas da pris\u00e3o em Inqu\u00e9rito Policial que apura crimes de persegui\u00e7\u00e3o e amea\u00e7a contra mulheres em Abelardo Luz.<\/p><p>No final de setembro\/2024, duas v\u00edtimas procuraram a delegacia e noticiaram que vinham sendo perseguidas pelo homem desde dezembro de 2023. Ele as procurava pessoalmente e pelas redes sociais, enviando flores e mensagens insistentemente a fim de tentar uma aproxima\u00e7\u00e3o com elas. Apesar da recusa das v\u00edtimas em manter contato com o indiv\u00edduo, ele insistia em importun\u00e1-las, invadindo a liberdade e privacidade das v\u00edtimas pela cidade de Abelardo Luz, inclusive amea\u00e7ou atear fogo no ve\u00edculo de uma delas.<\/p><p>Foi ent\u00e3o instaurado Inqu\u00e9rito Policial. O Delegado de Policia em um primeiro momento representou por medidas alternativas \u00e0 pris\u00e3o, a fim de que o investigado n\u00e3o mais se aproximasse das v\u00edtimas, por qualquer meio, o que foi deferido pelo Poder Judici\u00e1rio, ap\u00f3s manifesta\u00e7\u00e3o do Minist\u00e9rio P\u00fablico.<\/p><p>O homem foi intimado da decis\u00e3o judicial. Por\u00e9m, poucos dias depois, ele voltou a importunar as v\u00edtimas, indo at\u00e9 um estabelecimento Bar em que elas estavam, mantendo contato com as ofendidas, descumprindo as medidas estabelecidas. Diante disso, nos termos da legisla\u00e7\u00e3o vigente, a Autoridade Policial representou pela pris\u00e3o preventiva do suspeito, que assim foi deferida pelo Poder Judici\u00e1rio.<\/p><p>Na tarde de ontem o homem foi detido em sua casa no centro de Abelardo Luz. Inicialmente ele n\u00e3o quis colaborar com a equipe impedindo o acesso dos policiais \u00e0 sua resid\u00eancia, mantendo os port\u00f5es do im\u00f3vel trancados com cadeado, sendo necess\u00e1rio pular o muro para efetuar a sua pris\u00e3o.<\/p><p>Ap\u00f3s os procedimentos de praxe, o preso foi encaminhado ao Pres\u00eddio Regional de Xanxer\u00ea, onde permanecer\u00e1 \u00e0 disposi\u00e7\u00e3o da Justi\u00e7a. A Pol\u00edcia Civil concluir\u00e1 o Inqu\u00e9rito Policial em 10 dias, remetendo-o ao Ju\u00edzo Competente para as provid\u00eancias pertinentes.<\/p>\t\t\t\t\t\t\t\t<\/div>\n\t\t\t\t<\/div>\n\t\t\t\t\t<\/div>\n\t\t<\/div>\n\t\t\t\t\t<\/div>\n\t\t<\/section>\n\t\t\t\t<\/div>\n\t\t","protected":false},"excerpt":{"rendered":"<p>Em Abelardo Luz, PCSC prende homem por descumprimento de medidas cautelares, persegui\u00e7\u00e3o e amea\u00e7a contra mulheres A Pol\u00edcia Civil de Santa Catarina, por meio da Delegacia de Pol\u00edcia de Abelardo Luz, com apoio da DPMU de Ouro Verde, deu cumprimento na ter\u00e7a-feira, 8, a um mandado de pris\u00e3o preventiva expedido pela Vara \u00danica de Abelardo [&hellip;]<\/p>\n","protected":false},"author":5,"featured_media":24109,"comment_status":"closed","ping_status":"open","sticky":false,"template":"","format":"standard","meta":{"_monsterinsights_skip_tracking":false,"_monsterinsights_sitenote_active":false,"_monsterinsights_sitenote_note":"","_monsterinsights_sitenote_category":0,"footnotes":""},"categories":[1],"tags":[],"class_list":["post-24108","post","type-post","status-publish","format-standard","has-post-thumbnail","hentry","category-sem-categoria"],"_links":{"self":[{"href":"https:\/\/pc.sc.gov.br\/index.php?rest_route=\/wp\/v2\/posts\/24108","targetHints":{"allow":["GET"]}}],"collection":[{"href":"https:\/\/pc.sc.gov.br\/index.php?rest_route=\/wp\/v2\/posts"}],"about":[{"href":"https:\/\/pc.sc.gov.br\/index.php?rest_route=\/wp\/v2\/types\/post"}],"author":[{"embeddable":true,"href":"https:\/\/pc.sc.gov.br\/index.php?rest_route=\/wp\/v2\/users\/5"}],"replies":[{"embeddable":true,"href":"https:\/\/pc.sc.gov.br\/index.php?rest_route=%2Fwp%2Fv2%2Fcomments&post=24108"}],"version-history":[{"count":3,"href":"https:\/\/pc.sc.gov.br\/index.php?rest_route=\/wp\/v2\/posts\/24108\/revisions"}],"predecessor-version":[{"id":24112,"href":"https:\/\/pc.sc.gov.br\/index.php?rest_route=\/wp\/v2\/posts\/24108\/revisions\/24112"}],"wp:featuredmedia":[{"embeddable":true,"href":"https:\/\/pc.sc.gov.br\/index.php?rest_route=\/wp\/v2\/media\/24109"}],"wp:attachment":[{"href":"https:\/\/pc.sc.gov.br\/index.php?rest_route=%2Fwp%2Fv2%2Fmedia&parent=24108"}],"wp:term":[{"taxonomy":"category","embeddable":true,"href":"https:\/\/pc.sc.gov.br\/index.php?rest_route=%2Fwp%2Fv2%2Fcategories&post=24108"},{"taxonomy":"post_tag","embeddable":true,"href":"https:\/\/pc.sc.gov.br\/index.php?rest_route=%2Fwp%2Fv2%2Ftags&post=24108"}],"curies":[{"name":"wp","href":"https:\/\/api.w.org\/{rel}","templated":true}]}}