{"id":24132,"date":"2024-10-10T15:47:50","date_gmt":"2024-10-10T18:47:50","guid":{"rendered":"https:\/\/pc.sc.gov.br\/?p=24132"},"modified":"2024-10-10T15:49:12","modified_gmt":"2024-10-10T18:49:12","slug":"draco-deic-deflagra-operacao-policial-contra-organizacao-criminosa-em-sc-e-pr-em-combate-ao-trafico-de-drogas","status":"publish","type":"post","link":"https:\/\/pc.sc.gov.br\/?p=24132","title":{"rendered":"DRACO\/DEIC deflagra opera\u00e7\u00e3o policial contra organiza\u00e7\u00e3o criminosa em SC e PR em combate ao tr\u00e1fico de drogas"},"content":{"rendered":"\t\t<div data-elementor-type=\"wp-post\" data-elementor-id=\"24132\" class=\"elementor elementor-24132\" data-elementor-post-type=\"post\">\n\t\t\t\t\t\t<section class=\"elementor-section elementor-top-section elementor-element elementor-element-cb3b10b elementor-section-boxed elementor-section-height-default elementor-section-height-default\" data-id=\"cb3b10b\" data-element_type=\"section\">\n\t\t\t\t\t\t<div class=\"elementor-container elementor-column-gap-default\">\n\t\t\t\t\t<div class=\"elementor-column elementor-col-100 elementor-top-column elementor-element elementor-element-80b25b9\" data-id=\"80b25b9\" data-element_type=\"column\">\n\t\t\t<div class=\"elementor-widget-wrap elementor-element-populated\">\n\t\t\t\t\t\t<div class=\"elementor-element elementor-element-2f0f19c elementor-widget elementor-widget-heading\" data-id=\"2f0f19c\" data-element_type=\"widget\" data-widget_type=\"heading.default\">\n\t\t\t\t<div class=\"elementor-widget-container\">\n\t\t\t\t\t<h2 class=\"elementor-heading-title elementor-size-default\">DRACO\/DEIC deflagra opera\u00e7\u00e3o policial contra organiza\u00e7\u00e3o criminosa em SC e PR em combate ao tr\u00e1fico de drogas<\/h2>\t\t\t\t<\/div>\n\t\t\t\t<\/div>\n\t\t\t\t\t<\/div>\n\t\t<\/div>\n\t\t\t\t\t<\/div>\n\t\t<\/section>\n\t\t\t\t<section class=\"elementor-section elementor-top-section elementor-element elementor-element-cc1ddda elementor-section-boxed elementor-section-height-default elementor-section-height-default\" data-id=\"cc1ddda\" data-element_type=\"section\">\n\t\t\t\t\t\t<div class=\"elementor-container elementor-column-gap-default\">\n\t\t\t\t\t<div class=\"elementor-column elementor-col-100 elementor-top-column elementor-element elementor-element-ede9e62\" data-id=\"ede9e62\" data-element_type=\"column\">\n\t\t\t<div class=\"elementor-widget-wrap elementor-element-populated\">\n\t\t\t\t\t\t<div class=\"elementor-element elementor-element-7b6f9b9 elementor-widget elementor-widget-image\" data-id=\"7b6f9b9\" data-element_type=\"widget\" data-widget_type=\"image.default\">\n\t\t\t\t<div class=\"elementor-widget-container\">\n\t\t\t\t\t\t\t\t\t\t\t\t\t\t\t<img fetchpriority=\"high\" decoding=\"async\" width=\"696\" height=\"485\" src=\"https:\/\/pc.sc.gov.br\/\/wp-content\/uploads\/2024\/10\/DRACO-fotor-20241010154715-1024x714.jpg\" class=\"attachment-large size-large wp-image-24134\" alt=\"\" srcset=\"https:\/\/pc.sc.gov.br\/\/wp-content\/uploads\/2024\/10\/DRACO-fotor-20241010154715-1024x714.jpg 1024w, https:\/\/pc.sc.gov.br\/\/wp-content\/uploads\/2024\/10\/DRACO-fotor-20241010154715-300x209.jpg 300w, https:\/\/pc.sc.gov.br\/\/wp-content\/uploads\/2024\/10\/DRACO-fotor-20241010154715-768x536.jpg 768w, https:\/\/pc.sc.gov.br\/\/wp-content\/uploads\/2024\/10\/DRACO-fotor-20241010154715.jpg 1277w\" sizes=\"(max-width: 696px) 100vw, 696px\" \/>\t\t\t\t\t\t\t\t\t\t\t\t\t\t\t<\/div>\n\t\t\t\t<\/div>\n\t\t\t\t\t<\/div>\n\t\t<\/div>\n\t\t\t\t\t<\/div>\n\t\t<\/section>\n\t\t\t\t<section class=\"elementor-section elementor-top-section elementor-element elementor-element-19eb15e elementor-section-boxed elementor-section-height-default elementor-section-height-default\" data-id=\"19eb15e\" data-element_type=\"section\">\n\t\t\t\t\t\t<div class=\"elementor-container elementor-column-gap-default\">\n\t\t\t\t\t<div class=\"elementor-column elementor-col-100 elementor-top-column elementor-element elementor-element-27cb92b\" data-id=\"27cb92b\" data-element_type=\"column\">\n\t\t\t<div class=\"elementor-widget-wrap elementor-element-populated\">\n\t\t\t\t\t\t<div class=\"elementor-element elementor-element-b4a8ce9 elementor-widget elementor-widget-text-editor\" data-id=\"b4a8ce9\" data-element_type=\"widget\" data-widget_type=\"text-editor.default\">\n\t\t\t\t<div class=\"elementor-widget-container\">\n\t\t\t\t\t\t\t\t\t<p>A Pol\u00edcia Civil por meio da Delegacia de Repress\u00e3o ao Crime Organizado &#8211; DRACO\/DEIC realizou nesta quinta-feira, 10, uma opera\u00e7\u00e3o policial em diversas cidades do estado de Santa Catarina e no Paran\u00e1 para dar cumprimento a 15 mandados de busca e apreens\u00e3o em desfavor de integrantes de uma organiza\u00e7\u00e3o criminosa voltada ao trafico de drogas.<\/p>\n<p>Participaram da opera\u00e7\u00e3o cerca de 100 Policiais Civis da DEIC, CORE, DPOI, DPOL e NOC para dar cumprimento a 15 mandados de busca e apreens\u00e3o nas cidades de Florian\u00f3polis, S\u00e3o Francisco do Sul, Ca\u00e7ador, Joa\u00e7aba, Campos Novos, Tr\u00eas Barras, S\u00e3o Bento do Sul e na Fazenda Rio Grande no Paran\u00e1.<\/p>\n<p>At\u00e9 o momento uma pessoa foi presa em flagrante por posse ilegal de arma de fogo e nos demais endere\u00e7os foram apreendidos telefones, documentos e R$ 14,9 mil em esp\u00e9cie.&nbsp;<span style=\"font-family: var( --e-global-typography-text-font-family ), Sans-serif; font-size: var( --e-global-typography-text-font-size );\">As investiga\u00e7\u00f5es continuam para identificar a participa\u00e7\u00e3o de outros indiv\u00edduos nesta organiza\u00e7\u00e3o criminosa voltada ao tr\u00e1fico de drogas.<\/span><\/p>\n<p>A equipe da DRACO\/DEIC refor\u00e7a seu compromisso em prol da sociedade catarinense, no enfrentamento das organiza\u00e7\u00f5es criminosas voltadas ao tr\u00e1fico de drogas e a pr\u00e1tica do outros crimes.<\/p>\t\t\t\t\t\t\t\t<\/div>\n\t\t\t\t<\/div>\n\t\t\t\t\t<\/div>\n\t\t<\/div>\n\t\t\t\t\t<\/div>\n\t\t<\/section>\n\t\t\t\t<\/div>\n\t\t","protected":false},"excerpt":{"rendered":"<p>DRACO\/DEIC deflagra opera\u00e7\u00e3o policial contra organiza\u00e7\u00e3o criminosa em SC e PR em combate ao tr\u00e1fico de drogas A Pol\u00edcia Civil por meio da Delegacia de Repress\u00e3o ao Crime Organizado &#8211; DRACO\/DEIC realizou nesta quinta-feira, 10, uma opera\u00e7\u00e3o policial em diversas cidades do estado de Santa Catarina e no Paran\u00e1 para dar cumprimento a 15 mandados [&hellip;]<\/p>\n","protected":false},"author":5,"featured_media":24134,"comment_status":"closed","ping_status":"open","sticky":false,"template":"","format":"standard","meta":{"_monsterinsights_skip_tracking":false,"_monsterinsights_sitenote_active":false,"_monsterinsights_sitenote_note":"","_monsterinsights_sitenote_category":0,"footnotes":""},"categories":[1],"tags":[],"class_list":["post-24132","post","type-post","status-publish","format-standard","has-post-thumbnail","hentry","category-sem-categoria"],"_links":{"self":[{"href":"https:\/\/pc.sc.gov.br\/index.php?rest_route=\/wp\/v2\/posts\/24132","targetHints":{"allow":["GET"]}}],"collection":[{"href":"https:\/\/pc.sc.gov.br\/index.php?rest_route=\/wp\/v2\/posts"}],"about":[{"href":"https:\/\/pc.sc.gov.br\/index.php?rest_route=\/wp\/v2\/types\/post"}],"author":[{"embeddable":true,"href":"https:\/\/pc.sc.gov.br\/index.php?rest_route=\/wp\/v2\/users\/5"}],"replies":[{"embeddable":true,"href":"https:\/\/pc.sc.gov.br\/index.php?rest_route=%2Fwp%2Fv2%2Fcomments&post=24132"}],"version-history":[{"count":4,"href":"https:\/\/pc.sc.gov.br\/index.php?rest_route=\/wp\/v2\/posts\/24132\/revisions"}],"predecessor-version":[{"id":24138,"href":"https:\/\/pc.sc.gov.br\/index.php?rest_route=\/wp\/v2\/posts\/24132\/revisions\/24138"}],"wp:featuredmedia":[{"embeddable":true,"href":"https:\/\/pc.sc.gov.br\/index.php?rest_route=\/wp\/v2\/media\/24134"}],"wp:attachment":[{"href":"https:\/\/pc.sc.gov.br\/index.php?rest_route=%2Fwp%2Fv2%2Fmedia&parent=24132"}],"wp:term":[{"taxonomy":"category","embeddable":true,"href":"https:\/\/pc.sc.gov.br\/index.php?rest_route=%2Fwp%2Fv2%2Fcategories&post=24132"},{"taxonomy":"post_tag","embeddable":true,"href":"https:\/\/pc.sc.gov.br\/index.php?rest_route=%2Fwp%2Fv2%2Ftags&post=24132"}],"curies":[{"name":"wp","href":"https:\/\/api.w.org\/{rel}","templated":true}]}}