{"id":24139,"date":"2024-10-10T17:23:01","date_gmt":"2024-10-10T20:23:01","guid":{"rendered":"https:\/\/pc.sc.gov.br\/?p=24139"},"modified":"2024-10-10T17:24:10","modified_gmt":"2024-10-10T20:24:10","slug":"em-ararangua-policia-civil-prende-suspeito-com-dois-mandados-de-prisao-por-homicidio-e-tentativa-de-homicidio-no-parana","status":"publish","type":"post","link":"https:\/\/pc.sc.gov.br\/?p=24139","title":{"rendered":"Em Ararangu\u00e1, Pol\u00edcia Civil prende suspeito com dois mandados de pris\u00e3o por homic\u00eddio e tentativa de homic\u00eddio no Paran\u00e1"},"content":{"rendered":"\t\t<div data-elementor-type=\"wp-post\" data-elementor-id=\"24139\" class=\"elementor elementor-24139\" data-elementor-post-type=\"post\">\n\t\t\t\t\t\t<section class=\"elementor-section elementor-top-section elementor-element elementor-element-1ce5f5d elementor-section-boxed elementor-section-height-default elementor-section-height-default\" data-id=\"1ce5f5d\" data-element_type=\"section\">\n\t\t\t\t\t\t<div class=\"elementor-container elementor-column-gap-default\">\n\t\t\t\t\t<div class=\"elementor-column elementor-col-100 elementor-top-column elementor-element elementor-element-78ee77b\" data-id=\"78ee77b\" data-element_type=\"column\">\n\t\t\t<div class=\"elementor-widget-wrap elementor-element-populated\">\n\t\t\t\t\t\t<div class=\"elementor-element elementor-element-46989ec elementor-widget elementor-widget-heading\" data-id=\"46989ec\" data-element_type=\"widget\" data-widget_type=\"heading.default\">\n\t\t\t\t<div class=\"elementor-widget-container\">\n\t\t\t\t\t<h2 class=\"elementor-heading-title elementor-size-default\">Em Ararangu\u00e1, Pol\u00edcia Civil prende suspeito com dois mandados de pris\u00e3o por homic\u00eddio e tentativa de homic\u00eddio no Paran\u00e1<\/h2>\t\t\t\t<\/div>\n\t\t\t\t<\/div>\n\t\t\t\t\t<\/div>\n\t\t<\/div>\n\t\t\t\t\t<\/div>\n\t\t<\/section>\n\t\t\t\t<section class=\"elementor-section elementor-top-section elementor-element elementor-element-9bb051c elementor-section-boxed elementor-section-height-default elementor-section-height-default\" data-id=\"9bb051c\" data-element_type=\"section\">\n\t\t\t\t\t\t<div class=\"elementor-container elementor-column-gap-default\">\n\t\t\t\t\t<div class=\"elementor-column elementor-col-100 elementor-top-column elementor-element elementor-element-14d0fd6\" data-id=\"14d0fd6\" data-element_type=\"column\">\n\t\t\t<div class=\"elementor-widget-wrap elementor-element-populated\">\n\t\t\t\t\t\t<div class=\"elementor-element elementor-element-6479922 elementor-widget elementor-widget-image\" data-id=\"6479922\" data-element_type=\"widget\" data-widget_type=\"image.default\">\n\t\t\t\t<div class=\"elementor-widget-container\">\n\t\t\t\t\t\t\t\t\t\t\t\t\t\t\t<img fetchpriority=\"high\" decoding=\"async\" width=\"696\" height=\"529\" src=\"https:\/\/pc.sc.gov.br\/\/wp-content\/uploads\/2024\/08\/WhatsApp-Image-2024-01-30-at-16.33.05-fotor-202405031461.jpg\" class=\"attachment-large size-large wp-image-22445\" alt=\"\" srcset=\"https:\/\/pc.sc.gov.br\/\/wp-content\/uploads\/2024\/08\/WhatsApp-Image-2024-01-30-at-16.33.05-fotor-202405031461.jpg 969w, https:\/\/pc.sc.gov.br\/\/wp-content\/uploads\/2024\/08\/WhatsApp-Image-2024-01-30-at-16.33.05-fotor-202405031461-300x228.jpg 300w, https:\/\/pc.sc.gov.br\/\/wp-content\/uploads\/2024\/08\/WhatsApp-Image-2024-01-30-at-16.33.05-fotor-202405031461-768x583.jpg 768w\" sizes=\"(max-width: 696px) 100vw, 696px\" \/>\t\t\t\t\t\t\t\t\t\t\t\t\t\t\t<\/div>\n\t\t\t\t<\/div>\n\t\t\t\t\t<\/div>\n\t\t<\/div>\n\t\t\t\t\t<\/div>\n\t\t<\/section>\n\t\t\t\t<section class=\"elementor-section elementor-top-section elementor-element elementor-element-68ad4aa elementor-section-boxed elementor-section-height-default elementor-section-height-default\" data-id=\"68ad4aa\" data-element_type=\"section\">\n\t\t\t\t\t\t<div class=\"elementor-container elementor-column-gap-default\">\n\t\t\t\t\t<div class=\"elementor-column elementor-col-100 elementor-top-column elementor-element elementor-element-964351b\" data-id=\"964351b\" data-element_type=\"column\">\n\t\t\t<div class=\"elementor-widget-wrap elementor-element-populated\">\n\t\t\t\t\t\t<div class=\"elementor-element elementor-element-8ee3f54 elementor-widget elementor-widget-text-editor\" data-id=\"8ee3f54\" data-element_type=\"widget\" data-widget_type=\"text-editor.default\">\n\t\t\t\t<div class=\"elementor-widget-container\">\n\t\t\t\t\t\t\t\t\t<p>Na tarde desta quinta-feira (10\/10), a Pol\u00edcia Civil de Santa Catarina, por meio da 1\u00aa Delegacia de Pol\u00edcia de Ararangu\u00e1, prendeu um homem com dois mandados de pris\u00e3o preventiva em seu desfavor. O indiv\u00edduo era procurado pela Justi\u00e7a da cidade de S\u00e3o Jos\u00e9 dos Pinhais, no Paran\u00e1, onde responde por um homic\u00eddio e uma tentativa de homic\u00eddio.<\/p><p>A pris\u00e3o foi resultado de uma investiga\u00e7\u00e3o da pr\u00f3pria Delegacia de Ararangu\u00e1. O nome do suspeito surgiu durante os levantamentos de um furto registrado recentemente. Ao aprofundarem a investiga\u00e7\u00e3o, os policiais descobriram que o homem era o principal suspeito do crime de furto e, ao identific\u00e1-lo, constataram a exist\u00eancia de dois mandados de pris\u00e3o preventiva em seu nome por crimes contra a vida.<\/p><p>Diante dessa descoberta, os agentes da 1\u00aa DP de Ararangu\u00e1 iniciaram dilig\u00eancias para localizar o suspeito, que foi encontrado no bairro Mato Alto. A abordagem foi realizada sem resist\u00eancia por parte do indiv\u00edduo, que foi detido.<\/p><p>Ap\u00f3s a pris\u00e3o, o homem foi conduzido \u00e0 delegacia, onde foram realizados os procedimentos legais. Posteriormente, ele foi encaminhado ao Pres\u00eddio Regional de Ararangu\u00e1, onde permanece \u00e0 disposi\u00e7\u00e3o da Justi\u00e7a, aguardando a audi\u00eancia de cust\u00f3dia.<\/p>\t\t\t\t\t\t\t\t<\/div>\n\t\t\t\t<\/div>\n\t\t\t\t\t<\/div>\n\t\t<\/div>\n\t\t\t\t\t<\/div>\n\t\t<\/section>\n\t\t\t\t<\/div>\n\t\t","protected":false},"excerpt":{"rendered":"<p>Em Ararangu\u00e1, Pol\u00edcia Civil prende suspeito com dois mandados de pris\u00e3o por homic\u00eddio e tentativa de homic\u00eddio no Paran\u00e1 Na tarde desta quinta-feira (10\/10), a Pol\u00edcia Civil de Santa Catarina, por meio da 1\u00aa Delegacia de Pol\u00edcia de Ararangu\u00e1, prendeu um homem com dois mandados de pris\u00e3o preventiva em seu desfavor. O indiv\u00edduo era procurado [&hellip;]<\/p>\n","protected":false},"author":5,"featured_media":23276,"comment_status":"closed","ping_status":"open","sticky":false,"template":"","format":"standard","meta":{"_monsterinsights_skip_tracking":false,"_monsterinsights_sitenote_active":false,"_monsterinsights_sitenote_note":"","_monsterinsights_sitenote_category":0,"footnotes":""},"categories":[1],"tags":[],"class_list":["post-24139","post","type-post","status-publish","format-standard","has-post-thumbnail","hentry","category-sem-categoria"],"_links":{"self":[{"href":"https:\/\/pc.sc.gov.br\/index.php?rest_route=\/wp\/v2\/posts\/24139","targetHints":{"allow":["GET"]}}],"collection":[{"href":"https:\/\/pc.sc.gov.br\/index.php?rest_route=\/wp\/v2\/posts"}],"about":[{"href":"https:\/\/pc.sc.gov.br\/index.php?rest_route=\/wp\/v2\/types\/post"}],"author":[{"embeddable":true,"href":"https:\/\/pc.sc.gov.br\/index.php?rest_route=\/wp\/v2\/users\/5"}],"replies":[{"embeddable":true,"href":"https:\/\/pc.sc.gov.br\/index.php?rest_route=%2Fwp%2Fv2%2Fcomments&post=24139"}],"version-history":[{"count":4,"href":"https:\/\/pc.sc.gov.br\/index.php?rest_route=\/wp\/v2\/posts\/24139\/revisions"}],"predecessor-version":[{"id":24143,"href":"https:\/\/pc.sc.gov.br\/index.php?rest_route=\/wp\/v2\/posts\/24139\/revisions\/24143"}],"wp:featuredmedia":[{"embeddable":true,"href":"https:\/\/pc.sc.gov.br\/index.php?rest_route=\/wp\/v2\/media\/23276"}],"wp:attachment":[{"href":"https:\/\/pc.sc.gov.br\/index.php?rest_route=%2Fwp%2Fv2%2Fmedia&parent=24139"}],"wp:term":[{"taxonomy":"category","embeddable":true,"href":"https:\/\/pc.sc.gov.br\/index.php?rest_route=%2Fwp%2Fv2%2Fcategories&post=24139"},{"taxonomy":"post_tag","embeddable":true,"href":"https:\/\/pc.sc.gov.br\/index.php?rest_route=%2Fwp%2Fv2%2Ftags&post=24139"}],"curies":[{"name":"wp","href":"https:\/\/api.w.org\/{rel}","templated":true}]}}