{"id":24144,"date":"2024-10-11T13:46:36","date_gmt":"2024-10-11T16:46:36","guid":{"rendered":"https:\/\/pc.sc.gov.br\/?p=24144"},"modified":"2024-10-11T13:48:44","modified_gmt":"2024-10-11T16:48:44","slug":"policia-civil-deflagra-prende-mais-um-suspeito-por-trafico-de-drogas-em-jacinto-machado","status":"publish","type":"post","link":"https:\/\/pc.sc.gov.br\/?p=24144","title":{"rendered":"Pol\u00edcia Civil deflagra prende mais um suspeito por tr\u00e1fico de drogas em Jacinto Machado"},"content":{"rendered":"\t\t<div data-elementor-type=\"wp-post\" data-elementor-id=\"24144\" class=\"elementor elementor-24144\" data-elementor-post-type=\"post\">\n\t\t\t\t\t\t<section class=\"elementor-section elementor-top-section elementor-element elementor-element-c7da7d9 elementor-section-boxed elementor-section-height-default elementor-section-height-default\" data-id=\"c7da7d9\" data-element_type=\"section\">\n\t\t\t\t\t\t<div class=\"elementor-container elementor-column-gap-default\">\n\t\t\t\t\t<div class=\"elementor-column elementor-col-100 elementor-top-column elementor-element elementor-element-77e7cc5\" data-id=\"77e7cc5\" data-element_type=\"column\">\n\t\t\t<div class=\"elementor-widget-wrap elementor-element-populated\">\n\t\t\t\t\t\t<div class=\"elementor-element elementor-element-c530305 elementor-widget elementor-widget-heading\" data-id=\"c530305\" data-element_type=\"widget\" data-widget_type=\"heading.default\">\n\t\t\t\t<div class=\"elementor-widget-container\">\n\t\t\t\t\t<h2 class=\"elementor-heading-title elementor-size-default\">Pol\u00edcia Civil deflagra prende mais um suspeito por tr\u00e1fico de drogas em Jacinto Machado<\/h2>\t\t\t\t<\/div>\n\t\t\t\t<\/div>\n\t\t\t\t\t<\/div>\n\t\t<\/div>\n\t\t\t\t\t<\/div>\n\t\t<\/section>\n\t\t\t\t<section class=\"elementor-section elementor-top-section elementor-element elementor-element-1c58a89 elementor-section-boxed elementor-section-height-default elementor-section-height-default\" data-id=\"1c58a89\" data-element_type=\"section\">\n\t\t\t\t\t\t<div class=\"elementor-container elementor-column-gap-default\">\n\t\t\t\t\t<div class=\"elementor-column elementor-col-100 elementor-top-column elementor-element elementor-element-9f45b32\" data-id=\"9f45b32\" data-element_type=\"column\">\n\t\t\t<div class=\"elementor-widget-wrap elementor-element-populated\">\n\t\t\t\t\t\t<div class=\"elementor-element elementor-element-cbc50e8 elementor-widget elementor-widget-text-editor\" data-id=\"cbc50e8\" data-element_type=\"widget\" data-widget_type=\"text-editor.default\">\n\t\t\t\t<div class=\"elementor-widget-container\">\n\t\t\t\t\t\t\t\t\t<p>Essa \u00e9 a quarta pris\u00e3o por tr\u00e1fico de drogas realizada no munic\u00edpio nos \u00faltimos 30 dias.<\/p>\t\t\t\t\t\t\t\t<\/div>\n\t\t\t\t<\/div>\n\t\t\t\t\t<\/div>\n\t\t<\/div>\n\t\t\t\t\t<\/div>\n\t\t<\/section>\n\t\t\t\t<section class=\"elementor-section elementor-top-section elementor-element elementor-element-2e34abb elementor-section-boxed elementor-section-height-default elementor-section-height-default\" data-id=\"2e34abb\" data-element_type=\"section\">\n\t\t\t\t\t\t<div class=\"elementor-container elementor-column-gap-default\">\n\t\t\t\t\t<div class=\"elementor-column elementor-col-100 elementor-top-column elementor-element elementor-element-1924781\" data-id=\"1924781\" data-element_type=\"column\">\n\t\t\t<div class=\"elementor-widget-wrap elementor-element-populated\">\n\t\t\t\t\t\t<div class=\"elementor-element elementor-element-e296102 elementor-widget elementor-widget-image\" data-id=\"e296102\" data-element_type=\"widget\" data-widget_type=\"image.default\">\n\t\t\t\t<div class=\"elementor-widget-container\">\n\t\t\t\t\t\t\t\t\t\t\t\t\t\t\t<img fetchpriority=\"high\" decoding=\"async\" width=\"696\" height=\"928\" src=\"https:\/\/pc.sc.gov.br\/\/wp-content\/uploads\/2024\/10\/WhatsApp-Image-2024-10-11-at-10.51.24-768x1024.jpeg\" class=\"attachment-large size-large wp-image-24145\" alt=\"\" srcset=\"https:\/\/pc.sc.gov.br\/\/wp-content\/uploads\/2024\/10\/WhatsApp-Image-2024-10-11-at-10.51.24-768x1024.jpeg 768w, https:\/\/pc.sc.gov.br\/\/wp-content\/uploads\/2024\/10\/WhatsApp-Image-2024-10-11-at-10.51.24-225x300.jpeg 225w, https:\/\/pc.sc.gov.br\/\/wp-content\/uploads\/2024\/10\/WhatsApp-Image-2024-10-11-at-10.51.24.jpeg 960w\" sizes=\"(max-width: 696px) 100vw, 696px\" \/>\t\t\t\t\t\t\t\t\t\t\t\t\t\t\t<\/div>\n\t\t\t\t<\/div>\n\t\t\t\t\t<\/div>\n\t\t<\/div>\n\t\t\t\t\t<\/div>\n\t\t<\/section>\n\t\t\t\t<section class=\"elementor-section elementor-top-section elementor-element elementor-element-48e0723 elementor-section-boxed elementor-section-height-default elementor-section-height-default\" data-id=\"48e0723\" data-element_type=\"section\">\n\t\t\t\t\t\t<div class=\"elementor-container elementor-column-gap-default\">\n\t\t\t\t\t<div class=\"elementor-column elementor-col-100 elementor-top-column elementor-element elementor-element-3cb11ba\" data-id=\"3cb11ba\" data-element_type=\"column\">\n\t\t\t<div class=\"elementor-widget-wrap elementor-element-populated\">\n\t\t\t\t\t\t<div class=\"elementor-element elementor-element-ff2d8e1 elementor-widget elementor-widget-text-editor\" data-id=\"ff2d8e1\" data-element_type=\"widget\" data-widget_type=\"text-editor.default\">\n\t\t\t\t<div class=\"elementor-widget-container\">\n\t\t\t\t\t\t\t\t\t<p>Em continuidade \u00e0s a\u00e7\u00f5es de combate ao tr\u00e1fico de drogas na regi\u00e3o de Jacinto Machado, a Pol\u00edcia Civil de Santa Catarina, por meio da Delegacia de Pol\u00edcia de Jacinto Machado, cumpriu um mandado de busca e apreens\u00e3o na resid\u00eancia de um investigado na cidade. No local, foram apreendidos 750 gramas de maconha e 160g de coca\u00edna, al\u00e9m de uma balan\u00e7a de precis\u00e3o, instrumentos t\u00edpicos da atividade de tr\u00e1fico. O suspeito que j\u00e1 estava sendo monitorado pelos investigadores e foi preso em flagrante.<\/p><p>Durante a a\u00e7\u00e3o, os policiais encontraram diversas provas que refor\u00e7am as suspeitas de envolvimento do homem com o tr\u00e1fico de drogas na regi\u00e3o. A opera\u00e7\u00e3o \u00e9 mais uma resposta efetiva da Pol\u00edcia Civil no combate ao tr\u00e1fico de drogas em Jacinto Machado e arredores, registrando a quarta pris\u00e3o, em menos de 30 dias, relacionadas ao tr\u00e1fico de drogas. O trabalho investigativo das autoridades tem gerado resultados importantes na desarticula\u00e7\u00e3o de redes criminosas, trazendo mais seguran\u00e7a para a popula\u00e7\u00e3o local.<\/p><p>Ap\u00f3s a pris\u00e3o, o homem foi encaminhado ao Pres\u00eddio de Ararangu\u00e1, onde ficar\u00e1 \u00e0 disposi\u00e7\u00e3o da Justi\u00e7a.<\/p>\t\t\t\t\t\t\t\t<\/div>\n\t\t\t\t<\/div>\n\t\t\t\t\t<\/div>\n\t\t<\/div>\n\t\t\t\t\t<\/div>\n\t\t<\/section>\n\t\t\t\t<\/div>\n\t\t","protected":false},"excerpt":{"rendered":"<p>Pol\u00edcia Civil deflagra prende mais um suspeito por tr\u00e1fico de drogas em Jacinto Machado Essa \u00e9 a quarta pris\u00e3o por tr\u00e1fico de drogas realizada no munic\u00edpio nos \u00faltimos 30 dias. Em continuidade \u00e0s a\u00e7\u00f5es de combate ao tr\u00e1fico de drogas na regi\u00e3o de Jacinto Machado, a Pol\u00edcia Civil de Santa Catarina, por meio da Delegacia [&hellip;]<\/p>\n","protected":false},"author":5,"featured_media":24145,"comment_status":"closed","ping_status":"open","sticky":false,"template":"","format":"standard","meta":{"_monsterinsights_skip_tracking":false,"_monsterinsights_sitenote_active":false,"_monsterinsights_sitenote_note":"","_monsterinsights_sitenote_category":0,"footnotes":""},"categories":[1],"tags":[],"class_list":["post-24144","post","type-post","status-publish","format-standard","has-post-thumbnail","hentry","category-sem-categoria"],"_links":{"self":[{"href":"https:\/\/pc.sc.gov.br\/index.php?rest_route=\/wp\/v2\/posts\/24144","targetHints":{"allow":["GET"]}}],"collection":[{"href":"https:\/\/pc.sc.gov.br\/index.php?rest_route=\/wp\/v2\/posts"}],"about":[{"href":"https:\/\/pc.sc.gov.br\/index.php?rest_route=\/wp\/v2\/types\/post"}],"author":[{"embeddable":true,"href":"https:\/\/pc.sc.gov.br\/index.php?rest_route=\/wp\/v2\/users\/5"}],"replies":[{"embeddable":true,"href":"https:\/\/pc.sc.gov.br\/index.php?rest_route=%2Fwp%2Fv2%2Fcomments&post=24144"}],"version-history":[{"count":4,"href":"https:\/\/pc.sc.gov.br\/index.php?rest_route=\/wp\/v2\/posts\/24144\/revisions"}],"predecessor-version":[{"id":24149,"href":"https:\/\/pc.sc.gov.br\/index.php?rest_route=\/wp\/v2\/posts\/24144\/revisions\/24149"}],"wp:featuredmedia":[{"embeddable":true,"href":"https:\/\/pc.sc.gov.br\/index.php?rest_route=\/wp\/v2\/media\/24145"}],"wp:attachment":[{"href":"https:\/\/pc.sc.gov.br\/index.php?rest_route=%2Fwp%2Fv2%2Fmedia&parent=24144"}],"wp:term":[{"taxonomy":"category","embeddable":true,"href":"https:\/\/pc.sc.gov.br\/index.php?rest_route=%2Fwp%2Fv2%2Fcategories&post=24144"},{"taxonomy":"post_tag","embeddable":true,"href":"https:\/\/pc.sc.gov.br\/index.php?rest_route=%2Fwp%2Fv2%2Ftags&post=24144"}],"curies":[{"name":"wp","href":"https:\/\/api.w.org\/{rel}","templated":true}]}}