{"id":24166,"date":"2024-10-15T14:42:07","date_gmt":"2024-10-15T17:42:07","guid":{"rendered":"https:\/\/pc.sc.gov.br\/?p=24166"},"modified":"2024-10-15T14:43:30","modified_gmt":"2024-10-15T17:43:30","slug":"combate-a-corrupcao-operacao-da-pcsc-maktub-3-resulta-em-prisao-afastamento-de-4-pessoas-da-funcao-publica-e-apreensao-de-valores-em-forquilhinha","status":"publish","type":"post","link":"https:\/\/pc.sc.gov.br\/?p=24166","title":{"rendered":"Combate \u00e0 corrup\u00e7\u00e3o: opera\u00e7\u00e3o da PCSC &#8220;Maktub&#8221; 3 resulta em pris\u00e3o, afastamento de 4 pessoas da fun\u00e7\u00e3o p\u00fablica e apreens\u00e3o de valores em Forquilhinha"},"content":{"rendered":"\t\t<div data-elementor-type=\"wp-post\" data-elementor-id=\"24166\" class=\"elementor elementor-24166\" data-elementor-post-type=\"post\">\n\t\t\t\t\t\t<section class=\"elementor-section elementor-top-section elementor-element elementor-element-6fd5316 elementor-section-boxed elementor-section-height-default elementor-section-height-default\" data-id=\"6fd5316\" data-element_type=\"section\">\n\t\t\t\t\t\t<div class=\"elementor-container elementor-column-gap-default\">\n\t\t\t\t\t<div class=\"elementor-column elementor-col-100 elementor-top-column elementor-element elementor-element-593a56f\" data-id=\"593a56f\" data-element_type=\"column\">\n\t\t\t<div class=\"elementor-widget-wrap elementor-element-populated\">\n\t\t\t\t\t\t<div class=\"elementor-element elementor-element-2094bb4 elementor-widget elementor-widget-heading\" data-id=\"2094bb4\" data-element_type=\"widget\" data-widget_type=\"heading.default\">\n\t\t\t\t<div class=\"elementor-widget-container\">\n\t\t\t\t\t<h2 class=\"elementor-heading-title elementor-size-default\">Combate \u00e0 corrup\u00e7\u00e3o: opera\u00e7\u00e3o da PCSC \"Maktub\" 3 resulta em pris\u00e3o, afastamento de 4 pessoas da fun\u00e7\u00e3o p\u00fablica e apreens\u00e3o de valores em Forquilhinha<\/h2>\t\t\t\t<\/div>\n\t\t\t\t<\/div>\n\t\t\t\t\t<\/div>\n\t\t<\/div>\n\t\t\t\t\t<\/div>\n\t\t<\/section>\n\t\t\t\t<section class=\"elementor-section elementor-top-section elementor-element elementor-element-8ad8f3d elementor-section-boxed elementor-section-height-default elementor-section-height-default\" data-id=\"8ad8f3d\" data-element_type=\"section\">\n\t\t\t\t\t\t<div class=\"elementor-container elementor-column-gap-default\">\n\t\t\t\t\t<div class=\"elementor-column elementor-col-100 elementor-top-column elementor-element elementor-element-4d56eb0\" data-id=\"4d56eb0\" data-element_type=\"column\">\n\t\t\t<div class=\"elementor-widget-wrap elementor-element-populated\">\n\t\t\t\t\t\t<div class=\"elementor-element elementor-element-8df664c elementor-widget elementor-widget-image\" data-id=\"8df664c\" data-element_type=\"widget\" data-widget_type=\"image.default\">\n\t\t\t\t<div class=\"elementor-widget-container\">\n\t\t\t\t\t\t\t\t\t\t\t\t\t\t\t<img fetchpriority=\"high\" decoding=\"async\" width=\"696\" height=\"523\" src=\"https:\/\/pc.sc.gov.br\/\/wp-content\/uploads\/2024\/10\/WhatsApp-Image-2024-10-15-at-07.41.37-1024x769.jpeg\" class=\"attachment-large size-large wp-image-24161\" alt=\"\" srcset=\"https:\/\/pc.sc.gov.br\/\/wp-content\/uploads\/2024\/10\/WhatsApp-Image-2024-10-15-at-07.41.37-1024x769.jpeg 1024w, https:\/\/pc.sc.gov.br\/\/wp-content\/uploads\/2024\/10\/WhatsApp-Image-2024-10-15-at-07.41.37-300x225.jpeg 300w, https:\/\/pc.sc.gov.br\/\/wp-content\/uploads\/2024\/10\/WhatsApp-Image-2024-10-15-at-07.41.37-768x577.jpeg 768w, https:\/\/pc.sc.gov.br\/\/wp-content\/uploads\/2024\/10\/WhatsApp-Image-2024-10-15-at-07.41.37.jpeg 1156w\" sizes=\"(max-width: 696px) 100vw, 696px\" \/>\t\t\t\t\t\t\t\t\t\t\t\t\t\t\t<\/div>\n\t\t\t\t<\/div>\n\t\t\t\t\t<\/div>\n\t\t<\/div>\n\t\t\t\t\t<\/div>\n\t\t<\/section>\n\t\t\t\t<section class=\"elementor-section elementor-top-section elementor-element elementor-element-0e6e68c elementor-section-boxed elementor-section-height-default elementor-section-height-default\" data-id=\"0e6e68c\" data-element_type=\"section\">\n\t\t\t\t\t\t<div class=\"elementor-container elementor-column-gap-default\">\n\t\t\t\t\t<div class=\"elementor-column elementor-col-100 elementor-top-column elementor-element elementor-element-5b11806\" data-id=\"5b11806\" data-element_type=\"column\">\n\t\t\t<div class=\"elementor-widget-wrap elementor-element-populated\">\n\t\t\t\t\t\t<div class=\"elementor-element elementor-element-b19a190 elementor-widget elementor-widget-text-editor\" data-id=\"b19a190\" data-element_type=\"widget\" data-widget_type=\"text-editor.default\">\n\t\t\t\t<div class=\"elementor-widget-container\">\n\t\t\t\t\t\t\t\t\t<p>A Pol\u00edcia Civil, por meio da Delegacia de Combate \u00e0 Corrup\u00e7\u00e3o &#8211; DECOR\/DEIC, deflagrou, nesta ter\u00e7a-feira, 15, opera\u00e7\u00e3o policial a fim de apurar irregularidades\/ilicitudes ocorridas no munic\u00edpio de Forquilhinha, em SC.&nbsp;<span style=\"font-family: var( --e-global-typography-text-font-family ), Sans-serif; font-size: var( --e-global-typography-text-font-size );\">As investiga\u00e7\u00f5es apuraram ind\u00edcios de fraude \u00e0 licita\u00e7\u00e3o na concorr\u00eancia p\u00fablica destinada \u00e0 constru\u00e7\u00e3o do gin\u00e1sio anexo \u00e0 escola do Bairro Santa L\u00edbera. Foram, ainda, identificados ind\u00edcios de fraude \u00e0 licita\u00e7\u00e3o nas tr\u00eas concorr\u00eancias p\u00fablicas destinadas \u00e0 cobertura do gin\u00e1sio. Tamb\u00e9m h\u00e1 ind\u00edcios de fraude na carta convite destinada \u00e0 contrata\u00e7\u00e3o de uma empresa para a execu\u00e7\u00e3o de aterro do mesmo gin\u00e1sio.<\/span><\/p>\n<p>Al\u00e9m disso, o Termo Aditivo n.\u00ba 02 do Contrato resultou em um preju\u00edzo de R$ 800 mil para o munic\u00edpio. A obra de cercamento do gin\u00e1sio de esportes gerou diversos custos adicionais, que, teoricamente, foram cobertos pela emiss\u00e3o da carta convite realizada para a execu\u00e7\u00e3o de um aterro no local da obra. Os valores gastos identificados pela investiga\u00e7\u00e3o foram consideravelmente inferiores, uma vez que o maquin\u00e1rio da prefeitura foi utilizado, mesmo sendo licitado.<\/p>\n<p>Constatou-se, tamb\u00e9m, que no terceiro aditivo do Contrato, formalizado em 05\/07\/2022, houve uma mudan\u00e7a no projeto, com diversas altera\u00e7\u00f5es que geraram aditivos e glosas. Essas mudan\u00e7as resultaram em um acr\u00e9scimo de 14,78% em aditivos no contrato. Assim, a empresa respons\u00e1vel pela constru\u00e7\u00e3o do gin\u00e1sio recebeu aproximadamente R$ 500 mil devido \u00e0 altera\u00e7\u00e3o do projeto.<\/p>\n<p>Identificou-se, ainda, que a administra\u00e7\u00e3o municipal fraudou documentos para pagar parte de uma obra destinada \u00e0 constru\u00e7\u00e3o de um memorial. N\u00e3o h\u00e1 certeza quanto aos valores despendidos para a realiza\u00e7\u00e3o da obra, que, em tese, foram superiores a R$ 200 mil. No entanto, sabe-se que a prefeitura pagou mais de R$ 80 mil \u00e0 empresa respons\u00e1vel pela constru\u00e7\u00e3o do memorial, por meio do terceiro aditivo da constru\u00e7\u00e3o do gin\u00e1sio. Por fim, os ind\u00edcios apurados mostram que as licita\u00e7\u00f5es estavam direcionadas \u00e0 empresa vencedora do certame.<\/p>\n<p>Os trabalhos policiais revelaram ind\u00edcios de fraude nos certames, incluindo o fato de que o projeto estrutural n\u00e3o foi elaborado pela empresa contratada originalmente pela prefeitura; o propriet\u00e1rio da empresa vencedora do certame havia adquirido o material para a cobertura do gin\u00e1sio antes da abertura da licita\u00e7\u00e3o; o projeto estrutural e a planilha or\u00e7ament\u00e1ria foram produzidos pelo empres\u00e1rio vencedor do certame; e a elabora\u00e7\u00e3o dos editais continha cl\u00e1usulas restritivas que garantiam a vit\u00f3ria da empresa. Essas irregularidades resultaram na suspens\u00e3o de duas licita\u00e7\u00f5es pelo Tribunal de Contas do Estado, devido \u00e0 limita\u00e7\u00e3o da competi\u00e7\u00e3o. Apurou-se, ainda, que agentes pol\u00edticos tiveram participa\u00e7\u00e3o direta nas fraudes perpetradas.<\/p>\n<p>As investiga\u00e7\u00f5es tamb\u00e9m revelaram irregularidades na execu\u00e7\u00e3o dos contratos decorrentes de duas tomadas de pre\u00e7os, celebradas entre o munic\u00edpio de Forquilhinha e uma empresa da cidade, criada em 2021, para prestar servi\u00e7os de jardinagem. A empresa estaria registrada em nome de terceiros, conhecidos como &#8216;laranjas&#8217;, com o objetivo de ocultar seu verdadeiro propriet\u00e1rio, que possui liga\u00e7\u00f5es com a administra\u00e7\u00e3o municipal.<\/p>\n<p>Em suma, apurou-se pr\u00e1ticas question\u00e1veis, como a manipula\u00e7\u00e3o de datas e press\u00f5es indevidas para a aprova\u00e7\u00e3o de notas fiscais e boletins de medi\u00e7\u00e3o, mesmo sem a conclus\u00e3o dos servi\u00e7os, al\u00e9m de irregularidades nos processos de fiscaliza\u00e7\u00e3o e execu\u00e7\u00e3o de obras.<\/p>\n<p>Al\u00e9m disso, destacam-se os v\u00ednculos pessoais entre s\u00f3cios da empresa investigada e figuras proeminentes da prefeitura, inclusive, a utiliza\u00e7\u00e3o de valores recebidos pela empresa nas elei\u00e7\u00f5es para presidente de uma cooperativa da regi\u00e3o.<\/p>\n<p>Foi cumprido um mandado de pris\u00e3o preventiva contra o empres\u00e1rio, al\u00e9m de quatro mandados de afastamento das fun\u00e7\u00f5es p\u00fablicas e 21 mandados de busca e apreens\u00e3o. Tamb\u00e9m foi expedida uma ordem judicial para o sequestro de bens e valores no montante de R$ 1,7 milh\u00e3o visando reparar os danos causados ao Munic\u00edpio de Forquilhinha.<\/p>\n<p>Os trabalhos contaram com o apoio da CECOR, da 1\u00aa,2\u00aa,3\u00aa, 4\u00aa e 5\u00aa DECOR, das Delegacias da DEIC, das DICs de Crici\u00fama e Ca\u00e7ador e da Delegacia de Pol\u00edcia de Frederico Westphalen (RS).<span style=\"color: var( --e-global-color-text ); font-family: var( --e-global-typography-primary-font-family ), Sans-serif; font-size: var( --e-global-typography-primary-font-size ); font-weight: var( --e-global-typography-primary-font-weight ); letter-spacing: var( --e-global-typography-primary-letter-spacing );\">&nbsp;<\/span><\/p>\t\t\t\t\t\t\t\t<\/div>\n\t\t\t\t<\/div>\n\t\t\t\t\t<\/div>\n\t\t<\/div>\n\t\t\t\t\t<\/div>\n\t\t<\/section>\n\t\t\t\t<\/div>\n\t\t","protected":false},"excerpt":{"rendered":"<p>Combate \u00e0 corrup\u00e7\u00e3o: opera\u00e7\u00e3o da PCSC &#8220;Maktub&#8221; 3 resulta em pris\u00e3o, afastamento de 4 pessoas da fun\u00e7\u00e3o p\u00fablica e apreens\u00e3o de valores em Forquilhinha A Pol\u00edcia Civil, por meio da Delegacia de Combate \u00e0 Corrup\u00e7\u00e3o &#8211; DECOR\/DEIC, deflagrou, nesta ter\u00e7a-feira, 15, opera\u00e7\u00e3o policial a fim de apurar irregularidades\/ilicitudes ocorridas no munic\u00edpio de Forquilhinha, em SC.&nbsp;As [&hellip;]<\/p>\n","protected":false},"author":5,"featured_media":24167,"comment_status":"closed","ping_status":"open","sticky":false,"template":"","format":"standard","meta":{"_monsterinsights_skip_tracking":false,"_monsterinsights_sitenote_active":false,"_monsterinsights_sitenote_note":"","_monsterinsights_sitenote_category":0,"footnotes":""},"categories":[1],"tags":[],"class_list":["post-24166","post","type-post","status-publish","format-standard","has-post-thumbnail","hentry","category-sem-categoria"],"_links":{"self":[{"href":"https:\/\/pc.sc.gov.br\/index.php?rest_route=\/wp\/v2\/posts\/24166","targetHints":{"allow":["GET"]}}],"collection":[{"href":"https:\/\/pc.sc.gov.br\/index.php?rest_route=\/wp\/v2\/posts"}],"about":[{"href":"https:\/\/pc.sc.gov.br\/index.php?rest_route=\/wp\/v2\/types\/post"}],"author":[{"embeddable":true,"href":"https:\/\/pc.sc.gov.br\/index.php?rest_route=\/wp\/v2\/users\/5"}],"replies":[{"embeddable":true,"href":"https:\/\/pc.sc.gov.br\/index.php?rest_route=%2Fwp%2Fv2%2Fcomments&post=24166"}],"version-history":[{"count":4,"href":"https:\/\/pc.sc.gov.br\/index.php?rest_route=\/wp\/v2\/posts\/24166\/revisions"}],"predecessor-version":[{"id":24171,"href":"https:\/\/pc.sc.gov.br\/index.php?rest_route=\/wp\/v2\/posts\/24166\/revisions\/24171"}],"wp:featuredmedia":[{"embeddable":true,"href":"https:\/\/pc.sc.gov.br\/index.php?rest_route=\/wp\/v2\/media\/24167"}],"wp:attachment":[{"href":"https:\/\/pc.sc.gov.br\/index.php?rest_route=%2Fwp%2Fv2%2Fmedia&parent=24166"}],"wp:term":[{"taxonomy":"category","embeddable":true,"href":"https:\/\/pc.sc.gov.br\/index.php?rest_route=%2Fwp%2Fv2%2Fcategories&post=24166"},{"taxonomy":"post_tag","embeddable":true,"href":"https:\/\/pc.sc.gov.br\/index.php?rest_route=%2Fwp%2Fv2%2Ftags&post=24166"}],"curies":[{"name":"wp","href":"https:\/\/api.w.org\/{rel}","templated":true}]}}