{"id":24172,"date":"2024-10-15T17:02:39","date_gmt":"2024-10-15T20:02:39","guid":{"rendered":"https:\/\/pc.sc.gov.br\/?p=24172"},"modified":"2024-10-15T17:17:34","modified_gmt":"2024-10-15T20:17:34","slug":"acadepol-sedia-o-simposio-enfrentamento-a-violencia-contra-a-mulher-dialogos-sobre-feminicidio","status":"publish","type":"post","link":"https:\/\/pc.sc.gov.br\/?p=24172","title":{"rendered":"Acadepol sedia o simp\u00f3sio \u201cEnfrentamento \u00e0 Viol\u00eancia Contra a Mulher: di\u00e1logos sobre feminic\u00eddio\u201d"},"content":{"rendered":"\t\t<div data-elementor-type=\"wp-post\" data-elementor-id=\"24172\" class=\"elementor elementor-24172\" data-elementor-post-type=\"post\">\n\t\t\t\t\t\t<section class=\"elementor-section elementor-top-section elementor-element elementor-element-d9e881c elementor-section-boxed elementor-section-height-default elementor-section-height-default\" data-id=\"d9e881c\" data-element_type=\"section\">\n\t\t\t\t\t\t<div class=\"elementor-container elementor-column-gap-default\">\n\t\t\t\t\t<div class=\"elementor-column elementor-col-100 elementor-top-column elementor-element elementor-element-a02438e\" data-id=\"a02438e\" data-element_type=\"column\">\n\t\t\t<div class=\"elementor-widget-wrap elementor-element-populated\">\n\t\t\t\t\t\t<div class=\"elementor-element elementor-element-2704a37 elementor-widget elementor-widget-heading\" data-id=\"2704a37\" data-element_type=\"widget\" data-widget_type=\"heading.default\">\n\t\t\t\t<div class=\"elementor-widget-container\">\n\t\t\t\t\t<h2 class=\"elementor-heading-title elementor-size-default\">Acadepol sedia o simp\u00f3sio \u201cEnfrentamento \u00e0 Viol\u00eancia Contra a Mulher: di\u00e1logos sobre feminic\u00eddio\u201d<\/h2>\t\t\t\t<\/div>\n\t\t\t\t<\/div>\n\t\t\t\t\t<\/div>\n\t\t<\/div>\n\t\t\t\t\t<\/div>\n\t\t<\/section>\n\t\t\t\t<section class=\"elementor-section elementor-top-section elementor-element elementor-element-2ff7439 elementor-section-boxed elementor-section-height-default elementor-section-height-default\" data-id=\"2ff7439\" data-element_type=\"section\">\n\t\t\t\t\t\t<div class=\"elementor-container elementor-column-gap-default\">\n\t\t\t\t\t<div class=\"elementor-column elementor-col-100 elementor-top-column elementor-element elementor-element-c317325\" data-id=\"c317325\" data-element_type=\"column\">\n\t\t\t<div class=\"elementor-widget-wrap elementor-element-populated\">\n\t\t\t\t\t\t<div class=\"elementor-element elementor-element-c7208b4 elementor-widget elementor-widget-image\" data-id=\"c7208b4\" data-element_type=\"widget\" data-widget_type=\"image.default\">\n\t\t\t\t<div class=\"elementor-widget-container\">\n\t\t\t\t\t\t\t\t\t\t\t\t\t\t\t<img fetchpriority=\"high\" decoding=\"async\" width=\"669\" height=\"545\" src=\"https:\/\/pc.sc.gov.br\/\/wp-content\/uploads\/2024\/10\/WhatsApp-Image-2024-10-15-at-16.59.16-1.jpeg\" class=\"attachment-large size-large wp-image-24173\" alt=\"\" srcset=\"https:\/\/pc.sc.gov.br\/\/wp-content\/uploads\/2024\/10\/WhatsApp-Image-2024-10-15-at-16.59.16-1.jpeg 669w, https:\/\/pc.sc.gov.br\/\/wp-content\/uploads\/2024\/10\/WhatsApp-Image-2024-10-15-at-16.59.16-1-300x244.jpeg 300w\" sizes=\"(max-width: 669px) 100vw, 669px\" \/>\t\t\t\t\t\t\t\t\t\t\t\t\t\t\t<\/div>\n\t\t\t\t<\/div>\n\t\t\t\t\t<\/div>\n\t\t<\/div>\n\t\t\t\t\t<\/div>\n\t\t<\/section>\n\t\t\t\t<section class=\"elementor-section elementor-top-section elementor-element elementor-element-7353062 elementor-section-boxed elementor-section-height-default elementor-section-height-default\" data-id=\"7353062\" data-element_type=\"section\">\n\t\t\t\t\t\t<div class=\"elementor-container elementor-column-gap-default\">\n\t\t\t\t\t<div class=\"elementor-column elementor-col-100 elementor-top-column elementor-element elementor-element-af9c528\" data-id=\"af9c528\" data-element_type=\"column\">\n\t\t\t<div class=\"elementor-widget-wrap elementor-element-populated\">\n\t\t\t\t\t\t<div class=\"elementor-element elementor-element-5ecd6c1 elementor-widget elementor-widget-text-editor\" data-id=\"5ecd6c1\" data-element_type=\"widget\" data-widget_type=\"text-editor.default\">\n\t\t\t\t<div class=\"elementor-widget-container\">\n\t\t\t\t\t\t\t\t\t<p>A Academia de Pol\u00edcia Civil de Santa Catarina (Acadepol) sedia nesta ter\u00e7a-feira, 15, e quarta-feira, 16, o Simp\u00f3sio Enfrentamento \u00e0 Viol\u00eancia Contra a Mulher. No evento ser\u00e3o debatidos diversos aspectos envolvendo a tem\u00e1tica, objeto de um extenso estudo onde um grupo de estudiosos do tema da Universidade Federal de Santa Catarina (UFSC) realizou uma pesquisa, em parceria com a Pol\u00edcia Civil de Santa Catarina (PCSC), coletando dados de homic\u00eddios femininos e feminic\u00eddios no Estado.&nbsp;<\/p>\n<p>Os dados foram extra\u00eddos de inqu\u00e9ritos policiais nos anos de 2018, 2019 e 2020. Ao todo foram coletados 276 procedimentos investigativos de homic\u00eddios de mulheres, sendo 142 de feminic\u00eddios e 134 de homic\u00eddios simples. Tamb\u00e9m foram realizadas 20 entrevistas semi-estruturadas com delegados de pol\u00edcia das diferentes regi\u00f5es de Santa Catarina. O trabalho teve a colabora\u00e7\u00e3o de delegados, psic\u00f3logos, escriv\u00e3es e agentes de pol\u00edcia.<\/p>\n<p>A finaliza\u00e7\u00e3o da pesquisa resultou na publica\u00e7\u00e3o dos livros&nbsp;<a href=\"https:\/\/margens.ufsc.br\/livros-publicados\/\" target=\"_blank\" rel=\"noopener\">Estudos Interdisciplinares sobre Feminic\u00eddio e An\u00e1lise Psicossocial de Homic\u00eddios de Mulheres em Santa Catarina&nbsp;<\/a>e a cartilha&nbsp;<a href=\"https:\/\/margens.ufsc.br\/files\/2024\/05\/CartilhaFeminicidio-diagramado-FINAL-online-4.pdf\" target=\"_blank\">Processo de Reconhecimento do Feminic\u00eddio&nbsp;a partir de mortes violentas de Mulheres em Santa Catarina<\/a>.<\/p>\n<p>A equipe de pesquisadores \u00e9 composta pelos professores do Programa de P\u00f3s-gradua\u00e7\u00e3o em Psicologia (PPGP\/UFSC) Adriano Beiras e Andr\u00e9ia Isabel Giacomozzi, pelas doutorandas Ver\u00f4nica Bem dos Santos e Maiara Leandro e pela doutora em Psicologia Camila Maffioleti Cavaler. A pesquisa tamb\u00e9m teve a participa\u00e7\u00e3o de duas bolsistas de Inicia\u00e7\u00e3o Cient\u00edfica que colaboraram para a coleta de dados e escrita dos resultados.<\/p>\t\t\t\t\t\t\t\t<\/div>\n\t\t\t\t<\/div>\n\t\t\t\t\t<\/div>\n\t\t<\/div>\n\t\t\t\t\t<\/div>\n\t\t<\/section>\n\t\t\t\t<\/div>\n\t\t","protected":false},"excerpt":{"rendered":"<p>Acadepol sedia o simp\u00f3sio \u201cEnfrentamento \u00e0 Viol\u00eancia Contra a Mulher: di\u00e1logos sobre feminic\u00eddio\u201d A Academia de Pol\u00edcia Civil de Santa Catarina (Acadepol) sedia nesta ter\u00e7a-feira, 15, e quarta-feira, 16, o Simp\u00f3sio Enfrentamento \u00e0 Viol\u00eancia Contra a Mulher. No evento ser\u00e3o debatidos diversos aspectos envolvendo a tem\u00e1tica, objeto de um extenso estudo onde um grupo de [&hellip;]<\/p>\n","protected":false},"author":5,"featured_media":24173,"comment_status":"closed","ping_status":"open","sticky":false,"template":"","format":"standard","meta":{"_monsterinsights_skip_tracking":false,"_monsterinsights_sitenote_active":false,"_monsterinsights_sitenote_note":"","_monsterinsights_sitenote_category":0,"footnotes":""},"categories":[1],"tags":[],"class_list":["post-24172","post","type-post","status-publish","format-standard","has-post-thumbnail","hentry","category-sem-categoria"],"_links":{"self":[{"href":"https:\/\/pc.sc.gov.br\/index.php?rest_route=\/wp\/v2\/posts\/24172","targetHints":{"allow":["GET"]}}],"collection":[{"href":"https:\/\/pc.sc.gov.br\/index.php?rest_route=\/wp\/v2\/posts"}],"about":[{"href":"https:\/\/pc.sc.gov.br\/index.php?rest_route=\/wp\/v2\/types\/post"}],"author":[{"embeddable":true,"href":"https:\/\/pc.sc.gov.br\/index.php?rest_route=\/wp\/v2\/users\/5"}],"replies":[{"embeddable":true,"href":"https:\/\/pc.sc.gov.br\/index.php?rest_route=%2Fwp%2Fv2%2Fcomments&post=24172"}],"version-history":[{"count":9,"href":"https:\/\/pc.sc.gov.br\/index.php?rest_route=\/wp\/v2\/posts\/24172\/revisions"}],"predecessor-version":[{"id":24184,"href":"https:\/\/pc.sc.gov.br\/index.php?rest_route=\/wp\/v2\/posts\/24172\/revisions\/24184"}],"wp:featuredmedia":[{"embeddable":true,"href":"https:\/\/pc.sc.gov.br\/index.php?rest_route=\/wp\/v2\/media\/24173"}],"wp:attachment":[{"href":"https:\/\/pc.sc.gov.br\/index.php?rest_route=%2Fwp%2Fv2%2Fmedia&parent=24172"}],"wp:term":[{"taxonomy":"category","embeddable":true,"href":"https:\/\/pc.sc.gov.br\/index.php?rest_route=%2Fwp%2Fv2%2Fcategories&post=24172"},{"taxonomy":"post_tag","embeddable":true,"href":"https:\/\/pc.sc.gov.br\/index.php?rest_route=%2Fwp%2Fv2%2Ftags&post=24172"}],"curies":[{"name":"wp","href":"https:\/\/api.w.org\/{rel}","templated":true}]}}