{"id":24189,"date":"2024-10-15T17:50:49","date_gmt":"2024-10-15T20:50:49","guid":{"rendered":"https:\/\/pc.sc.gov.br\/?p=24189"},"modified":"2024-10-15T17:52:14","modified_gmt":"2024-10-15T20:52:14","slug":"draco-deic-incinera-grande-quantidade-de-cocaina-apreendida-na-ultima-operacao","status":"publish","type":"post","link":"https:\/\/pc.sc.gov.br\/?p=24189","title":{"rendered":"DRACO\/DEIC incinera grande quantidade de coca\u00edna apreendida na ultima opera\u00e7\u00e3o"},"content":{"rendered":"\t\t<div data-elementor-type=\"wp-post\" data-elementor-id=\"24189\" class=\"elementor elementor-24189\" data-elementor-post-type=\"post\">\n\t\t\t\t\t\t<section class=\"elementor-section elementor-top-section elementor-element elementor-element-80763a8 elementor-section-boxed elementor-section-height-default elementor-section-height-default\" data-id=\"80763a8\" data-element_type=\"section\">\n\t\t\t\t\t\t<div class=\"elementor-container elementor-column-gap-default\">\n\t\t\t\t\t<div class=\"elementor-column elementor-col-100 elementor-top-column elementor-element elementor-element-2439429\" data-id=\"2439429\" data-element_type=\"column\">\n\t\t\t<div class=\"elementor-widget-wrap elementor-element-populated\">\n\t\t\t\t\t\t<div class=\"elementor-element elementor-element-ccafb2f elementor-widget elementor-widget-heading\" data-id=\"ccafb2f\" data-element_type=\"widget\" data-widget_type=\"heading.default\">\n\t\t\t\t<div class=\"elementor-widget-container\">\n\t\t\t\t\t<h2 class=\"elementor-heading-title elementor-size-default\">DRACO\/DEIC incinera grande quantidade de coca\u00edna apreendida na ultima opera\u00e7\u00e3o <\/h2>\t\t\t\t<\/div>\n\t\t\t\t<\/div>\n\t\t\t\t\t<\/div>\n\t\t<\/div>\n\t\t\t\t\t<\/div>\n\t\t<\/section>\n\t\t\t\t<section class=\"elementor-section elementor-top-section elementor-element elementor-element-0064509 elementor-section-boxed elementor-section-height-default elementor-section-height-default\" data-id=\"0064509\" data-element_type=\"section\">\n\t\t\t\t\t\t<div class=\"elementor-container elementor-column-gap-default\">\n\t\t\t\t\t<div class=\"elementor-column elementor-col-100 elementor-top-column elementor-element elementor-element-1d131b3\" data-id=\"1d131b3\" data-element_type=\"column\">\n\t\t\t<div class=\"elementor-widget-wrap elementor-element-populated\">\n\t\t\t\t\t\t<div class=\"elementor-element elementor-element-3d99a86 elementor-widget elementor-widget-image\" data-id=\"3d99a86\" data-element_type=\"widget\" data-widget_type=\"image.default\">\n\t\t\t\t<div class=\"elementor-widget-container\">\n\t\t\t\t\t\t\t\t\t\t\t\t\t\t\t<img fetchpriority=\"high\" decoding=\"async\" width=\"576\" height=\"1024\" src=\"https:\/\/pc.sc.gov.br\/\/wp-content\/uploads\/2024\/10\/WhatsApp-Image-2024-10-15-at-17.40.33-576x1024.jpeg\" class=\"attachment-large size-large wp-image-24190\" alt=\"\" srcset=\"https:\/\/pc.sc.gov.br\/\/wp-content\/uploads\/2024\/10\/WhatsApp-Image-2024-10-15-at-17.40.33-576x1024.jpeg 576w, https:\/\/pc.sc.gov.br\/\/wp-content\/uploads\/2024\/10\/WhatsApp-Image-2024-10-15-at-17.40.33-169x300.jpeg 169w, https:\/\/pc.sc.gov.br\/\/wp-content\/uploads\/2024\/10\/WhatsApp-Image-2024-10-15-at-17.40.33-768x1365.jpeg 768w, https:\/\/pc.sc.gov.br\/\/wp-content\/uploads\/2024\/10\/WhatsApp-Image-2024-10-15-at-17.40.33-864x1536.jpeg 864w, https:\/\/pc.sc.gov.br\/\/wp-content\/uploads\/2024\/10\/WhatsApp-Image-2024-10-15-at-17.40.33.jpeg 900w\" sizes=\"(max-width: 576px) 100vw, 576px\" \/>\t\t\t\t\t\t\t\t\t\t\t\t\t\t\t<\/div>\n\t\t\t\t<\/div>\n\t\t\t\t\t<\/div>\n\t\t<\/div>\n\t\t\t\t\t<\/div>\n\t\t<\/section>\n\t\t\t\t<section class=\"elementor-section elementor-top-section elementor-element elementor-element-8a2780e elementor-section-boxed elementor-section-height-default elementor-section-height-default\" data-id=\"8a2780e\" data-element_type=\"section\">\n\t\t\t\t\t\t<div class=\"elementor-container elementor-column-gap-default\">\n\t\t\t\t\t<div class=\"elementor-column elementor-col-100 elementor-top-column elementor-element elementor-element-2ab1408\" data-id=\"2ab1408\" data-element_type=\"column\">\n\t\t\t<div class=\"elementor-widget-wrap elementor-element-populated\">\n\t\t\t\t\t\t<div class=\"elementor-element elementor-element-4d1f433 elementor-widget elementor-widget-text-editor\" data-id=\"4d1f433\" data-element_type=\"widget\" data-widget_type=\"text-editor.default\">\n\t\t\t\t<div class=\"elementor-widget-container\">\n\t\t\t\t\t\t\t\t\t<p>A Pol\u00edcia Civil de Santa Catarina, por meio da Delegacia de Repress\u00e3o ao Crime Organizado da Diretoria Estadual de Investiga\u00e7\u00f5es Criminais (DRACO\/DEIC), incinerou, nesta ter\u00e7a-feira (15\/10), aproximadamente 700 quilos de coca\u00edna e pasta base, que foram apreendidos na ultima opera\u00e7\u00e3o policial realizada no munic\u00edpio de Santo Amaro da Imperatriz.<\/p><p>A maior apreens\u00e3o de coca\u00edna e pasta base j\u00e1 realizada pela Policia Civil ocorreu no domingo de elei\u00e7\u00f5es municipais (06\/10), na ocasi\u00e3o, al\u00e9m dos quase 700 quilos da droga, avaliada em mais de 100 milh\u00f5es de reais, foram presos tr\u00eas narcotraficantes e apreendidos um caminh\u00e3o bitrem e tr\u00eas outros ve\u00edculos.<\/p><p>Nesta tarde (15\/10), a DRACO, ap\u00f3s decis\u00e3o judicial autorizando a destrui\u00e7\u00e3o da droga, incinerou o entorpecente em uma olaria localizada no munic\u00edpio da Canelinha. A Vigil\u00e2ncia Sanit\u00e1ria do munic\u00edpio acompanhou a opera\u00e7\u00e3o de destrui\u00e7\u00e3o.<\/p><p>A DRACO\/DEIC refor\u00e7a seu compromisso em combater as organiza\u00e7\u00f5es criminosas voltadas ao trafico de drogas em prol da sociedade catarinense.<\/p>\t\t\t\t\t\t\t\t<\/div>\n\t\t\t\t<\/div>\n\t\t\t\t\t<\/div>\n\t\t<\/div>\n\t\t\t\t\t<\/div>\n\t\t<\/section>\n\t\t\t\t<\/div>\n\t\t","protected":false},"excerpt":{"rendered":"<p>DRACO\/DEIC incinera grande quantidade de coca\u00edna apreendida na ultima opera\u00e7\u00e3o A Pol\u00edcia Civil de Santa Catarina, por meio da Delegacia de Repress\u00e3o ao Crime Organizado da Diretoria Estadual de Investiga\u00e7\u00f5es Criminais (DRACO\/DEIC), incinerou, nesta ter\u00e7a-feira (15\/10), aproximadamente 700 quilos de coca\u00edna e pasta base, que foram apreendidos na ultima opera\u00e7\u00e3o policial realizada no munic\u00edpio de [&hellip;]<\/p>\n","protected":false},"author":5,"featured_media":24190,"comment_status":"closed","ping_status":"open","sticky":false,"template":"","format":"standard","meta":{"_monsterinsights_skip_tracking":false,"_monsterinsights_sitenote_active":false,"_monsterinsights_sitenote_note":"","_monsterinsights_sitenote_category":0,"footnotes":""},"categories":[1],"tags":[],"class_list":["post-24189","post","type-post","status-publish","format-standard","has-post-thumbnail","hentry","category-sem-categoria"],"_links":{"self":[{"href":"https:\/\/pc.sc.gov.br\/index.php?rest_route=\/wp\/v2\/posts\/24189","targetHints":{"allow":["GET"]}}],"collection":[{"href":"https:\/\/pc.sc.gov.br\/index.php?rest_route=\/wp\/v2\/posts"}],"about":[{"href":"https:\/\/pc.sc.gov.br\/index.php?rest_route=\/wp\/v2\/types\/post"}],"author":[{"embeddable":true,"href":"https:\/\/pc.sc.gov.br\/index.php?rest_route=\/wp\/v2\/users\/5"}],"replies":[{"embeddable":true,"href":"https:\/\/pc.sc.gov.br\/index.php?rest_route=%2Fwp%2Fv2%2Fcomments&post=24189"}],"version-history":[{"count":4,"href":"https:\/\/pc.sc.gov.br\/index.php?rest_route=\/wp\/v2\/posts\/24189\/revisions"}],"predecessor-version":[{"id":24197,"href":"https:\/\/pc.sc.gov.br\/index.php?rest_route=\/wp\/v2\/posts\/24189\/revisions\/24197"}],"wp:featuredmedia":[{"embeddable":true,"href":"https:\/\/pc.sc.gov.br\/index.php?rest_route=\/wp\/v2\/media\/24190"}],"wp:attachment":[{"href":"https:\/\/pc.sc.gov.br\/index.php?rest_route=%2Fwp%2Fv2%2Fmedia&parent=24189"}],"wp:term":[{"taxonomy":"category","embeddable":true,"href":"https:\/\/pc.sc.gov.br\/index.php?rest_route=%2Fwp%2Fv2%2Fcategories&post=24189"},{"taxonomy":"post_tag","embeddable":true,"href":"https:\/\/pc.sc.gov.br\/index.php?rest_route=%2Fwp%2Fv2%2Ftags&post=24189"}],"curies":[{"name":"wp","href":"https:\/\/api.w.org\/{rel}","templated":true}]}}