{"id":24214,"date":"2024-10-16T17:41:49","date_gmt":"2024-10-16T20:41:49","guid":{"rendered":"https:\/\/pc.sc.gov.br\/?p=24214"},"modified":"2024-10-16T17:42:36","modified_gmt":"2024-10-16T20:42:36","slug":"policia-civil-deflagra-operacao-policial-e-prende-suspeitos-de-praticar-furtos-com-o-uso-de-chapolin-em-tubarao","status":"publish","type":"post","link":"https:\/\/pc.sc.gov.br\/?p=24214","title":{"rendered":"Pol\u00edcia Civil deflagra opera\u00e7\u00e3o policial e prende suspeitos de praticar furtos com o uso de \u201cchapolin\u201d em Tubar\u00e3o"},"content":{"rendered":"\t\t<div data-elementor-type=\"wp-post\" data-elementor-id=\"24214\" class=\"elementor elementor-24214\" data-elementor-post-type=\"post\">\n\t\t\t\t\t\t<section class=\"elementor-section elementor-top-section elementor-element elementor-element-993870b elementor-section-boxed elementor-section-height-default elementor-section-height-default\" data-id=\"993870b\" data-element_type=\"section\">\n\t\t\t\t\t\t<div class=\"elementor-container elementor-column-gap-default\">\n\t\t\t\t\t<div class=\"elementor-column elementor-col-100 elementor-top-column elementor-element elementor-element-d83b256\" data-id=\"d83b256\" data-element_type=\"column\">\n\t\t\t<div class=\"elementor-widget-wrap elementor-element-populated\">\n\t\t\t\t\t\t<div class=\"elementor-element elementor-element-62362d5 elementor-widget elementor-widget-heading\" data-id=\"62362d5\" data-element_type=\"widget\" data-widget_type=\"heading.default\">\n\t\t\t\t<div class=\"elementor-widget-container\">\n\t\t\t\t\t<h2 class=\"elementor-heading-title elementor-size-default\">Pol\u00edcia Civil deflagra opera\u00e7\u00e3o policial e prende suspeitos de praticar furtos com o uso de \u201cchapolin\u201d em Tubar\u00e3o<\/h2>\t\t\t\t<\/div>\n\t\t\t\t<\/div>\n\t\t\t\t\t<\/div>\n\t\t<\/div>\n\t\t\t\t\t<\/div>\n\t\t<\/section>\n\t\t\t\t<section class=\"elementor-section elementor-top-section elementor-element elementor-element-a79980d elementor-section-boxed elementor-section-height-default elementor-section-height-default\" data-id=\"a79980d\" data-element_type=\"section\">\n\t\t\t\t\t\t<div class=\"elementor-container elementor-column-gap-default\">\n\t\t\t\t\t<div class=\"elementor-column elementor-col-100 elementor-top-column elementor-element elementor-element-0178f41\" data-id=\"0178f41\" data-element_type=\"column\">\n\t\t\t<div class=\"elementor-widget-wrap elementor-element-populated\">\n\t\t\t\t\t\t<div class=\"elementor-element elementor-element-8e42e56 elementor-widget elementor-widget-image\" data-id=\"8e42e56\" data-element_type=\"widget\" data-widget_type=\"image.default\">\n\t\t\t\t<div class=\"elementor-widget-container\">\n\t\t\t\t\t\t\t\t\t\t\t\t\t\t\t<img fetchpriority=\"high\" decoding=\"async\" width=\"570\" height=\"510\" src=\"https:\/\/pc.sc.gov.br\/\/wp-content\/uploads\/2024\/10\/WhatsApp-Image-2024-10-16-at-17.28.45.jpeg\" class=\"attachment-large size-large wp-image-24215\" alt=\"\" srcset=\"https:\/\/pc.sc.gov.br\/\/wp-content\/uploads\/2024\/10\/WhatsApp-Image-2024-10-16-at-17.28.45.jpeg 570w, https:\/\/pc.sc.gov.br\/\/wp-content\/uploads\/2024\/10\/WhatsApp-Image-2024-10-16-at-17.28.45-300x268.jpeg 300w\" sizes=\"(max-width: 570px) 100vw, 570px\" \/>\t\t\t\t\t\t\t\t\t\t\t\t\t\t\t<\/div>\n\t\t\t\t<\/div>\n\t\t\t\t\t<\/div>\n\t\t<\/div>\n\t\t\t\t\t<\/div>\n\t\t<\/section>\n\t\t\t\t<section class=\"elementor-section elementor-top-section elementor-element elementor-element-4ea6d28 elementor-section-boxed elementor-section-height-default elementor-section-height-default\" data-id=\"4ea6d28\" data-element_type=\"section\">\n\t\t\t\t\t\t<div class=\"elementor-container elementor-column-gap-default\">\n\t\t\t\t\t<div class=\"elementor-column elementor-col-100 elementor-top-column elementor-element elementor-element-ba5434e\" data-id=\"ba5434e\" data-element_type=\"column\">\n\t\t\t<div class=\"elementor-widget-wrap elementor-element-populated\">\n\t\t\t\t\t\t<div class=\"elementor-element elementor-element-ac9b2d4 elementor-widget elementor-widget-text-editor\" data-id=\"ac9b2d4\" data-element_type=\"widget\" data-widget_type=\"text-editor.default\">\n\t\t\t\t<div class=\"elementor-widget-container\">\n\t\t\t\t\t\t\t\t\t<p>A Pol\u00edcia Civil de Santa Catarina, por meio da Delegacia de Investiga\u00e7\u00e3o Criminal de Tubar\u00e3o, prendeu preventivamente dois suspeitos de terem participado de furtos praticados na cidade de Tubar\u00e3o com o uso de dispositivos \u201cchapolin\u201d. Al\u00e9m das pris\u00f5es, os policiais cumpriram cinco mandados de busca e apreens\u00e3o.<\/p><p>A DIC de Tubar\u00e3o instaurou inqu\u00e9rito policial visando apurar alguns furtos ocorridos em Tubar\u00e3o entre os dias 26\/08\/2024 e 30\/08\/2024. Os autores se dirigiam a estacionamentos da cidade de Tubar\u00e3o, observavam os ve\u00edculos que paravam no local, escolhiam a v\u00edtima e ao perceberem que a v\u00edtima, ao sair do carro, ia travar as portas, acionavam um dispositivo popularmente conhecido como \u201cchapolin\u201d, o qual impede o travamento das portas do carro.<\/p><p>Sem o travamento, os autores acessavam o interior do ve\u00edculo e subtra\u00edam os pertences que encontravam. Dentre os objetos subtra\u00eddos, os autores buscavam pegar os cart\u00f5es banc\u00e1rios das v\u00edtimas. Posteriormente, de posse desses cart\u00f5es, os autores passavam os pl\u00e1sticos em maquininhas da \u201cquadrilha\u201d, gerando grandes preju\u00edzos \u00e0s v\u00edtimas. Eram feitas diversas compras falsas de pequenos valores para evitar a utiliza\u00e7\u00e3o das senhas dos cart\u00f5es.<\/p><p>Ap\u00f3s cerca de 20 dias de investiga\u00e7\u00f5es, a DIC de Tubar\u00e3o identificou tr\u00eas suspeitos de participarem do esquema e representou pela expedi\u00e7\u00e3o de cinco mandados de busca e apreens\u00e3o e pela pris\u00e3o preventiva dos suspeitos at\u00e9 ent\u00e3o identificados \u2013 pedidos que foram deferidos pelo Ju\u00edzo da 1\u00ba Vara Criminal da Comarca de Tubar\u00e3o.<\/p><p>Na manh\u00e3 desta quarta-feira (16\/10\/2024), por volta das 6h, a Pol\u00edcia Civil deflagrou opera\u00e7\u00e3o policial na cidade de Palho\u00e7a. Durante a opera\u00e7\u00e3o, dois dos suspeitos foram presos. Um terceiro suspeito est\u00e1 foragido. Al\u00e9m disso, foi dado cumprimento aos mandados de busca e apreens\u00e3o.<\/p><p>Os dois suspeitos presos foram interrogados e disseram que recebiam 5% dos valores subtra\u00eddos atrav\u00e9s dos cart\u00f5es banc\u00e1rios das v\u00edtimas em troca de ceder seus dados para a contrata\u00e7\u00e3o de m\u00e1quinas de cart\u00e3o.<\/p><p>Os presos foram encaminhados \u00e0 CPP de Palho\u00e7a e posteriormente ao Sistema Prisional. Participaram da opera\u00e7\u00e3o a DIC de Tubar\u00e3o, a DIC de Palho\u00e7a e a Delegacia de Homic\u00eddios da Capital.<\/p>\t\t\t\t\t\t\t\t<\/div>\n\t\t\t\t<\/div>\n\t\t\t\t\t<\/div>\n\t\t<\/div>\n\t\t\t\t\t<\/div>\n\t\t<\/section>\n\t\t\t\t<\/div>\n\t\t","protected":false},"excerpt":{"rendered":"<p>Pol\u00edcia Civil deflagra opera\u00e7\u00e3o policial e prende suspeitos de praticar furtos com o uso de \u201cchapolin\u201d em Tubar\u00e3o A Pol\u00edcia Civil de Santa Catarina, por meio da Delegacia de Investiga\u00e7\u00e3o Criminal de Tubar\u00e3o, prendeu preventivamente dois suspeitos de terem participado de furtos praticados na cidade de Tubar\u00e3o com o uso de dispositivos \u201cchapolin\u201d. Al\u00e9m das [&hellip;]<\/p>\n","protected":false},"author":5,"featured_media":24215,"comment_status":"closed","ping_status":"open","sticky":false,"template":"","format":"standard","meta":{"_monsterinsights_skip_tracking":false,"_monsterinsights_sitenote_active":false,"_monsterinsights_sitenote_note":"","_monsterinsights_sitenote_category":0,"footnotes":""},"categories":[1],"tags":[],"class_list":["post-24214","post","type-post","status-publish","format-standard","has-post-thumbnail","hentry","category-sem-categoria"],"_links":{"self":[{"href":"https:\/\/pc.sc.gov.br\/index.php?rest_route=\/wp\/v2\/posts\/24214","targetHints":{"allow":["GET"]}}],"collection":[{"href":"https:\/\/pc.sc.gov.br\/index.php?rest_route=\/wp\/v2\/posts"}],"about":[{"href":"https:\/\/pc.sc.gov.br\/index.php?rest_route=\/wp\/v2\/types\/post"}],"author":[{"embeddable":true,"href":"https:\/\/pc.sc.gov.br\/index.php?rest_route=\/wp\/v2\/users\/5"}],"replies":[{"embeddable":true,"href":"https:\/\/pc.sc.gov.br\/index.php?rest_route=%2Fwp%2Fv2%2Fcomments&post=24214"}],"version-history":[{"count":4,"href":"https:\/\/pc.sc.gov.br\/index.php?rest_route=\/wp\/v2\/posts\/24214\/revisions"}],"predecessor-version":[{"id":24219,"href":"https:\/\/pc.sc.gov.br\/index.php?rest_route=\/wp\/v2\/posts\/24214\/revisions\/24219"}],"wp:featuredmedia":[{"embeddable":true,"href":"https:\/\/pc.sc.gov.br\/index.php?rest_route=\/wp\/v2\/media\/24215"}],"wp:attachment":[{"href":"https:\/\/pc.sc.gov.br\/index.php?rest_route=%2Fwp%2Fv2%2Fmedia&parent=24214"}],"wp:term":[{"taxonomy":"category","embeddable":true,"href":"https:\/\/pc.sc.gov.br\/index.php?rest_route=%2Fwp%2Fv2%2Fcategories&post=24214"},{"taxonomy":"post_tag","embeddable":true,"href":"https:\/\/pc.sc.gov.br\/index.php?rest_route=%2Fwp%2Fv2%2Ftags&post=24214"}],"curies":[{"name":"wp","href":"https:\/\/api.w.org\/{rel}","templated":true}]}}