{"id":24227,"date":"2024-10-17T17:37:29","date_gmt":"2024-10-17T20:37:29","guid":{"rendered":"https:\/\/pc.sc.gov.br\/?p=24227"},"modified":"2024-10-17T17:38:08","modified_gmt":"2024-10-17T20:38:08","slug":"draco-deic-deflagra-operacao-policial-para-prender-liderancas-de-organizacao-criminosa-com-atuacao-em-palhoca","status":"publish","type":"post","link":"https:\/\/pc.sc.gov.br\/?p=24227","title":{"rendered":"DRACO\/DEIC deflagra opera\u00e7\u00e3o policial para prender lideran\u00e7as de organiza\u00e7\u00e3o criminosa com atua\u00e7\u00e3o em Palho\u00e7a"},"content":{"rendered":"\t\t<div data-elementor-type=\"wp-post\" data-elementor-id=\"24227\" class=\"elementor elementor-24227\" data-elementor-post-type=\"post\">\n\t\t\t\t\t\t<section class=\"elementor-section elementor-top-section elementor-element elementor-element-a940577 elementor-section-boxed elementor-section-height-default elementor-section-height-default\" data-id=\"a940577\" data-element_type=\"section\">\n\t\t\t\t\t\t<div class=\"elementor-container elementor-column-gap-default\">\n\t\t\t\t\t<div class=\"elementor-column elementor-col-100 elementor-top-column elementor-element elementor-element-0c0b63a\" data-id=\"0c0b63a\" data-element_type=\"column\">\n\t\t\t<div class=\"elementor-widget-wrap elementor-element-populated\">\n\t\t\t\t\t\t<div class=\"elementor-element elementor-element-7feb34b elementor-widget elementor-widget-heading\" data-id=\"7feb34b\" data-element_type=\"widget\" data-widget_type=\"heading.default\">\n\t\t\t\t<div class=\"elementor-widget-container\">\n\t\t\t\t\t<h2 class=\"elementor-heading-title elementor-size-default\">DRACO\/DEIC deflagra opera\u00e7\u00e3o policial para prender lideran\u00e7as de organiza\u00e7\u00e3o criminosa com atua\u00e7\u00e3o em Palho\u00e7a <\/h2>\t\t\t\t<\/div>\n\t\t\t\t<\/div>\n\t\t\t\t\t<\/div>\n\t\t<\/div>\n\t\t\t\t\t<\/div>\n\t\t<\/section>\n\t\t\t\t<section class=\"elementor-section elementor-top-section elementor-element elementor-element-41a6594 elementor-section-boxed elementor-section-height-default elementor-section-height-default\" data-id=\"41a6594\" data-element_type=\"section\">\n\t\t\t\t\t\t<div class=\"elementor-container elementor-column-gap-default\">\n\t\t\t\t\t<div class=\"elementor-column elementor-col-100 elementor-top-column elementor-element elementor-element-1651779\" data-id=\"1651779\" data-element_type=\"column\">\n\t\t\t<div class=\"elementor-widget-wrap elementor-element-populated\">\n\t\t\t\t\t\t<div class=\"elementor-element elementor-element-4296572 elementor-widget elementor-widget-image\" data-id=\"4296572\" data-element_type=\"widget\" data-widget_type=\"image.default\">\n\t\t\t\t<div class=\"elementor-widget-container\">\n\t\t\t\t\t\t\t\t\t\t\t\t\t\t\t<img fetchpriority=\"high\" decoding=\"async\" width=\"696\" height=\"534\" src=\"https:\/\/pc.sc.gov.br\/\/wp-content\/uploads\/2024\/10\/WhatsApp-Image-2024-10-17-at-17.37.33-1024x785.jpeg\" class=\"attachment-large size-large wp-image-24230\" alt=\"\" srcset=\"https:\/\/pc.sc.gov.br\/\/wp-content\/uploads\/2024\/10\/WhatsApp-Image-2024-10-17-at-17.37.33-1024x785.jpeg 1024w, https:\/\/pc.sc.gov.br\/\/wp-content\/uploads\/2024\/10\/WhatsApp-Image-2024-10-17-at-17.37.33-300x230.jpeg 300w, https:\/\/pc.sc.gov.br\/\/wp-content\/uploads\/2024\/10\/WhatsApp-Image-2024-10-17-at-17.37.33-768x588.jpeg 768w, https:\/\/pc.sc.gov.br\/\/wp-content\/uploads\/2024\/10\/WhatsApp-Image-2024-10-17-at-17.37.33.jpeg 1048w\" sizes=\"(max-width: 696px) 100vw, 696px\" \/>\t\t\t\t\t\t\t\t\t\t\t\t\t\t\t<\/div>\n\t\t\t\t<\/div>\n\t\t\t\t\t<\/div>\n\t\t<\/div>\n\t\t\t\t\t<\/div>\n\t\t<\/section>\n\t\t\t\t<section class=\"elementor-section elementor-top-section elementor-element elementor-element-d8ac9e9 elementor-section-boxed elementor-section-height-default elementor-section-height-default\" data-id=\"d8ac9e9\" data-element_type=\"section\">\n\t\t\t\t\t\t<div class=\"elementor-container elementor-column-gap-default\">\n\t\t\t\t\t<div class=\"elementor-column elementor-col-100 elementor-top-column elementor-element elementor-element-6adaf4a\" data-id=\"6adaf4a\" data-element_type=\"column\">\n\t\t\t<div class=\"elementor-widget-wrap elementor-element-populated\">\n\t\t\t\t\t\t<div class=\"elementor-element elementor-element-64a5e63 elementor-widget elementor-widget-text-editor\" data-id=\"64a5e63\" data-element_type=\"widget\" data-widget_type=\"text-editor.default\">\n\t\t\t\t<div class=\"elementor-widget-container\">\n\t\t\t\t\t\t\t\t\t<p>Nesta quinta-feira (17\/10), a Pol\u00edcia Civil de Santa Catarina, por meio da Delegacia de Repress\u00e3o ao Crime Organizado da Diretoria Estadual de Investiga\u00e7\u00f5es Criminais, deflagrou opera\u00e7\u00e3o policial na regi\u00e3o da Grande Florian\u00f3polis para dar cumprimento a 10 mandados de pris\u00e3o em desfavor de lideran\u00e7as de uma organiza\u00e7\u00e3o criminosa, com forte atua\u00e7\u00e3o no munic\u00edpio de Palho\u00e7a, voltada ao com\u00e9rcio de grandes quantidades de drogas. At\u00e9 o momento, quatro investigados foram presos, dois ve\u00edculos, uma moto e demais objetos de interesse da investiga\u00e7\u00e3o foram apreendidos.<\/p><p>Al\u00e9m dos 10 mandados de pris\u00e3o, tamb\u00e9m est\u00e3o sendo cumpridos 23 mandados de busca e apreens\u00e3o expedidos pelo Ju\u00edzo da Vara de Garantias da Regi\u00e3o Metropolitana de Florian\u00f3polis, ap\u00f3s parecer favor\u00e1vel da 39\u00aa Promotoria de Justi\u00e7a da Capital. As ordens judiciais est\u00e3o sendo cumpridas nos munic\u00edpios de Palho\u00e7a, Santo Amaro da Imperatriz, S\u00e3o Jos\u00e9, Garopaba e Imbituba. Participam da opera\u00e7\u00e3o cerca de 40 policiais civis da DEIC, CORE, NOC e DIC Palho\u00e7a.<\/p><p><strong>Saiba mais sobre a investiga\u00e7\u00e3o<\/strong><\/p><p>Ap\u00f3s a deflagra\u00e7\u00e3o das opera\u00e7\u00f5es policiais \u201cTio Patinhas I e II\u201d, chegou ao conhecimento da DRACO\/DEIC que os principais alvos investigados atuam como lideran\u00e7as de uma organiza\u00e7\u00e3o criminosa voltada ao tr\u00e1fico de drogas com forte atua\u00e7\u00e3o nos munic\u00edpios de Palho\u00e7a e Santo Amaro da Imperatriz. Em raz\u00e3o destas informa\u00e7\u00f5es foi poss\u00edvel realizar grandes apreens\u00f5es de drogas nos \u00faltimos meses, dentre as quais: 40 quilos de maconha em Palho\u00e7a e cerca de 700 quilos de coca\u00edna e pasta base de coca\u00edna em Santo Amaro da Imperatriz.<\/p><p>Desde o in\u00edcio das investiga\u00e7\u00f5es, foram presos ao total 19 narcotraficantes com atua\u00e7\u00e3o nessa organiza\u00e7\u00e3o criminosa, alem da apreens\u00e3o de mais de 700kg de drogas e a apreens\u00e3o de 9 ve\u00edculos, sendo 3 deles de alt\u00edssimo padr\u00e3o, al\u00e9m do sequestro de 2 im\u00f3veis. O preju\u00edzo estimado para essa organiza\u00e7\u00e3o criminosa gira em torno 200 milh\u00f5es de reais.<\/p><p>As investiga\u00e7\u00f5es continuam para apurar o envolvimento de outros integrantes da organiza\u00e7\u00e3o criminosa investigada.<\/p>\t\t\t\t\t\t\t\t<\/div>\n\t\t\t\t<\/div>\n\t\t\t\t<div class=\"elementor-element elementor-element-b4d3055 elementor-widget elementor-widget-image\" data-id=\"b4d3055\" data-element_type=\"widget\" data-widget_type=\"image.default\">\n\t\t\t\t<div class=\"elementor-widget-container\">\n\t\t\t\t\t\t\t\t\t\t\t\t\t\t\t<img decoding=\"async\" width=\"696\" height=\"522\" src=\"https:\/\/pc.sc.gov.br\/\/wp-content\/uploads\/2024\/10\/WhatsApp-Image-2024-10-17-at-15.02.04-1-1024x768.jpeg\" class=\"attachment-large size-large wp-image-24228\" alt=\"\" srcset=\"https:\/\/pc.sc.gov.br\/\/wp-content\/uploads\/2024\/10\/WhatsApp-Image-2024-10-17-at-15.02.04-1-1024x768.jpeg 1024w, https:\/\/pc.sc.gov.br\/\/wp-content\/uploads\/2024\/10\/WhatsApp-Image-2024-10-17-at-15.02.04-1-300x225.jpeg 300w, https:\/\/pc.sc.gov.br\/\/wp-content\/uploads\/2024\/10\/WhatsApp-Image-2024-10-17-at-15.02.04-1-768x576.jpeg 768w, https:\/\/pc.sc.gov.br\/\/wp-content\/uploads\/2024\/10\/WhatsApp-Image-2024-10-17-at-15.02.04-1-1536x1152.jpeg 1536w, https:\/\/pc.sc.gov.br\/\/wp-content\/uploads\/2024\/10\/WhatsApp-Image-2024-10-17-at-15.02.04-1.jpeg 1600w\" sizes=\"(max-width: 696px) 100vw, 696px\" \/>\t\t\t\t\t\t\t\t\t\t\t\t\t\t\t<\/div>\n\t\t\t\t<\/div>\n\t\t\t\t\t<\/div>\n\t\t<\/div>\n\t\t\t\t\t<\/div>\n\t\t<\/section>\n\t\t\t\t<\/div>\n\t\t","protected":false},"excerpt":{"rendered":"<p>DRACO\/DEIC deflagra opera\u00e7\u00e3o policial para prender lideran\u00e7as de organiza\u00e7\u00e3o criminosa com atua\u00e7\u00e3o em Palho\u00e7a Nesta quinta-feira (17\/10), a Pol\u00edcia Civil de Santa Catarina, por meio da Delegacia de Repress\u00e3o ao Crime Organizado da Diretoria Estadual de Investiga\u00e7\u00f5es Criminais, deflagrou opera\u00e7\u00e3o policial na regi\u00e3o da Grande Florian\u00f3polis para dar cumprimento a 10 mandados de pris\u00e3o em [&hellip;]<\/p>\n","protected":false},"author":5,"featured_media":24228,"comment_status":"closed","ping_status":"open","sticky":false,"template":"","format":"standard","meta":{"_monsterinsights_skip_tracking":false,"_monsterinsights_sitenote_active":false,"_monsterinsights_sitenote_note":"","_monsterinsights_sitenote_category":0,"footnotes":""},"categories":[1],"tags":[],"class_list":["post-24227","post","type-post","status-publish","format-standard","has-post-thumbnail","hentry","category-sem-categoria"],"_links":{"self":[{"href":"https:\/\/pc.sc.gov.br\/index.php?rest_route=\/wp\/v2\/posts\/24227","targetHints":{"allow":["GET"]}}],"collection":[{"href":"https:\/\/pc.sc.gov.br\/index.php?rest_route=\/wp\/v2\/posts"}],"about":[{"href":"https:\/\/pc.sc.gov.br\/index.php?rest_route=\/wp\/v2\/types\/post"}],"author":[{"embeddable":true,"href":"https:\/\/pc.sc.gov.br\/index.php?rest_route=\/wp\/v2\/users\/5"}],"replies":[{"embeddable":true,"href":"https:\/\/pc.sc.gov.br\/index.php?rest_route=%2Fwp%2Fv2%2Fcomments&post=24227"}],"version-history":[{"count":4,"href":"https:\/\/pc.sc.gov.br\/index.php?rest_route=\/wp\/v2\/posts\/24227\/revisions"}],"predecessor-version":[{"id":24233,"href":"https:\/\/pc.sc.gov.br\/index.php?rest_route=\/wp\/v2\/posts\/24227\/revisions\/24233"}],"wp:featuredmedia":[{"embeddable":true,"href":"https:\/\/pc.sc.gov.br\/index.php?rest_route=\/wp\/v2\/media\/24228"}],"wp:attachment":[{"href":"https:\/\/pc.sc.gov.br\/index.php?rest_route=%2Fwp%2Fv2%2Fmedia&parent=24227"}],"wp:term":[{"taxonomy":"category","embeddable":true,"href":"https:\/\/pc.sc.gov.br\/index.php?rest_route=%2Fwp%2Fv2%2Fcategories&post=24227"},{"taxonomy":"post_tag","embeddable":true,"href":"https:\/\/pc.sc.gov.br\/index.php?rest_route=%2Fwp%2Fv2%2Ftags&post=24227"}],"curies":[{"name":"wp","href":"https:\/\/api.w.org\/{rel}","templated":true}]}}