{"id":24234,"date":"2024-10-17T18:26:47","date_gmt":"2024-10-17T21:26:47","guid":{"rendered":"https:\/\/pc.sc.gov.br\/?p=24234"},"modified":"2024-10-17T18:27:39","modified_gmt":"2024-10-17T21:27:39","slug":"policia-civil-indicia-autor-de-disparos-de-arma-de-fogo-ocorridos-em-roubo-a-mercado-em-itajai","status":"publish","type":"post","link":"https:\/\/pc.sc.gov.br\/?p=24234","title":{"rendered":"Pol\u00edcia Civil indicia autor de disparos de arma de fogo ocorridos em roubo a mercado em Itaja\u00ed"},"content":{"rendered":"\t\t<div data-elementor-type=\"wp-post\" data-elementor-id=\"24234\" class=\"elementor elementor-24234\" data-elementor-post-type=\"post\">\n\t\t\t\t\t\t<section class=\"elementor-section elementor-top-section elementor-element elementor-element-7de1e9f elementor-section-boxed elementor-section-height-default elementor-section-height-default\" data-id=\"7de1e9f\" data-element_type=\"section\">\n\t\t\t\t\t\t<div class=\"elementor-container elementor-column-gap-default\">\n\t\t\t\t\t<div class=\"elementor-column elementor-col-100 elementor-top-column elementor-element elementor-element-431d29d\" data-id=\"431d29d\" data-element_type=\"column\">\n\t\t\t<div class=\"elementor-widget-wrap elementor-element-populated\">\n\t\t\t\t\t\t<div class=\"elementor-element elementor-element-8b59eb3 elementor-widget elementor-widget-heading\" data-id=\"8b59eb3\" data-element_type=\"widget\" data-widget_type=\"heading.default\">\n\t\t\t\t<div class=\"elementor-widget-container\">\n\t\t\t\t\t<h2 class=\"elementor-heading-title elementor-size-default\">Pol\u00edcia Civil indicia autor de disparos de arma de fogo ocorridos em roubo a mercado em Itaja\u00ed<\/h2>\t\t\t\t<\/div>\n\t\t\t\t<\/div>\n\t\t\t\t\t<\/div>\n\t\t<\/div>\n\t\t\t\t\t<\/div>\n\t\t<\/section>\n\t\t\t\t<section class=\"elementor-section elementor-top-section elementor-element elementor-element-f45d899 elementor-section-boxed elementor-section-height-default elementor-section-height-default\" data-id=\"f45d899\" data-element_type=\"section\">\n\t\t\t\t\t\t<div class=\"elementor-container elementor-column-gap-default\">\n\t\t\t\t\t<div class=\"elementor-column elementor-col-100 elementor-top-column elementor-element elementor-element-ca7a791\" data-id=\"ca7a791\" data-element_type=\"column\">\n\t\t\t<div class=\"elementor-widget-wrap elementor-element-populated\">\n\t\t\t\t\t\t<div class=\"elementor-element elementor-element-681400c elementor-widget elementor-widget-image\" data-id=\"681400c\" data-element_type=\"widget\" data-widget_type=\"image.default\">\n\t\t\t\t<div class=\"elementor-widget-container\">\n\t\t\t\t\t\t\t\t\t\t\t\t\t\t\t<img fetchpriority=\"high\" decoding=\"async\" width=\"510\" height=\"680\" src=\"https:\/\/pc.sc.gov.br\/\/wp-content\/uploads\/2022\/12\/DIC_COLETE.jpg\" class=\"attachment-large size-large wp-image-2546\" alt=\"\" srcset=\"https:\/\/pc.sc.gov.br\/\/wp-content\/uploads\/2022\/12\/DIC_COLETE.jpg 510w, https:\/\/pc.sc.gov.br\/\/wp-content\/uploads\/2022\/12\/DIC_COLETE-225x300.jpg 225w\" sizes=\"(max-width: 510px) 100vw, 510px\" \/>\t\t\t\t\t\t\t\t\t\t\t\t\t\t\t<\/div>\n\t\t\t\t<\/div>\n\t\t\t\t\t<\/div>\n\t\t<\/div>\n\t\t\t\t\t<\/div>\n\t\t<\/section>\n\t\t\t\t<section class=\"elementor-section elementor-top-section elementor-element elementor-element-c087069 elementor-section-boxed elementor-section-height-default elementor-section-height-default\" data-id=\"c087069\" data-element_type=\"section\">\n\t\t\t\t\t\t<div class=\"elementor-container elementor-column-gap-default\">\n\t\t\t\t\t<div class=\"elementor-column elementor-col-100 elementor-top-column elementor-element elementor-element-6e082f0\" data-id=\"6e082f0\" data-element_type=\"column\">\n\t\t\t<div class=\"elementor-widget-wrap elementor-element-populated\">\n\t\t\t\t\t\t<div class=\"elementor-element elementor-element-2786924 elementor-widget elementor-widget-text-editor\" data-id=\"2786924\" data-element_type=\"widget\" data-widget_type=\"text-editor.default\">\n\t\t\t\t<div class=\"elementor-widget-container\">\n\t\t\t\t\t\t\t\t\t<p>A Pol\u00edcia Civil de Santa Catarina, por meio da Delegacia de Repress\u00e3o a Roubos da DIC de Itaja\u00ed (DRR\/DIC), concluiu a primeira fase do Inqu\u00e9rito Policial que apura roubo a mercado ocorrido em agosto no bairro S\u00e3o Vicente, em Itaja\u00ed.<\/p><p>Na noite do s\u00e1bado (31\/08\/2024), dois homens portando armas de fogo anunciaram um roubo ao referido estabelecimento. No momento em que se retiravam do mercado, um dos autores entrou em luta corporal com um cliente e acabou disparando na v\u00edtima. Os suspeitos se evadiram levando valores. A v\u00edtima ficou internada por alguns dias e se recuperou bem.<\/p><p>A partir de trocas de informa\u00e7\u00f5es entre as equipes da DIC de Itaja\u00ed e da Pol\u00edcia Militar, foi poss\u00edvel identificar o autor dos disparos como um homem com extenso hist\u00f3rico criminal, j\u00e1 tendo sido autuado em flagrante em seis oportunidades por diversos delitos.<\/p><p>Diante dos fatos, a Pol\u00edcia Civil representou pela pris\u00e3o tempor\u00e1ria do suspeito, pleito deferido pelo Poder Judici\u00e1rio. O homem se encontrava foragido e foi capturado em uma abordagem de rotina da Pol\u00edcia Militar em uma comunidade de Florian\u00f3polis, no dia 25\/09\/2024.<\/p><p>Na semana passada, a primeira fase do Inqu\u00e9rito Policial foi conclu\u00edda, sendo o homem indiciado pelo crime de latroc\u00ednio na modalidade tentada, e representou-se pela convers\u00e3o da pris\u00e3o tempor\u00e1ria em preventiva, pleito deferido nesta quinta-feira (17\/10). O investigado responder\u00e1 ao processo preso e o Inqu\u00e9rito Policial continua para identifica\u00e7\u00e3o do segundo autor.<\/p>\t\t\t\t\t\t\t\t<\/div>\n\t\t\t\t<\/div>\n\t\t\t\t\t<\/div>\n\t\t<\/div>\n\t\t\t\t\t<\/div>\n\t\t<\/section>\n\t\t\t\t<\/div>\n\t\t","protected":false},"excerpt":{"rendered":"<p>Pol\u00edcia Civil indicia autor de disparos de arma de fogo ocorridos em roubo a mercado em Itaja\u00ed A Pol\u00edcia Civil de Santa Catarina, por meio da Delegacia de Repress\u00e3o a Roubos da DIC de Itaja\u00ed (DRR\/DIC), concluiu a primeira fase do Inqu\u00e9rito Policial que apura roubo a mercado ocorrido em agosto no bairro S\u00e3o Vicente, [&hellip;]<\/p>\n","protected":false},"author":5,"featured_media":2546,"comment_status":"closed","ping_status":"open","sticky":false,"template":"","format":"standard","meta":{"_monsterinsights_skip_tracking":false,"_monsterinsights_sitenote_active":false,"_monsterinsights_sitenote_note":"","_monsterinsights_sitenote_category":0,"footnotes":""},"categories":[1],"tags":[],"class_list":["post-24234","post","type-post","status-publish","format-standard","has-post-thumbnail","hentry","category-sem-categoria"],"_links":{"self":[{"href":"https:\/\/pc.sc.gov.br\/index.php?rest_route=\/wp\/v2\/posts\/24234","targetHints":{"allow":["GET"]}}],"collection":[{"href":"https:\/\/pc.sc.gov.br\/index.php?rest_route=\/wp\/v2\/posts"}],"about":[{"href":"https:\/\/pc.sc.gov.br\/index.php?rest_route=\/wp\/v2\/types\/post"}],"author":[{"embeddable":true,"href":"https:\/\/pc.sc.gov.br\/index.php?rest_route=\/wp\/v2\/users\/5"}],"replies":[{"embeddable":true,"href":"https:\/\/pc.sc.gov.br\/index.php?rest_route=%2Fwp%2Fv2%2Fcomments&post=24234"}],"version-history":[{"count":4,"href":"https:\/\/pc.sc.gov.br\/index.php?rest_route=\/wp\/v2\/posts\/24234\/revisions"}],"predecessor-version":[{"id":24238,"href":"https:\/\/pc.sc.gov.br\/index.php?rest_route=\/wp\/v2\/posts\/24234\/revisions\/24238"}],"wp:featuredmedia":[{"embeddable":true,"href":"https:\/\/pc.sc.gov.br\/index.php?rest_route=\/wp\/v2\/media\/2546"}],"wp:attachment":[{"href":"https:\/\/pc.sc.gov.br\/index.php?rest_route=%2Fwp%2Fv2%2Fmedia&parent=24234"}],"wp:term":[{"taxonomy":"category","embeddable":true,"href":"https:\/\/pc.sc.gov.br\/index.php?rest_route=%2Fwp%2Fv2%2Fcategories&post=24234"},{"taxonomy":"post_tag","embeddable":true,"href":"https:\/\/pc.sc.gov.br\/index.php?rest_route=%2Fwp%2Fv2%2Ftags&post=24234"}],"curies":[{"name":"wp","href":"https:\/\/api.w.org\/{rel}","templated":true}]}}