{"id":24239,"date":"2024-10-17T19:00:45","date_gmt":"2024-10-17T22:00:45","guid":{"rendered":"https:\/\/pc.sc.gov.br\/?p=24239"},"modified":"2024-10-17T19:01:33","modified_gmt":"2024-10-17T22:01:33","slug":"homem-e-preso-preventivamente-em-operacao-da-policia-civil-em-turvo","status":"publish","type":"post","link":"https:\/\/pc.sc.gov.br\/?p=24239","title":{"rendered":"Homem \u00e9 preso preventivamente em opera\u00e7\u00e3o da Pol\u00edcia Civil em Turvo"},"content":{"rendered":"\t\t<div data-elementor-type=\"wp-post\" data-elementor-id=\"24239\" class=\"elementor elementor-24239\" data-elementor-post-type=\"post\">\n\t\t\t\t\t\t<section class=\"elementor-section elementor-top-section elementor-element elementor-element-647035d elementor-section-boxed elementor-section-height-default elementor-section-height-default\" data-id=\"647035d\" data-element_type=\"section\">\n\t\t\t\t\t\t<div class=\"elementor-container elementor-column-gap-default\">\n\t\t\t\t\t<div class=\"elementor-column elementor-col-100 elementor-top-column elementor-element elementor-element-a188a3d\" data-id=\"a188a3d\" data-element_type=\"column\">\n\t\t\t<div class=\"elementor-widget-wrap elementor-element-populated\">\n\t\t\t\t\t\t<div class=\"elementor-element elementor-element-cef4408 elementor-widget elementor-widget-heading\" data-id=\"cef4408\" data-element_type=\"widget\" data-widget_type=\"heading.default\">\n\t\t\t\t<div class=\"elementor-widget-container\">\n\t\t\t\t\t<h2 class=\"elementor-heading-title elementor-size-default\">Homem \u00e9 preso preventivamente em opera\u00e7\u00e3o da Pol\u00edcia Civil em Turvo<\/h2>\t\t\t\t<\/div>\n\t\t\t\t<\/div>\n\t\t\t\t\t<\/div>\n\t\t<\/div>\n\t\t\t\t\t<\/div>\n\t\t<\/section>\n\t\t\t\t<section class=\"elementor-section elementor-top-section elementor-element elementor-element-a900ab2 elementor-section-boxed elementor-section-height-default elementor-section-height-default\" data-id=\"a900ab2\" data-element_type=\"section\">\n\t\t\t\t\t\t<div class=\"elementor-container elementor-column-gap-default\">\n\t\t\t\t\t<div class=\"elementor-column elementor-col-100 elementor-top-column elementor-element elementor-element-28eb8ce\" data-id=\"28eb8ce\" data-element_type=\"column\">\n\t\t\t<div class=\"elementor-widget-wrap elementor-element-populated\">\n\t\t\t\t\t\t<div class=\"elementor-element elementor-element-5cd3be2 elementor-widget elementor-widget-image\" data-id=\"5cd3be2\" data-element_type=\"widget\" data-widget_type=\"image.default\">\n\t\t\t\t<div class=\"elementor-widget-container\">\n\t\t\t\t\t\t\t\t\t\t\t\t\t\t\t<img fetchpriority=\"high\" decoding=\"async\" width=\"499\" height=\"345\" src=\"https:\/\/pc.sc.gov.br\/\/wp-content\/uploads\/2024\/10\/a2dbb181-8fea-4491-9f21-ab050c390973-fotor-2024072216458.jpg\" class=\"attachment-large size-large wp-image-24199\" alt=\"\" srcset=\"https:\/\/pc.sc.gov.br\/\/wp-content\/uploads\/2024\/10\/a2dbb181-8fea-4491-9f21-ab050c390973-fotor-2024072216458.jpg 499w, https:\/\/pc.sc.gov.br\/\/wp-content\/uploads\/2024\/10\/a2dbb181-8fea-4491-9f21-ab050c390973-fotor-2024072216458-300x207.jpg 300w\" sizes=\"(max-width: 499px) 100vw, 499px\" \/>\t\t\t\t\t\t\t\t\t\t\t\t\t\t\t<\/div>\n\t\t\t\t<\/div>\n\t\t\t\t\t<\/div>\n\t\t<\/div>\n\t\t\t\t\t<\/div>\n\t\t<\/section>\n\t\t\t\t<section class=\"elementor-section elementor-top-section elementor-element elementor-element-af2a215 elementor-section-boxed elementor-section-height-default elementor-section-height-default\" data-id=\"af2a215\" data-element_type=\"section\">\n\t\t\t\t\t\t<div class=\"elementor-container elementor-column-gap-default\">\n\t\t\t\t\t<div class=\"elementor-column elementor-col-100 elementor-top-column elementor-element elementor-element-33ba56a\" data-id=\"33ba56a\" data-element_type=\"column\">\n\t\t\t<div class=\"elementor-widget-wrap elementor-element-populated\">\n\t\t\t\t\t\t<div class=\"elementor-element elementor-element-36a0fb8 elementor-widget elementor-widget-text-editor\" data-id=\"36a0fb8\" data-element_type=\"widget\" data-widget_type=\"text-editor.default\">\n\t\t\t\t<div class=\"elementor-widget-container\">\n\t\t\t\t\t\t\t\t\t<p>Na tarde desta quinta-feira (17\/10), a Pol\u00edcia Civil de Santa Catarina, por meio da Delegacia de Pol\u00edcia da Comarca de Turvo, realizou a pris\u00e3o preventiva de um homem investigado pelo crime de roubo pelo estado do Paran\u00e1. A a\u00e7\u00e3o foi coordenada pela delegacia de Turvo, com troca de informa\u00e7\u00f5es com a Diretoria de Intelig\u00eancia da Pol\u00edcia Civil, obtendo \u00eaxito em localizar o homem, que estava foragido.\u00a0<\/p><p>A pris\u00e3o ocorreu de forma tranquila, sem resist\u00eancia por parte do suspeito, que foi encaminhado \u00e0 Delegacia de Pol\u00edcia e, em seguida, levado ao pres\u00eddio da regi\u00e3o, onde ficar\u00e1 \u00e0 disposi\u00e7\u00e3o da Justi\u00e7a.<\/p><p>A Delegacia de Turvo reafirma seu compromisso em manter-se ativa em combater a criminalidade na regi\u00e3o. \u201cA atua\u00e7\u00e3o integrada com a Diretoria de Intelig\u00eancia foi fundamental para que consegu\u00edssemos cumprir o mandado de pris\u00e3o sem maiores intercorr\u00eancias. Continuaremos a trabalhar para garantir a seguran\u00e7a da popula\u00e7\u00e3o\u201d, afirmou a delegada.<\/p><p>O homem preso deve responder pelo crime de roubo, cuja pena pode variar de quatro a dez anos de reclus\u00e3o, conforme o C\u00f3digo Penal brasileiro.<\/p>\t\t\t\t\t\t\t\t<\/div>\n\t\t\t\t<\/div>\n\t\t\t\t\t<\/div>\n\t\t<\/div>\n\t\t\t\t\t<\/div>\n\t\t<\/section>\n\t\t\t\t<\/div>\n\t\t","protected":false},"excerpt":{"rendered":"<p>Homem \u00e9 preso preventivamente em opera\u00e7\u00e3o da Pol\u00edcia Civil em Turvo Na tarde desta quinta-feira (17\/10), a Pol\u00edcia Civil de Santa Catarina, por meio da Delegacia de Pol\u00edcia da Comarca de Turvo, realizou a pris\u00e3o preventiva de um homem investigado pelo crime de roubo pelo estado do Paran\u00e1. A a\u00e7\u00e3o foi coordenada pela delegacia de [&hellip;]<\/p>\n","protected":false},"author":5,"featured_media":24199,"comment_status":"closed","ping_status":"open","sticky":false,"template":"","format":"standard","meta":{"_monsterinsights_skip_tracking":false,"_monsterinsights_sitenote_active":false,"_monsterinsights_sitenote_note":"","_monsterinsights_sitenote_category":0,"footnotes":""},"categories":[1],"tags":[],"class_list":["post-24239","post","type-post","status-publish","format-standard","has-post-thumbnail","hentry","category-sem-categoria"],"_links":{"self":[{"href":"https:\/\/pc.sc.gov.br\/index.php?rest_route=\/wp\/v2\/posts\/24239","targetHints":{"allow":["GET"]}}],"collection":[{"href":"https:\/\/pc.sc.gov.br\/index.php?rest_route=\/wp\/v2\/posts"}],"about":[{"href":"https:\/\/pc.sc.gov.br\/index.php?rest_route=\/wp\/v2\/types\/post"}],"author":[{"embeddable":true,"href":"https:\/\/pc.sc.gov.br\/index.php?rest_route=\/wp\/v2\/users\/5"}],"replies":[{"embeddable":true,"href":"https:\/\/pc.sc.gov.br\/index.php?rest_route=%2Fwp%2Fv2%2Fcomments&post=24239"}],"version-history":[{"count":4,"href":"https:\/\/pc.sc.gov.br\/index.php?rest_route=\/wp\/v2\/posts\/24239\/revisions"}],"predecessor-version":[{"id":24243,"href":"https:\/\/pc.sc.gov.br\/index.php?rest_route=\/wp\/v2\/posts\/24239\/revisions\/24243"}],"wp:featuredmedia":[{"embeddable":true,"href":"https:\/\/pc.sc.gov.br\/index.php?rest_route=\/wp\/v2\/media\/24199"}],"wp:attachment":[{"href":"https:\/\/pc.sc.gov.br\/index.php?rest_route=%2Fwp%2Fv2%2Fmedia&parent=24239"}],"wp:term":[{"taxonomy":"category","embeddable":true,"href":"https:\/\/pc.sc.gov.br\/index.php?rest_route=%2Fwp%2Fv2%2Fcategories&post=24239"},{"taxonomy":"post_tag","embeddable":true,"href":"https:\/\/pc.sc.gov.br\/index.php?rest_route=%2Fwp%2Fv2%2Ftags&post=24239"}],"curies":[{"name":"wp","href":"https:\/\/api.w.org\/{rel}","templated":true}]}}