{"id":24245,"date":"2024-10-18T14:03:10","date_gmt":"2024-10-18T17:03:10","guid":{"rendered":"https:\/\/pc.sc.gov.br\/?p=24245"},"modified":"2024-10-18T14:03:54","modified_gmt":"2024-10-18T17:03:54","slug":"policia-civil-deflagra-operacao-contra-o-trafico-de-drogas-e-prende-cinco-pessoas-e-apreende-dois-adolescentes-e-drogas-em-jaguaruna","status":"publish","type":"post","link":"https:\/\/pc.sc.gov.br\/?p=24245","title":{"rendered":"Pol\u00edcia Civil deflagra opera\u00e7\u00e3o contra o tr\u00e1fico de drogas e prende cinco pessoas e apreende dois adolescentes e drogas em Jaguaruna"},"content":{"rendered":"\t\t<div data-elementor-type=\"wp-post\" data-elementor-id=\"24245\" class=\"elementor elementor-24245\" data-elementor-post-type=\"post\">\n\t\t\t\t\t\t<section class=\"elementor-section elementor-top-section elementor-element elementor-element-ddc7e6a elementor-section-boxed elementor-section-height-default elementor-section-height-default\" data-id=\"ddc7e6a\" data-element_type=\"section\">\n\t\t\t\t\t\t<div class=\"elementor-container elementor-column-gap-default\">\n\t\t\t\t\t<div class=\"elementor-column elementor-col-100 elementor-top-column elementor-element elementor-element-c7ab66b\" data-id=\"c7ab66b\" data-element_type=\"column\">\n\t\t\t<div class=\"elementor-widget-wrap elementor-element-populated\">\n\t\t\t\t\t\t<div class=\"elementor-element elementor-element-14069cc elementor-widget elementor-widget-heading\" data-id=\"14069cc\" data-element_type=\"widget\" data-widget_type=\"heading.default\">\n\t\t\t\t<div class=\"elementor-widget-container\">\n\t\t\t\t\t<h2 class=\"elementor-heading-title elementor-size-default\">Pol\u00edcia Civil deflagra opera\u00e7\u00e3o contra o tr\u00e1fico de drogas e prende cinco pessoas e apreende dois adolescentes e drogas em Jaguaruna<\/h2>\t\t\t\t<\/div>\n\t\t\t\t<\/div>\n\t\t\t\t\t<\/div>\n\t\t<\/div>\n\t\t\t\t\t<\/div>\n\t\t<\/section>\n\t\t\t\t<section class=\"elementor-section elementor-top-section elementor-element elementor-element-7fb9066 elementor-section-boxed elementor-section-height-default elementor-section-height-default\" data-id=\"7fb9066\" data-element_type=\"section\">\n\t\t\t\t\t\t<div class=\"elementor-container elementor-column-gap-default\">\n\t\t\t\t\t<div class=\"elementor-column elementor-col-100 elementor-top-column elementor-element elementor-element-8c0c555\" data-id=\"8c0c555\" data-element_type=\"column\">\n\t\t\t<div class=\"elementor-widget-wrap elementor-element-populated\">\n\t\t\t\t\t\t<div class=\"elementor-element elementor-element-16be8e9 elementor-widget elementor-widget-image\" data-id=\"16be8e9\" data-element_type=\"widget\" data-widget_type=\"image.default\">\n\t\t\t\t<div class=\"elementor-widget-container\">\n\t\t\t\t\t\t\t\t\t\t\t\t\t\t\t<img fetchpriority=\"high\" decoding=\"async\" width=\"570\" height=\"510\" src=\"https:\/\/pc.sc.gov.br\/\/wp-content\/uploads\/2024\/10\/WhatsApp-Image-2024-10-16-at-17.28.45-1.jpeg\" class=\"attachment-large size-large wp-image-24246\" alt=\"\" srcset=\"https:\/\/pc.sc.gov.br\/\/wp-content\/uploads\/2024\/10\/WhatsApp-Image-2024-10-16-at-17.28.45-1.jpeg 570w, https:\/\/pc.sc.gov.br\/\/wp-content\/uploads\/2024\/10\/WhatsApp-Image-2024-10-16-at-17.28.45-1-300x268.jpeg 300w\" sizes=\"(max-width: 570px) 100vw, 570px\" \/>\t\t\t\t\t\t\t\t\t\t\t\t\t\t\t<\/div>\n\t\t\t\t<\/div>\n\t\t\t\t\t<\/div>\n\t\t<\/div>\n\t\t\t\t\t<\/div>\n\t\t<\/section>\n\t\t\t\t<section class=\"elementor-section elementor-top-section elementor-element elementor-element-2fae996 elementor-section-boxed elementor-section-height-default elementor-section-height-default\" data-id=\"2fae996\" data-element_type=\"section\">\n\t\t\t\t\t\t<div class=\"elementor-container elementor-column-gap-default\">\n\t\t\t\t\t<div class=\"elementor-column elementor-col-100 elementor-top-column elementor-element elementor-element-6cad6e3\" data-id=\"6cad6e3\" data-element_type=\"column\">\n\t\t\t<div class=\"elementor-widget-wrap elementor-element-populated\">\n\t\t\t\t\t\t<div class=\"elementor-element elementor-element-9ca1f28 elementor-widget elementor-widget-text-editor\" data-id=\"9ca1f28\" data-element_type=\"widget\" data-widget_type=\"text-editor.default\">\n\t\t\t\t<div class=\"elementor-widget-container\">\n\t\t\t\t\t\t\t\t\t<p>Nesta sexta-feira (18\/10), a Pol\u00edcia Civil de Santa Catarina, por meio da Delegacia de Pol\u00edcia da Comarca de Jaguaruna, deflagrou opera\u00e7\u00e3o policial em repress\u00e3o ao tr\u00e1fico de drogas e cumpriu seis mandados de busca e apreens\u00e3o. Al\u00e9m disso, quatro pessoas foram presas em flagrante por tr\u00e1fico de drogas e um homem foi preso de forma preventiva. Foram apreendidos tamb\u00e9m dois adolescentes por ato infracional an\u00e1logo ao crime de tr\u00e1fico de drogas e expressiva quantidade de drogas.<\/p><p><strong>Entenda o caso<\/strong><\/p><p>O inqu\u00e9rito policial foi instaurado pela Pol\u00edcia Civil de Jaguaruna visando apurar o tr\u00e1fico de drogas desenvolvido por um grupo criminoso envolvido com uma fac\u00e7\u00e3o criminosa de Santa Catarina. Ap\u00f3s cerca de um ano de investiga\u00e7\u00f5es, representou-se pela pris\u00e3o preventiva de um suspeito e pela expedi\u00e7\u00e3o de seis mandados de busca e apreens\u00e3o, pleitos que restaram deferidos pelo Poder Judici\u00e1rio de Jaguaruna. Na manh\u00e3 desta sexta-feira (18\/10), deflagrou-se opera\u00e7\u00e3o policial visando dar cumprimento a todas as ordens judiciais.<\/p><p>Durante a opera\u00e7\u00e3o, com o aux\u00edlio de dois c\u00e3es farejadores da PCSC, os policiais apreenderam expressivas quantidades de drogas em pelo menos cinco casas. Foram apreendidas maconha, coca\u00edna e haxixe. Os presos, ap\u00f3s os procedimentos de Pol\u00edcia Judici\u00e1ria, foram encaminhados ao Pres\u00eddio Regional de Tubar\u00e3o.<\/p><p>A opera\u00e7\u00e3o contou ainda com a participa\u00e7\u00e3o das DPMUs de Treze de Maio e Sang\u00e3o, DIC de Tubar\u00e3o, DPMUs de S\u00e3o Martinho, S\u00e3o Ludgero, Gr\u00e3o Par\u00e1, 3\u00ba DP de Tubar\u00e3o, DPCAMI de Tubar\u00e3o, N\u00facleo de Opera\u00e7\u00f5es com C\u00e3es (NOC &#8211; PCSC) e com o helic\u00f3ptero do SAER &#8211; SUL.<\/p>\t\t\t\t\t\t\t\t<\/div>\n\t\t\t\t<\/div>\n\t\t\t\t\t<\/div>\n\t\t<\/div>\n\t\t\t\t\t<\/div>\n\t\t<\/section>\n\t\t\t\t<\/div>\n\t\t","protected":false},"excerpt":{"rendered":"<p>Pol\u00edcia Civil deflagra opera\u00e7\u00e3o contra o tr\u00e1fico de drogas e prende cinco pessoas e apreende dois adolescentes e drogas em Jaguaruna Nesta sexta-feira (18\/10), a Pol\u00edcia Civil de Santa Catarina, por meio da Delegacia de Pol\u00edcia da Comarca de Jaguaruna, deflagrou opera\u00e7\u00e3o policial em repress\u00e3o ao tr\u00e1fico de drogas e cumpriu seis mandados de busca [&hellip;]<\/p>\n","protected":false},"author":5,"featured_media":24246,"comment_status":"closed","ping_status":"open","sticky":false,"template":"","format":"standard","meta":{"_monsterinsights_skip_tracking":false,"_monsterinsights_sitenote_active":false,"_monsterinsights_sitenote_note":"","_monsterinsights_sitenote_category":0,"footnotes":""},"categories":[1],"tags":[],"class_list":["post-24245","post","type-post","status-publish","format-standard","has-post-thumbnail","hentry","category-sem-categoria"],"_links":{"self":[{"href":"https:\/\/pc.sc.gov.br\/index.php?rest_route=\/wp\/v2\/posts\/24245","targetHints":{"allow":["GET"]}}],"collection":[{"href":"https:\/\/pc.sc.gov.br\/index.php?rest_route=\/wp\/v2\/posts"}],"about":[{"href":"https:\/\/pc.sc.gov.br\/index.php?rest_route=\/wp\/v2\/types\/post"}],"author":[{"embeddable":true,"href":"https:\/\/pc.sc.gov.br\/index.php?rest_route=\/wp\/v2\/users\/5"}],"replies":[{"embeddable":true,"href":"https:\/\/pc.sc.gov.br\/index.php?rest_route=%2Fwp%2Fv2%2Fcomments&post=24245"}],"version-history":[{"count":4,"href":"https:\/\/pc.sc.gov.br\/index.php?rest_route=\/wp\/v2\/posts\/24245\/revisions"}],"predecessor-version":[{"id":24250,"href":"https:\/\/pc.sc.gov.br\/index.php?rest_route=\/wp\/v2\/posts\/24245\/revisions\/24250"}],"wp:featuredmedia":[{"embeddable":true,"href":"https:\/\/pc.sc.gov.br\/index.php?rest_route=\/wp\/v2\/media\/24246"}],"wp:attachment":[{"href":"https:\/\/pc.sc.gov.br\/index.php?rest_route=%2Fwp%2Fv2%2Fmedia&parent=24245"}],"wp:term":[{"taxonomy":"category","embeddable":true,"href":"https:\/\/pc.sc.gov.br\/index.php?rest_route=%2Fwp%2Fv2%2Fcategories&post=24245"},{"taxonomy":"post_tag","embeddable":true,"href":"https:\/\/pc.sc.gov.br\/index.php?rest_route=%2Fwp%2Fv2%2Ftags&post=24245"}],"curies":[{"name":"wp","href":"https:\/\/api.w.org\/{rel}","templated":true}]}}