{"id":24251,"date":"2024-10-18T15:12:30","date_gmt":"2024-10-18T18:12:30","guid":{"rendered":"https:\/\/pc.sc.gov.br\/?p=24251"},"modified":"2024-10-18T15:13:11","modified_gmt":"2024-10-18T18:13:11","slug":"draco-acaba-de-prender-mais-uma-lideranca-do-crime-organizado-em-palhoca","status":"publish","type":"post","link":"https:\/\/pc.sc.gov.br\/?p=24251","title":{"rendered":"DRACO acaba de prender mais uma lideran\u00e7a do crime organizado em Palho\u00e7a"},"content":{"rendered":"\t\t<div data-elementor-type=\"wp-post\" data-elementor-id=\"24251\" class=\"elementor elementor-24251\" data-elementor-post-type=\"post\">\n\t\t\t\t\t\t<section class=\"elementor-section elementor-top-section elementor-element elementor-element-83a3da7 elementor-section-boxed elementor-section-height-default elementor-section-height-default\" data-id=\"83a3da7\" data-element_type=\"section\">\n\t\t\t\t\t\t<div class=\"elementor-container elementor-column-gap-default\">\n\t\t\t\t\t<div class=\"elementor-column elementor-col-100 elementor-top-column elementor-element elementor-element-be7b70b\" data-id=\"be7b70b\" data-element_type=\"column\">\n\t\t\t<div class=\"elementor-widget-wrap elementor-element-populated\">\n\t\t\t\t\t\t<div class=\"elementor-element elementor-element-0a4a8d0 elementor-widget elementor-widget-heading\" data-id=\"0a4a8d0\" data-element_type=\"widget\" data-widget_type=\"heading.default\">\n\t\t\t\t<div class=\"elementor-widget-container\">\n\t\t\t\t\t<h2 class=\"elementor-heading-title elementor-size-default\">DRACO acaba de prender mais uma lideran\u00e7a do crime organizado em Palho\u00e7a<\/h2>\t\t\t\t<\/div>\n\t\t\t\t<\/div>\n\t\t\t\t\t<\/div>\n\t\t<\/div>\n\t\t\t\t\t<\/div>\n\t\t<\/section>\n\t\t\t\t<section class=\"elementor-section elementor-top-section elementor-element elementor-element-3c90aed elementor-section-boxed elementor-section-height-default elementor-section-height-default\" data-id=\"3c90aed\" data-element_type=\"section\">\n\t\t\t\t\t\t<div class=\"elementor-container elementor-column-gap-default\">\n\t\t\t\t\t<div class=\"elementor-column elementor-col-100 elementor-top-column elementor-element elementor-element-138332e\" data-id=\"138332e\" data-element_type=\"column\">\n\t\t\t<div class=\"elementor-widget-wrap elementor-element-populated\">\n\t\t\t\t\t\t<div class=\"elementor-element elementor-element-b61449c elementor-widget elementor-widget-image\" data-id=\"b61449c\" data-element_type=\"widget\" data-widget_type=\"image.default\">\n\t\t\t\t<div class=\"elementor-widget-container\">\n\t\t\t\t\t\t\t\t\t\t\t\t\t\t\t<img fetchpriority=\"high\" decoding=\"async\" width=\"576\" height=\"1024\" src=\"https:\/\/pc.sc.gov.br\/\/wp-content\/uploads\/2024\/10\/WhatsApp-Image-2024-10-18-at-14.49.00-576x1024.jpeg\" class=\"attachment-large size-large wp-image-24252\" alt=\"\" srcset=\"https:\/\/pc.sc.gov.br\/\/wp-content\/uploads\/2024\/10\/WhatsApp-Image-2024-10-18-at-14.49.00-576x1024.jpeg 576w, https:\/\/pc.sc.gov.br\/\/wp-content\/uploads\/2024\/10\/WhatsApp-Image-2024-10-18-at-14.49.00-169x300.jpeg 169w, https:\/\/pc.sc.gov.br\/\/wp-content\/uploads\/2024\/10\/WhatsApp-Image-2024-10-18-at-14.49.00.jpeg 720w\" sizes=\"(max-width: 576px) 100vw, 576px\" \/>\t\t\t\t\t\t\t\t\t\t\t\t\t\t\t<\/div>\n\t\t\t\t<\/div>\n\t\t\t\t\t<\/div>\n\t\t<\/div>\n\t\t\t\t\t<\/div>\n\t\t<\/section>\n\t\t\t\t<section class=\"elementor-section elementor-top-section elementor-element elementor-element-799b012 elementor-section-boxed elementor-section-height-default elementor-section-height-default\" data-id=\"799b012\" data-element_type=\"section\">\n\t\t\t\t\t\t<div class=\"elementor-container elementor-column-gap-default\">\n\t\t\t\t\t<div class=\"elementor-column elementor-col-100 elementor-top-column elementor-element elementor-element-ed82b65\" data-id=\"ed82b65\" data-element_type=\"column\">\n\t\t\t<div class=\"elementor-widget-wrap elementor-element-populated\">\n\t\t\t\t\t\t<div class=\"elementor-element elementor-element-5e6cee5 elementor-widget elementor-widget-text-editor\" data-id=\"5e6cee5\" data-element_type=\"widget\" data-widget_type=\"text-editor.default\">\n\t\t\t\t<div class=\"elementor-widget-container\">\n\t\t\t\t\t\t\t\t\t<p>A Pol\u00edcia Civil de Santa Catarina, por meio da Delegacia de Repress\u00e3o ao Crime Organizado da Diretoria Estadual de Investiga\u00e7\u00f5es Criminais, acaba de realizar em Palho\u00e7a a pris\u00e3o de mais um dos l\u00edderes da organiza\u00e7\u00e3o criminosa investigada na opera\u00e7\u00e3o \u201cTio Patinhas III\u201d.<\/p><p>A terceira fase da opera\u00e7\u00e3o \u201cTio Patinhas III\u201d, deflagrada ontem (17\/10), tem por objetivo cumprir 10 mandados de pris\u00e3o em desfavor das principais lideran\u00e7as de uma organiza\u00e7\u00e3o criminosa, com forte atua\u00e7\u00e3o no munic\u00edpio de Palho\u00e7a, voltada ao com\u00e9rcio de grandes quantidades de drogas.<\/p><p>\u00a0Ap\u00f3s a deflagra\u00e7\u00e3o das opera\u00e7\u00f5es policiais \u201cTio Patinhas I e II\u201d, j\u00e1 foram presos 20 integrantes dessa ORCRIM e foram realizadas 2 grandes apreens\u00f5es de drogas no curso dessas investiga\u00e7\u00f5es, dentre as quais 40 quilos de maconha em Palho\u00e7a e cerca de 700 quilos de coca\u00edna e pasta base de coca\u00edna em Santo Amaro da Imperatriz, al\u00e9m da apreens\u00e3o de 9 ve\u00edculos, sendo 3 deles de alt\u00edssimo padr\u00e3o, e o sequestro de 2 im\u00f3veis.<\/p><p>\u00a0As investiga\u00e7\u00f5es continuam para apurar o envolvimento de outros integrantes da organiza\u00e7\u00e3o criminosa investigada.<\/p>\t\t\t\t\t\t\t\t<\/div>\n\t\t\t\t<\/div>\n\t\t\t\t\t<\/div>\n\t\t<\/div>\n\t\t\t\t\t<\/div>\n\t\t<\/section>\n\t\t\t\t<\/div>\n\t\t","protected":false},"excerpt":{"rendered":"<p>DRACO acaba de prender mais uma lideran\u00e7a do crime organizado em Palho\u00e7a A Pol\u00edcia Civil de Santa Catarina, por meio da Delegacia de Repress\u00e3o ao Crime Organizado da Diretoria Estadual de Investiga\u00e7\u00f5es Criminais, acaba de realizar em Palho\u00e7a a pris\u00e3o de mais um dos l\u00edderes da organiza\u00e7\u00e3o criminosa investigada na opera\u00e7\u00e3o \u201cTio Patinhas III\u201d. A [&hellip;]<\/p>\n","protected":false},"author":5,"featured_media":24252,"comment_status":"closed","ping_status":"open","sticky":false,"template":"","format":"standard","meta":{"_monsterinsights_skip_tracking":false,"_monsterinsights_sitenote_active":false,"_monsterinsights_sitenote_note":"","_monsterinsights_sitenote_category":0,"footnotes":""},"categories":[1],"tags":[],"class_list":["post-24251","post","type-post","status-publish","format-standard","has-post-thumbnail","hentry","category-sem-categoria"],"_links":{"self":[{"href":"https:\/\/pc.sc.gov.br\/index.php?rest_route=\/wp\/v2\/posts\/24251","targetHints":{"allow":["GET"]}}],"collection":[{"href":"https:\/\/pc.sc.gov.br\/index.php?rest_route=\/wp\/v2\/posts"}],"about":[{"href":"https:\/\/pc.sc.gov.br\/index.php?rest_route=\/wp\/v2\/types\/post"}],"author":[{"embeddable":true,"href":"https:\/\/pc.sc.gov.br\/index.php?rest_route=\/wp\/v2\/users\/5"}],"replies":[{"embeddable":true,"href":"https:\/\/pc.sc.gov.br\/index.php?rest_route=%2Fwp%2Fv2%2Fcomments&post=24251"}],"version-history":[{"count":4,"href":"https:\/\/pc.sc.gov.br\/index.php?rest_route=\/wp\/v2\/posts\/24251\/revisions"}],"predecessor-version":[{"id":24256,"href":"https:\/\/pc.sc.gov.br\/index.php?rest_route=\/wp\/v2\/posts\/24251\/revisions\/24256"}],"wp:featuredmedia":[{"embeddable":true,"href":"https:\/\/pc.sc.gov.br\/index.php?rest_route=\/wp\/v2\/media\/24252"}],"wp:attachment":[{"href":"https:\/\/pc.sc.gov.br\/index.php?rest_route=%2Fwp%2Fv2%2Fmedia&parent=24251"}],"wp:term":[{"taxonomy":"category","embeddable":true,"href":"https:\/\/pc.sc.gov.br\/index.php?rest_route=%2Fwp%2Fv2%2Fcategories&post=24251"},{"taxonomy":"post_tag","embeddable":true,"href":"https:\/\/pc.sc.gov.br\/index.php?rest_route=%2Fwp%2Fv2%2Ftags&post=24251"}],"curies":[{"name":"wp","href":"https:\/\/api.w.org\/{rel}","templated":true}]}}