{"id":24257,"date":"2024-10-18T16:26:47","date_gmt":"2024-10-18T19:26:47","guid":{"rendered":"https:\/\/pc.sc.gov.br\/?p=24257"},"modified":"2024-10-18T16:27:44","modified_gmt":"2024-10-18T19:27:44","slug":"operacao-conjunta-entre-prf-e-policia-civil-resulta-na-apreensao-de-carro-clonado-e-de-42-quilos-de-maconha","status":"publish","type":"post","link":"https:\/\/pc.sc.gov.br\/?p=24257","title":{"rendered":"Opera\u00e7\u00e3o conjunta entre PRF e Pol\u00edcia Civil resulta na apreens\u00e3o de carro clonado e de 42 quilos de maconha"},"content":{"rendered":"\t\t<div data-elementor-type=\"wp-post\" data-elementor-id=\"24257\" class=\"elementor elementor-24257\" data-elementor-post-type=\"post\">\n\t\t\t\t\t\t<section class=\"elementor-section elementor-top-section elementor-element elementor-element-3204aa5 elementor-section-boxed elementor-section-height-default elementor-section-height-default\" data-id=\"3204aa5\" data-element_type=\"section\">\n\t\t\t\t\t\t<div class=\"elementor-container elementor-column-gap-default\">\n\t\t\t\t\t<div class=\"elementor-column elementor-col-100 elementor-top-column elementor-element elementor-element-0bba79d\" data-id=\"0bba79d\" data-element_type=\"column\">\n\t\t\t<div class=\"elementor-widget-wrap elementor-element-populated\">\n\t\t\t\t\t\t<div class=\"elementor-element elementor-element-bfd4202 elementor-widget elementor-widget-heading\" data-id=\"bfd4202\" data-element_type=\"widget\" data-widget_type=\"heading.default\">\n\t\t\t\t<div class=\"elementor-widget-container\">\n\t\t\t\t\t<h2 class=\"elementor-heading-title elementor-size-default\">Opera\u00e7\u00e3o conjunta entre PRF e Pol\u00edcia Civil resulta na apreens\u00e3o de carro clonado e de 42 quilos de maconha<\/h2>\t\t\t\t<\/div>\n\t\t\t\t<\/div>\n\t\t\t\t\t<\/div>\n\t\t<\/div>\n\t\t\t\t\t<\/div>\n\t\t<\/section>\n\t\t\t\t<section class=\"elementor-section elementor-top-section elementor-element elementor-element-7399cde elementor-section-boxed elementor-section-height-default elementor-section-height-default\" data-id=\"7399cde\" data-element_type=\"section\">\n\t\t\t\t\t\t<div class=\"elementor-container elementor-column-gap-default\">\n\t\t\t\t\t<div class=\"elementor-column elementor-col-100 elementor-top-column elementor-element elementor-element-d0db633\" data-id=\"d0db633\" data-element_type=\"column\">\n\t\t\t<div class=\"elementor-widget-wrap elementor-element-populated\">\n\t\t\t\t\t\t<div class=\"elementor-element elementor-element-592efe8 elementor-widget elementor-widget-image\" data-id=\"592efe8\" data-element_type=\"widget\" data-widget_type=\"image.default\">\n\t\t\t\t<div class=\"elementor-widget-container\">\n\t\t\t\t\t\t\t\t\t\t\t\t\t\t\t<img fetchpriority=\"high\" decoding=\"async\" width=\"696\" height=\"696\" src=\"https:\/\/pc.sc.gov.br\/\/wp-content\/uploads\/2024\/10\/WhatsApp-Image-2024-10-18-at-16.06.31-1-1024x1024.jpeg\" class=\"attachment-large size-large wp-image-24258\" alt=\"\" srcset=\"https:\/\/pc.sc.gov.br\/\/wp-content\/uploads\/2024\/10\/WhatsApp-Image-2024-10-18-at-16.06.31-1-1024x1024.jpeg 1024w, https:\/\/pc.sc.gov.br\/\/wp-content\/uploads\/2024\/10\/WhatsApp-Image-2024-10-18-at-16.06.31-1-300x300.jpeg 300w, https:\/\/pc.sc.gov.br\/\/wp-content\/uploads\/2024\/10\/WhatsApp-Image-2024-10-18-at-16.06.31-1-150x150.jpeg 150w, https:\/\/pc.sc.gov.br\/\/wp-content\/uploads\/2024\/10\/WhatsApp-Image-2024-10-18-at-16.06.31-1-768x768.jpeg 768w, https:\/\/pc.sc.gov.br\/\/wp-content\/uploads\/2024\/10\/WhatsApp-Image-2024-10-18-at-16.06.31-1.jpeg 1280w\" sizes=\"(max-width: 696px) 100vw, 696px\" \/>\t\t\t\t\t\t\t\t\t\t\t\t\t\t\t<\/div>\n\t\t\t\t<\/div>\n\t\t\t\t\t<\/div>\n\t\t<\/div>\n\t\t\t\t\t<\/div>\n\t\t<\/section>\n\t\t\t\t<section class=\"elementor-section elementor-top-section elementor-element elementor-element-9eb6ea4 elementor-section-boxed elementor-section-height-default elementor-section-height-default\" data-id=\"9eb6ea4\" data-element_type=\"section\">\n\t\t\t\t\t\t<div class=\"elementor-container elementor-column-gap-default\">\n\t\t\t\t\t<div class=\"elementor-column elementor-col-100 elementor-top-column elementor-element elementor-element-ac193ed\" data-id=\"ac193ed\" data-element_type=\"column\">\n\t\t\t<div class=\"elementor-widget-wrap elementor-element-populated\">\n\t\t\t\t\t\t<div class=\"elementor-element elementor-element-d40c1a2 elementor-widget elementor-widget-text-editor\" data-id=\"d40c1a2\" data-element_type=\"widget\" data-widget_type=\"text-editor.default\">\n\t\t\t\t<div class=\"elementor-widget-container\">\n\t\t\t\t\t\t\t\t\t<p>Na manh\u00e3 desta sexta-feira (18\/10), ap\u00f3s a Pol\u00edcia Rodovi\u00e1ria Federal receber informa\u00e7\u00f5es de que um ve\u00edculo da marca Renault, modelo Sandero, suspeito de ser adulterado (clonado), estaria circulando pelo oeste catarinense, as equipes da PRF, com apoio da Pol\u00edcia Civil de Santa Catarina, por meio do Servi\u00e7o Aeropolicial da Fronteira (SAER-FRON), iniciaram as buscas para localiza\u00e7\u00e3o do ve\u00edculo.<\/p><p>O ve\u00edculo foi localizado pela equipe do SAER\/FRON na cidade de Caxamb\u00fa do Sul. Ao avistar o helic\u00f3ptero policial, o condutor abandonou o ve\u00edculo e correu para uma mata, n\u00e3o sendo mais localizado.<\/p><p>No interior do carro, os policiais rodovi\u00e1rios federais e civis encontraram diversos tabletes de maconha embalados. A droga foi pesada, totalizando 42 quilos de maconha.<\/p><p>Agora, a Pol\u00edcia Civil dar\u00e1 continuidade \u00e0s investiga\u00e7\u00f5es para identifica\u00e7\u00e3o dos envolvidos nos crimes de adultera\u00e7\u00e3o de ve\u00edculo e tr\u00e1fico de drogas.<\/p>\t\t\t\t\t\t\t\t<\/div>\n\t\t\t\t<\/div>\n\t\t\t\t\t<\/div>\n\t\t<\/div>\n\t\t\t\t\t<\/div>\n\t\t<\/section>\n\t\t\t\t<section class=\"elementor-section elementor-top-section elementor-element elementor-element-330cbeb elementor-section-boxed elementor-section-height-default elementor-section-height-default\" data-id=\"330cbeb\" data-element_type=\"section\">\n\t\t\t\t\t\t<div class=\"elementor-container elementor-column-gap-default\">\n\t\t\t\t\t<div class=\"elementor-column elementor-col-100 elementor-top-column elementor-element elementor-element-d9f1b6a\" data-id=\"d9f1b6a\" data-element_type=\"column\">\n\t\t\t<div class=\"elementor-widget-wrap elementor-element-populated\">\n\t\t\t\t\t\t<div class=\"elementor-element elementor-element-dbdde74 elementor-widget elementor-widget-image\" data-id=\"dbdde74\" data-element_type=\"widget\" data-widget_type=\"image.default\">\n\t\t\t\t<div class=\"elementor-widget-container\">\n\t\t\t\t\t\t\t\t\t\t\t\t\t\t\t<img decoding=\"async\" width=\"696\" height=\"808\" src=\"https:\/\/pc.sc.gov.br\/\/wp-content\/uploads\/2024\/10\/WhatsApp-Image-2024-10-18-at-16.07.02-1.jpeg\" class=\"attachment-large size-large wp-image-24260\" alt=\"\" srcset=\"https:\/\/pc.sc.gov.br\/\/wp-content\/uploads\/2024\/10\/WhatsApp-Image-2024-10-18-at-16.07.02-1.jpeg 829w, https:\/\/pc.sc.gov.br\/\/wp-content\/uploads\/2024\/10\/WhatsApp-Image-2024-10-18-at-16.07.02-1-259x300.jpeg 259w, https:\/\/pc.sc.gov.br\/\/wp-content\/uploads\/2024\/10\/WhatsApp-Image-2024-10-18-at-16.07.02-1-768x891.jpeg 768w\" sizes=\"(max-width: 696px) 100vw, 696px\" \/>\t\t\t\t\t\t\t\t\t\t\t\t\t\t\t<\/div>\n\t\t\t\t<\/div>\n\t\t\t\t\t<\/div>\n\t\t<\/div>\n\t\t\t\t\t<\/div>\n\t\t<\/section>\n\t\t\t\t<\/div>\n\t\t","protected":false},"excerpt":{"rendered":"<p>Opera\u00e7\u00e3o conjunta entre PRF e Pol\u00edcia Civil resulta na apreens\u00e3o de carro clonado e de 42 quilos de maconha Na manh\u00e3 desta sexta-feira (18\/10), ap\u00f3s a Pol\u00edcia Rodovi\u00e1ria Federal receber informa\u00e7\u00f5es de que um ve\u00edculo da marca Renault, modelo Sandero, suspeito de ser adulterado (clonado), estaria circulando pelo oeste catarinense, as equipes da PRF, com [&hellip;]<\/p>\n","protected":false},"author":5,"featured_media":24258,"comment_status":"closed","ping_status":"open","sticky":false,"template":"","format":"standard","meta":{"_monsterinsights_skip_tracking":false,"_monsterinsights_sitenote_active":false,"_monsterinsights_sitenote_note":"","_monsterinsights_sitenote_category":0,"footnotes":""},"categories":[1],"tags":[],"class_list":["post-24257","post","type-post","status-publish","format-standard","has-post-thumbnail","hentry","category-sem-categoria"],"_links":{"self":[{"href":"https:\/\/pc.sc.gov.br\/index.php?rest_route=\/wp\/v2\/posts\/24257","targetHints":{"allow":["GET"]}}],"collection":[{"href":"https:\/\/pc.sc.gov.br\/index.php?rest_route=\/wp\/v2\/posts"}],"about":[{"href":"https:\/\/pc.sc.gov.br\/index.php?rest_route=\/wp\/v2\/types\/post"}],"author":[{"embeddable":true,"href":"https:\/\/pc.sc.gov.br\/index.php?rest_route=\/wp\/v2\/users\/5"}],"replies":[{"embeddable":true,"href":"https:\/\/pc.sc.gov.br\/index.php?rest_route=%2Fwp%2Fv2%2Fcomments&post=24257"}],"version-history":[{"count":4,"href":"https:\/\/pc.sc.gov.br\/index.php?rest_route=\/wp\/v2\/posts\/24257\/revisions"}],"predecessor-version":[{"id":24263,"href":"https:\/\/pc.sc.gov.br\/index.php?rest_route=\/wp\/v2\/posts\/24257\/revisions\/24263"}],"wp:featuredmedia":[{"embeddable":true,"href":"https:\/\/pc.sc.gov.br\/index.php?rest_route=\/wp\/v2\/media\/24258"}],"wp:attachment":[{"href":"https:\/\/pc.sc.gov.br\/index.php?rest_route=%2Fwp%2Fv2%2Fmedia&parent=24257"}],"wp:term":[{"taxonomy":"category","embeddable":true,"href":"https:\/\/pc.sc.gov.br\/index.php?rest_route=%2Fwp%2Fv2%2Fcategories&post=24257"},{"taxonomy":"post_tag","embeddable":true,"href":"https:\/\/pc.sc.gov.br\/index.php?rest_route=%2Fwp%2Fv2%2Ftags&post=24257"}],"curies":[{"name":"wp","href":"https:\/\/api.w.org\/{rel}","templated":true}]}}