{"id":24264,"date":"2024-10-18T16:59:10","date_gmt":"2024-10-18T19:59:10","guid":{"rendered":"https:\/\/pc.sc.gov.br\/?p=24264"},"modified":"2024-10-18T17:00:02","modified_gmt":"2024-10-18T20:00:02","slug":"policia-civil-deflagra-operacao-contra-trafico-de-drogas-e-violencia-domestica-em-sao-jose-do-cedro","status":"publish","type":"post","link":"https:\/\/pc.sc.gov.br\/?p=24264","title":{"rendered":"Pol\u00edcia Civil deflagra opera\u00e7\u00e3o contra tr\u00e1fico de drogas e viol\u00eancia dom\u00e9stica em S\u00e3o Jos\u00e9 do Cedro"},"content":{"rendered":"\t\t<div data-elementor-type=\"wp-post\" data-elementor-id=\"24264\" class=\"elementor elementor-24264\" data-elementor-post-type=\"post\">\n\t\t\t\t\t\t<section class=\"elementor-section elementor-top-section elementor-element elementor-element-d290c16 elementor-section-boxed elementor-section-height-default elementor-section-height-default\" data-id=\"d290c16\" data-element_type=\"section\">\n\t\t\t\t\t\t<div class=\"elementor-container elementor-column-gap-default\">\n\t\t\t\t\t<div class=\"elementor-column elementor-col-100 elementor-top-column elementor-element elementor-element-58367bc\" data-id=\"58367bc\" data-element_type=\"column\">\n\t\t\t<div class=\"elementor-widget-wrap elementor-element-populated\">\n\t\t\t\t\t\t<div class=\"elementor-element elementor-element-58e9382 elementor-widget elementor-widget-heading\" data-id=\"58e9382\" data-element_type=\"widget\" data-widget_type=\"heading.default\">\n\t\t\t\t<div class=\"elementor-widget-container\">\n\t\t\t\t\t<h2 class=\"elementor-heading-title elementor-size-default\">Pol\u00edcia Civil deflagra opera\u00e7\u00e3o contra tr\u00e1fico de drogas e viol\u00eancia dom\u00e9stica em S\u00e3o Jos\u00e9 do Cedro<\/h2>\t\t\t\t<\/div>\n\t\t\t\t<\/div>\n\t\t\t\t\t<\/div>\n\t\t<\/div>\n\t\t\t\t\t<\/div>\n\t\t<\/section>\n\t\t\t\t<section class=\"elementor-section elementor-top-section elementor-element elementor-element-85b01b2 elementor-section-boxed elementor-section-height-default elementor-section-height-default\" data-id=\"85b01b2\" data-element_type=\"section\">\n\t\t\t\t\t\t<div class=\"elementor-container elementor-column-gap-default\">\n\t\t\t\t\t<div class=\"elementor-column elementor-col-100 elementor-top-column elementor-element elementor-element-9e4a1ca\" data-id=\"9e4a1ca\" data-element_type=\"column\">\n\t\t\t<div class=\"elementor-widget-wrap elementor-element-populated\">\n\t\t\t\t\t\t<div class=\"elementor-element elementor-element-645447e elementor-widget elementor-widget-image\" data-id=\"645447e\" data-element_type=\"widget\" data-widget_type=\"image.default\">\n\t\t\t\t<div class=\"elementor-widget-container\">\n\t\t\t\t\t\t\t\t\t\t\t\t\t\t\t<img fetchpriority=\"high\" decoding=\"async\" width=\"696\" height=\"928\" src=\"https:\/\/pc.sc.gov.br\/\/wp-content\/uploads\/2024\/10\/WhatsApp-Image-2024-10-18-at-16.17.16-1-768x1024.jpeg\" class=\"attachment-large size-large wp-image-24265\" alt=\"\" srcset=\"https:\/\/pc.sc.gov.br\/\/wp-content\/uploads\/2024\/10\/WhatsApp-Image-2024-10-18-at-16.17.16-1-768x1024.jpeg 768w, https:\/\/pc.sc.gov.br\/\/wp-content\/uploads\/2024\/10\/WhatsApp-Image-2024-10-18-at-16.17.16-1-225x300.jpeg 225w, https:\/\/pc.sc.gov.br\/\/wp-content\/uploads\/2024\/10\/WhatsApp-Image-2024-10-18-at-16.17.16-1.jpeg 960w\" sizes=\"(max-width: 696px) 100vw, 696px\" \/>\t\t\t\t\t\t\t\t\t\t\t\t\t\t\t<\/div>\n\t\t\t\t<\/div>\n\t\t\t\t\t<\/div>\n\t\t<\/div>\n\t\t\t\t\t<\/div>\n\t\t<\/section>\n\t\t\t\t<section class=\"elementor-section elementor-top-section elementor-element elementor-element-fa23ce0 elementor-section-boxed elementor-section-height-default elementor-section-height-default\" data-id=\"fa23ce0\" data-element_type=\"section\">\n\t\t\t\t\t\t<div class=\"elementor-container elementor-column-gap-default\">\n\t\t\t\t\t<div class=\"elementor-column elementor-col-100 elementor-top-column elementor-element elementor-element-27c4b4d\" data-id=\"27c4b4d\" data-element_type=\"column\">\n\t\t\t<div class=\"elementor-widget-wrap elementor-element-populated\">\n\t\t\t\t\t\t<div class=\"elementor-element elementor-element-c167734 elementor-widget elementor-widget-text-editor\" data-id=\"c167734\" data-element_type=\"widget\" data-widget_type=\"text-editor.default\">\n\t\t\t\t<div class=\"elementor-widget-container\">\n\t\t\t\t\t\t\t\t\t<p><br \/>Na quarta-feira (16\/10), a Pol\u00edcia Civil de Santa Catarina, por meio da Delegacia de Pol\u00edcia da Comarca de S\u00e3o Jos\u00e9 do Cedro, em investiga\u00e7\u00e3o sobre tr\u00e1fico de drogas e viol\u00eancia dom\u00e9stica, cumpriu mandados de busca e apreens\u00e3o e de pris\u00e3o tempor\u00e1ria. Al\u00e9m disso, foram lavrados dois autos de pris\u00e3o em flagrante por tr\u00e1fico de drogas. A opera\u00e7\u00e3o contou com apoio de policiais civis da DIC de S\u00e3o Miguel do Oeste e da DPCo de Dion\u00edsio Cerqueira e da Pol\u00edcia Militar de Dion\u00edsio Cerqueira.<\/p><p>Segundo a delegada de Pol\u00edcia Joelma Alberton, respons\u00e1vel pela investiga\u00e7\u00e3o, foi preso um homem que tinha em dep\u00f3sito, aproximadamente, 900 gramas de maconha, uma por\u00e7\u00e3o de coca\u00edna e materiais usados no tr\u00e1fico. Foi encontrado tamb\u00e9m um simulacro de arma semelhante a uma pistola, convergente com a arma utilizada pelo investigado na pr\u00e1tica do crime de viol\u00eancia dom\u00e9stica.<br \/><br \/>Em rela\u00e7\u00e3o a um terceiro local, alvo da investiga\u00e7\u00e3o, foi preso outro homem, sendo apreendidos com ele 14 gramas de coca\u00edna e uma balan\u00e7a de precis\u00e3o.<br \/><br \/>Os presos foram encaminhados ao Pres\u00eddio de S\u00e3o Jos\u00e9 do Cedro. O trabalho de investiga\u00e7\u00e3o, realizado pelos policiais da Delegacia de Pol\u00edcia da Comarca de S\u00e3o Jos\u00e9 do Cedro, continua.<\/p>\t\t\t\t\t\t\t\t<\/div>\n\t\t\t\t<\/div>\n\t\t\t\t\t<\/div>\n\t\t<\/div>\n\t\t\t\t\t<\/div>\n\t\t<\/section>\n\t\t\t\t<\/div>\n\t\t","protected":false},"excerpt":{"rendered":"<p>Pol\u00edcia Civil deflagra opera\u00e7\u00e3o contra tr\u00e1fico de drogas e viol\u00eancia dom\u00e9stica em S\u00e3o Jos\u00e9 do Cedro Na quarta-feira (16\/10), a Pol\u00edcia Civil de Santa Catarina, por meio da Delegacia de Pol\u00edcia da Comarca de S\u00e3o Jos\u00e9 do Cedro, em investiga\u00e7\u00e3o sobre tr\u00e1fico de drogas e viol\u00eancia dom\u00e9stica, cumpriu mandados de busca e apreens\u00e3o e de [&hellip;]<\/p>\n","protected":false},"author":5,"featured_media":24265,"comment_status":"closed","ping_status":"open","sticky":false,"template":"","format":"standard","meta":{"_monsterinsights_skip_tracking":false,"_monsterinsights_sitenote_active":false,"_monsterinsights_sitenote_note":"","_monsterinsights_sitenote_category":0,"footnotes":""},"categories":[1],"tags":[],"class_list":["post-24264","post","type-post","status-publish","format-standard","has-post-thumbnail","hentry","category-sem-categoria"],"_links":{"self":[{"href":"https:\/\/pc.sc.gov.br\/index.php?rest_route=\/wp\/v2\/posts\/24264","targetHints":{"allow":["GET"]}}],"collection":[{"href":"https:\/\/pc.sc.gov.br\/index.php?rest_route=\/wp\/v2\/posts"}],"about":[{"href":"https:\/\/pc.sc.gov.br\/index.php?rest_route=\/wp\/v2\/types\/post"}],"author":[{"embeddable":true,"href":"https:\/\/pc.sc.gov.br\/index.php?rest_route=\/wp\/v2\/users\/5"}],"replies":[{"embeddable":true,"href":"https:\/\/pc.sc.gov.br\/index.php?rest_route=%2Fwp%2Fv2%2Fcomments&post=24264"}],"version-history":[{"count":4,"href":"https:\/\/pc.sc.gov.br\/index.php?rest_route=\/wp\/v2\/posts\/24264\/revisions"}],"predecessor-version":[{"id":24269,"href":"https:\/\/pc.sc.gov.br\/index.php?rest_route=\/wp\/v2\/posts\/24264\/revisions\/24269"}],"wp:featuredmedia":[{"embeddable":true,"href":"https:\/\/pc.sc.gov.br\/index.php?rest_route=\/wp\/v2\/media\/24265"}],"wp:attachment":[{"href":"https:\/\/pc.sc.gov.br\/index.php?rest_route=%2Fwp%2Fv2%2Fmedia&parent=24264"}],"wp:term":[{"taxonomy":"category","embeddable":true,"href":"https:\/\/pc.sc.gov.br\/index.php?rest_route=%2Fwp%2Fv2%2Fcategories&post=24264"},{"taxonomy":"post_tag","embeddable":true,"href":"https:\/\/pc.sc.gov.br\/index.php?rest_route=%2Fwp%2Fv2%2Ftags&post=24264"}],"curies":[{"name":"wp","href":"https:\/\/api.w.org\/{rel}","templated":true}]}}