{"id":24277,"date":"2024-10-22T14:58:17","date_gmt":"2024-10-22T17:58:17","guid":{"rendered":"https:\/\/pc.sc.gov.br\/?p=24277"},"modified":"2024-10-22T14:59:19","modified_gmt":"2024-10-22T17:59:19","slug":"policia-civil-prende-mais-um-dos-envolvidos-com-a-fraude-de-consorcio","status":"publish","type":"post","link":"https:\/\/pc.sc.gov.br\/?p=24277","title":{"rendered":"Pol\u00edcia Civil prende mais um dos envolvidos com a fraude de cons\u00f3rcio"},"content":{"rendered":"\t\t<div data-elementor-type=\"wp-post\" data-elementor-id=\"24277\" class=\"elementor elementor-24277\" data-elementor-post-type=\"post\">\n\t\t\t\t\t\t<section class=\"elementor-section elementor-top-section elementor-element elementor-element-1f90f5c elementor-section-boxed elementor-section-height-default elementor-section-height-default\" data-id=\"1f90f5c\" data-element_type=\"section\">\n\t\t\t\t\t\t<div class=\"elementor-container elementor-column-gap-default\">\n\t\t\t\t\t<div class=\"elementor-column elementor-col-100 elementor-top-column elementor-element elementor-element-fa9e02d\" data-id=\"fa9e02d\" data-element_type=\"column\">\n\t\t\t<div class=\"elementor-widget-wrap elementor-element-populated\">\n\t\t\t\t\t\t<div class=\"elementor-element elementor-element-83a2cd5 elementor-widget elementor-widget-heading\" data-id=\"83a2cd5\" data-element_type=\"widget\" data-widget_type=\"heading.default\">\n\t\t\t\t<div class=\"elementor-widget-container\">\n\t\t\t\t\t<h2 class=\"elementor-heading-title elementor-size-default\">Pol\u00edcia Civil prende mais um dos envolvidos com a fraude de cons\u00f3rcio <\/h2>\t\t\t\t<\/div>\n\t\t\t\t<\/div>\n\t\t\t\t\t<\/div>\n\t\t<\/div>\n\t\t\t\t\t<\/div>\n\t\t<\/section>\n\t\t\t\t<section class=\"elementor-section elementor-top-section elementor-element elementor-element-57b7862 elementor-section-boxed elementor-section-height-default elementor-section-height-default\" data-id=\"57b7862\" data-element_type=\"section\">\n\t\t\t\t\t\t<div class=\"elementor-container elementor-column-gap-default\">\n\t\t\t\t\t<div class=\"elementor-column elementor-col-100 elementor-top-column elementor-element elementor-element-b6a66a4\" data-id=\"b6a66a4\" data-element_type=\"column\">\n\t\t\t<div class=\"elementor-widget-wrap elementor-element-populated\">\n\t\t\t\t\t\t<div class=\"elementor-element elementor-element-7932eba elementor-widget elementor-widget-image\" data-id=\"7932eba\" data-element_type=\"widget\" data-widget_type=\"image.default\">\n\t\t\t\t<div class=\"elementor-widget-container\">\n\t\t\t\t\t\t\t\t\t\t\t\t\t\t\t<img fetchpriority=\"high\" decoding=\"async\" width=\"499\" height=\"345\" src=\"https:\/\/pc.sc.gov.br\/\/wp-content\/uploads\/2024\/09\/a2dbb181-8fea-4491-9f21-ab050c390973-fotor-2024072216458.jpg\" class=\"attachment-large size-large wp-image-23175\" alt=\"\" srcset=\"https:\/\/pc.sc.gov.br\/\/wp-content\/uploads\/2024\/09\/a2dbb181-8fea-4491-9f21-ab050c390973-fotor-2024072216458.jpg 499w, https:\/\/pc.sc.gov.br\/\/wp-content\/uploads\/2024\/09\/a2dbb181-8fea-4491-9f21-ab050c390973-fotor-2024072216458-300x207.jpg 300w\" sizes=\"(max-width: 499px) 100vw, 499px\" \/>\t\t\t\t\t\t\t\t\t\t\t\t\t\t\t<\/div>\n\t\t\t\t<\/div>\n\t\t\t\t<div class=\"elementor-element elementor-element-74c92b2 elementor-widget elementor-widget-text-editor\" data-id=\"74c92b2\" data-element_type=\"widget\" data-widget_type=\"text-editor.default\">\n\t\t\t\t<div class=\"elementor-widget-container\">\n\t\t\t\t\t\t\t\t\t<p>Nesta ter\u00e7a-feira (22\/10), a Pol\u00edcia Civil de Santa Catarina, por meio da Delegacia de Combate a Estelionatos (DCE) do Departamento de Investiga\u00e7\u00f5es Criminais da Capital, deu cumprimento a mais um mandado de pris\u00e3o tempor\u00e1ria de individuo envolvido com vendas fraudulentas de cons\u00f3rcios ocorridas na cidade de Florian\u00f3polis &#8211; o suspeito foi encontrado na cidade de Porto Belo. Esse j\u00e1 \u00e9 o terceiro preso dessa investiga\u00e7\u00e3o.<\/p><p><strong>Entenda o caso<\/strong><\/p><p>A investiga\u00e7\u00e3o come\u00e7ou em julho deste ano, quando foram registradas ocorr\u00eancias por diversas v\u00edtimas que, induzidas a erro, acreditando que estariam comprando cons\u00f3rcios\/im\u00f3veis, acabaram transferindo valores de grande monta ao bando, totalizando neste inqu\u00e9rito preju\u00edzos de mais de R$170.000,00.<\/p><p>Um dos envolvidos j\u00e1 tinha sido indiciado em investiga\u00e7\u00e3o anterior da DCE em fraudes que beiram a quantia de quase R$500.000,00, em preju\u00edzos de outras 12 v\u00edtimas.<\/p><p>Ressalta-se que o bando anunciava os bens pela internet para angariar clientes, os quais eram atendidos por vendedores e convencidos a adquirir o produto fraudulento. O inqu\u00e9rito policial segue em fase de conclus\u00e3o.<\/p><p>A orienta\u00e7\u00e3o que a Pol\u00edcia Civil repassa \u00e0 popula\u00e7\u00e3o \u00e9 no sentido de ter cautela com as institui\u00e7\u00f5es por onde pretendem adquirir bens ou cons\u00f3rcios &#8211; procure uma empresa ou corretora s\u00f3lida, com credibilidade no mercado.<\/p>\t\t\t\t\t\t\t\t<\/div>\n\t\t\t\t<\/div>\n\t\t\t\t\t<\/div>\n\t\t<\/div>\n\t\t\t\t\t<\/div>\n\t\t<\/section>\n\t\t\t\t<\/div>\n\t\t","protected":false},"excerpt":{"rendered":"<p>Pol\u00edcia Civil prende mais um dos envolvidos com a fraude de cons\u00f3rcio Nesta ter\u00e7a-feira (22\/10), a Pol\u00edcia Civil de Santa Catarina, por meio da Delegacia de Combate a Estelionatos (DCE) do Departamento de Investiga\u00e7\u00f5es Criminais da Capital, deu cumprimento a mais um mandado de pris\u00e3o tempor\u00e1ria de individuo envolvido com vendas fraudulentas de cons\u00f3rcios ocorridas [&hellip;]<\/p>\n","protected":false},"author":5,"featured_media":23175,"comment_status":"closed","ping_status":"open","sticky":false,"template":"","format":"standard","meta":{"_monsterinsights_skip_tracking":false,"_monsterinsights_sitenote_active":false,"_monsterinsights_sitenote_note":"","_monsterinsights_sitenote_category":0,"footnotes":""},"categories":[1],"tags":[],"class_list":["post-24277","post","type-post","status-publish","format-standard","has-post-thumbnail","hentry","category-sem-categoria"],"_links":{"self":[{"href":"https:\/\/pc.sc.gov.br\/index.php?rest_route=\/wp\/v2\/posts\/24277","targetHints":{"allow":["GET"]}}],"collection":[{"href":"https:\/\/pc.sc.gov.br\/index.php?rest_route=\/wp\/v2\/posts"}],"about":[{"href":"https:\/\/pc.sc.gov.br\/index.php?rest_route=\/wp\/v2\/types\/post"}],"author":[{"embeddable":true,"href":"https:\/\/pc.sc.gov.br\/index.php?rest_route=\/wp\/v2\/users\/5"}],"replies":[{"embeddable":true,"href":"https:\/\/pc.sc.gov.br\/index.php?rest_route=%2Fwp%2Fv2%2Fcomments&post=24277"}],"version-history":[{"count":4,"href":"https:\/\/pc.sc.gov.br\/index.php?rest_route=\/wp\/v2\/posts\/24277\/revisions"}],"predecessor-version":[{"id":24281,"href":"https:\/\/pc.sc.gov.br\/index.php?rest_route=\/wp\/v2\/posts\/24277\/revisions\/24281"}],"wp:featuredmedia":[{"embeddable":true,"href":"https:\/\/pc.sc.gov.br\/index.php?rest_route=\/wp\/v2\/media\/23175"}],"wp:attachment":[{"href":"https:\/\/pc.sc.gov.br\/index.php?rest_route=%2Fwp%2Fv2%2Fmedia&parent=24277"}],"wp:term":[{"taxonomy":"category","embeddable":true,"href":"https:\/\/pc.sc.gov.br\/index.php?rest_route=%2Fwp%2Fv2%2Fcategories&post=24277"},{"taxonomy":"post_tag","embeddable":true,"href":"https:\/\/pc.sc.gov.br\/index.php?rest_route=%2Fwp%2Fv2%2Ftags&post=24277"}],"curies":[{"name":"wp","href":"https:\/\/api.w.org\/{rel}","templated":true}]}}