{"id":24295,"date":"2024-10-22T18:56:23","date_gmt":"2024-10-22T21:56:23","guid":{"rendered":"https:\/\/pc.sc.gov.br\/?p=24295"},"modified":"2024-10-22T19:01:00","modified_gmt":"2024-10-22T22:01:00","slug":"em-parceria-com-a-prefeitura-pcsc-entrega-15-kits-de-arrombamento-para-as-delegacias-de-policia-da-capital","status":"publish","type":"post","link":"https:\/\/pc.sc.gov.br\/?p=24295","title":{"rendered":"Em parceria com a prefeitura, PCSC entrega 15 kits de arrombamento para as delegacias de pol\u00edcia da Capital"},"content":{"rendered":"\t\t<div data-elementor-type=\"wp-post\" data-elementor-id=\"24295\" class=\"elementor elementor-24295\" data-elementor-post-type=\"post\">\n\t\t\t\t\t\t<section class=\"elementor-section elementor-top-section elementor-element elementor-element-9fecb92 elementor-section-boxed elementor-section-height-default elementor-section-height-default\" data-id=\"9fecb92\" data-element_type=\"section\">\n\t\t\t\t\t\t<div class=\"elementor-container elementor-column-gap-default\">\n\t\t\t\t\t<div class=\"elementor-column elementor-col-100 elementor-top-column elementor-element elementor-element-c5dbc44\" data-id=\"c5dbc44\" data-element_type=\"column\">\n\t\t\t<div class=\"elementor-widget-wrap elementor-element-populated\">\n\t\t\t\t\t\t<div class=\"elementor-element elementor-element-80f9355 elementor-widget elementor-widget-heading\" data-id=\"80f9355\" data-element_type=\"widget\" data-widget_type=\"heading.default\">\n\t\t\t\t<div class=\"elementor-widget-container\">\n\t\t\t\t\t<h2 class=\"elementor-heading-title elementor-size-default\">Em parceria com a prefeitura, PCSC entrega 15 kits de arrombamento para as delegacias de pol\u00edcia da Capital<\/h2>\t\t\t\t<\/div>\n\t\t\t\t<\/div>\n\t\t\t\t\t<\/div>\n\t\t<\/div>\n\t\t\t\t\t<\/div>\n\t\t<\/section>\n\t\t\t\t<section class=\"elementor-section elementor-top-section elementor-element elementor-element-dc6cf76 elementor-section-boxed elementor-section-height-default elementor-section-height-default\" data-id=\"dc6cf76\" data-element_type=\"section\">\n\t\t\t\t\t\t<div class=\"elementor-container elementor-column-gap-default\">\n\t\t\t\t\t<div class=\"elementor-column elementor-col-100 elementor-top-column elementor-element elementor-element-7cdb6a9\" data-id=\"7cdb6a9\" data-element_type=\"column\">\n\t\t\t<div class=\"elementor-widget-wrap elementor-element-populated\">\n\t\t\t\t\t\t<div class=\"elementor-element elementor-element-65725f3 elementor-widget elementor-widget-image\" data-id=\"65725f3\" data-element_type=\"widget\" data-widget_type=\"image.default\">\n\t\t\t\t<div class=\"elementor-widget-container\">\n\t\t\t\t\t\t\t\t\t\t\t\t\t\t\t<img fetchpriority=\"high\" decoding=\"async\" width=\"696\" height=\"392\" src=\"https:\/\/pc.sc.gov.br\/\/wp-content\/uploads\/2024\/10\/WhatsApp-Image-2024-10-22-at-17.52.31-1024x576.jpeg\" class=\"attachment-large size-large wp-image-24297\" alt=\"\" srcset=\"https:\/\/pc.sc.gov.br\/\/wp-content\/uploads\/2024\/10\/WhatsApp-Image-2024-10-22-at-17.52.31-1024x576.jpeg 1024w, https:\/\/pc.sc.gov.br\/\/wp-content\/uploads\/2024\/10\/WhatsApp-Image-2024-10-22-at-17.52.31-300x169.jpeg 300w, https:\/\/pc.sc.gov.br\/\/wp-content\/uploads\/2024\/10\/WhatsApp-Image-2024-10-22-at-17.52.31-768x432.jpeg 768w, https:\/\/pc.sc.gov.br\/\/wp-content\/uploads\/2024\/10\/WhatsApp-Image-2024-10-22-at-17.52.31-1536x864.jpeg 1536w, https:\/\/pc.sc.gov.br\/\/wp-content\/uploads\/2024\/10\/WhatsApp-Image-2024-10-22-at-17.52.31.jpeg 1600w\" sizes=\"(max-width: 696px) 100vw, 696px\" \/>\t\t\t\t\t\t\t\t\t\t\t\t\t\t\t<\/div>\n\t\t\t\t<\/div>\n\t\t\t\t\t<\/div>\n\t\t<\/div>\n\t\t\t\t\t<\/div>\n\t\t<\/section>\n\t\t\t\t<section class=\"elementor-section elementor-top-section elementor-element elementor-element-590c57e elementor-section-boxed elementor-section-height-default elementor-section-height-default\" data-id=\"590c57e\" data-element_type=\"section\">\n\t\t\t\t\t\t<div class=\"elementor-container elementor-column-gap-default\">\n\t\t\t\t\t<div class=\"elementor-column elementor-col-100 elementor-top-column elementor-element elementor-element-d6ae0d2\" data-id=\"d6ae0d2\" data-element_type=\"column\">\n\t\t\t<div class=\"elementor-widget-wrap elementor-element-populated\">\n\t\t\t\t\t\t<div class=\"elementor-element elementor-element-2813d24 elementor-widget elementor-widget-text-editor\" data-id=\"2813d24\" data-element_type=\"widget\" data-widget_type=\"text-editor.default\">\n\t\t\t\t<div class=\"elementor-widget-container\">\n\t\t\t\t\t\t\t\t\t<p>O delegado-geral da Pol\u00edcia Civil de Santa Catarina, Ulisses Gabriel, entregou nesta ter\u00e7a-feira, 22, 15 kits de arrombamento para as delegacias de Pol\u00edcia de Florian\u00f3polis. A solenidade realizada nesta ter\u00e7a-feira, 22, na sede da Delegacia-Geral, tamb\u00e9m contou com a presen\u00e7a do prefeito da Capital, Top\u00e1zio Neto; da diretora do Procon Estadual, delegada Michele Alves e do diretor de Pol\u00edcia da Grande Florian\u00f3polis, delegado Pedro Mendes; do Controlador-geral do munic\u00edpio,\u00a0 Rodrigo de Bona da Silva e do secret\u00e1rio adjunto de Seguran\u00e7a e Ordem P\u00fablica, M\u00e1rcio Luiz Alves.<\/p><p>O kit de arrombamento possui ferramentas que foram projetadas para opera\u00e7\u00f5es complexas, desenvolvidas para trabalhos policiais. O peso total de 20 kg e garante que seja poss\u00edvel transpor obst\u00e1culos de m\u00e9dia resist\u00eancia. Os bens foram adquiridos com recursos provenientes do conv\u00eanio de combate \u00e0 pirataria da prefeitura de Florian\u00f3polis e totalizam um investimento unit\u00e1rio de R$ 4.349,00 e total de R$ 65.241,00.<\/p><p>O delegado-geral Ulisses Gabriel enalteceu a import\u00e2ncia da parceria entre a Pol\u00edcia Civil de Santa Catarina e o munic\u00edpio de Florian\u00f3polis. \u201cO projeto come\u00e7ou com a delegada Michele e ter\u00e1 seguimento com o delegado Pedro Mendes, pois pretendemos escalar essa parceria. Ulisses Gabriel enfatizou ainda o aumento da produtividade das delegacias de \u00e1rea de Capital. \u201cA delegacia de \u00e1rea tem import\u00e2ncia fundamental para o cidad\u00e3o. \u00c9 ali que ele busca ajuda para encontrar um bem furtado, por exemplo. E vamos continuar investindo em equipamentos modernos, espa\u00e7os adequados e na valoriza\u00e7\u00e3o do nosso policial\u201d, disse Ulisses Gabriel. \u00c9 dessa forma, atuando em conjunto, que vamos manter nosso estado como o mais seguro do pa\u00eds e Florian\u00f3polis, como a capital mais segura.<\/p><p>O prefeito Top\u00e1zio Neto destacou que a expectativa \u00e9 de uma grande temporada de ver\u00e3o. \u201cTeremos muitos turistas brasileiros e estrangeiros e queremos e sabemos que o fator seguran\u00e7a \u00e9 decisivo na hora em que a pessoa escolhe um local para passar as f\u00e9rias coma fam\u00edlia. E aqui n\u00f3s estamos na Capital mais segura do pa\u00eds\u201d, pontuou.<\/p><p>Respons\u00e1vel pela iniciativa de formar a parceria da PCSC com a prefeitura de Florian\u00f3polis, a delegada Michele Alves, que \u00e0 \u00e9poca era Diretora de Pol\u00edcia da Grande Florian\u00f3polis e atualmente \u00e9 a Diretora do Procon Estadual, destacou que a entrega fala por si. \u201cS\u00e3o essas parcerias estrat\u00e9gicas que nos ajudam a manter a qualidade dos servi\u00e7os prestados pela nossa Pol\u00edcia Civil\u201d.<\/p><p>O delegado Pedro Mendes, Diretor da DPGF, disse que os kits de arrombamento entregues na solenidade s\u00e3o importantes para que o policial que trabalha na ponta tenha condi\u00e7\u00f5es de desempenhar suas atividades com equipamentos adequados e seguros.<\/p>\t\t\t\t\t\t\t\t<\/div>\n\t\t\t\t<\/div>\n\t\t\t\t\t<\/div>\n\t\t<\/div>\n\t\t\t\t\t<\/div>\n\t\t<\/section>\n\t\t\t\t<\/div>\n\t\t","protected":false},"excerpt":{"rendered":"<p>Em parceria com a prefeitura, PCSC entrega 15 kits de arrombamento para as delegacias de pol\u00edcia da Capital O delegado-geral da Pol\u00edcia Civil de Santa Catarina, Ulisses Gabriel, entregou nesta ter\u00e7a-feira, 22, 15 kits de arrombamento para as delegacias de Pol\u00edcia de Florian\u00f3polis. A solenidade realizada nesta ter\u00e7a-feira, 22, na sede da Delegacia-Geral, tamb\u00e9m contou [&hellip;]<\/p>\n","protected":false},"author":5,"featured_media":24296,"comment_status":"closed","ping_status":"open","sticky":false,"template":"","format":"standard","meta":{"_monsterinsights_skip_tracking":false,"_monsterinsights_sitenote_active":false,"_monsterinsights_sitenote_note":"","_monsterinsights_sitenote_category":0,"footnotes":""},"categories":[1],"tags":[],"class_list":["post-24295","post","type-post","status-publish","format-standard","has-post-thumbnail","hentry","category-sem-categoria"],"_links":{"self":[{"href":"https:\/\/pc.sc.gov.br\/index.php?rest_route=\/wp\/v2\/posts\/24295","targetHints":{"allow":["GET"]}}],"collection":[{"href":"https:\/\/pc.sc.gov.br\/index.php?rest_route=\/wp\/v2\/posts"}],"about":[{"href":"https:\/\/pc.sc.gov.br\/index.php?rest_route=\/wp\/v2\/types\/post"}],"author":[{"embeddable":true,"href":"https:\/\/pc.sc.gov.br\/index.php?rest_route=\/wp\/v2\/users\/5"}],"replies":[{"embeddable":true,"href":"https:\/\/pc.sc.gov.br\/index.php?rest_route=%2Fwp%2Fv2%2Fcomments&post=24295"}],"version-history":[{"count":3,"href":"https:\/\/pc.sc.gov.br\/index.php?rest_route=\/wp\/v2\/posts\/24295\/revisions"}],"predecessor-version":[{"id":24300,"href":"https:\/\/pc.sc.gov.br\/index.php?rest_route=\/wp\/v2\/posts\/24295\/revisions\/24300"}],"wp:featuredmedia":[{"embeddable":true,"href":"https:\/\/pc.sc.gov.br\/index.php?rest_route=\/wp\/v2\/media\/24296"}],"wp:attachment":[{"href":"https:\/\/pc.sc.gov.br\/index.php?rest_route=%2Fwp%2Fv2%2Fmedia&parent=24295"}],"wp:term":[{"taxonomy":"category","embeddable":true,"href":"https:\/\/pc.sc.gov.br\/index.php?rest_route=%2Fwp%2Fv2%2Fcategories&post=24295"},{"taxonomy":"post_tag","embeddable":true,"href":"https:\/\/pc.sc.gov.br\/index.php?rest_route=%2Fwp%2Fv2%2Ftags&post=24295"}],"curies":[{"name":"wp","href":"https:\/\/api.w.org\/{rel}","templated":true}]}}