{"id":24304,"date":"2024-10-23T15:38:04","date_gmt":"2024-10-23T18:38:04","guid":{"rendered":"https:\/\/pc.sc.gov.br\/?p=24304"},"modified":"2024-10-23T15:39:10","modified_gmt":"2024-10-23T18:39:10","slug":"em-criciuma-pcsc-captura-homem-foragido-por-extorsao-mediante-sequestro-no-pr-e-que-mobilizou-as-forcas-de-seguranca","status":"publish","type":"post","link":"https:\/\/pc.sc.gov.br\/?p=24304","title":{"rendered":"Em Crici\u00fama, PCSC captura homem foragido por extors\u00e3o mediante sequestro no PR e que mobilizou as for\u00e7as de seguran\u00e7a"},"content":{"rendered":"\t\t<div data-elementor-type=\"wp-post\" data-elementor-id=\"24304\" class=\"elementor elementor-24304\" data-elementor-post-type=\"post\">\n\t\t\t\t\t\t<section class=\"elementor-section elementor-top-section elementor-element elementor-element-b48c26b elementor-section-boxed elementor-section-height-default elementor-section-height-default\" data-id=\"b48c26b\" data-element_type=\"section\">\n\t\t\t\t\t\t<div class=\"elementor-container elementor-column-gap-default\">\n\t\t\t\t\t<div class=\"elementor-column elementor-col-100 elementor-top-column elementor-element elementor-element-0c9235a\" data-id=\"0c9235a\" data-element_type=\"column\">\n\t\t\t<div class=\"elementor-widget-wrap elementor-element-populated\">\n\t\t\t\t\t\t<div class=\"elementor-element elementor-element-d0709ce elementor-widget elementor-widget-heading\" data-id=\"d0709ce\" data-element_type=\"widget\" data-widget_type=\"heading.default\">\n\t\t\t\t<div class=\"elementor-widget-container\">\n\t\t\t\t\t<h2 class=\"elementor-heading-title elementor-size-default\">Em Crici\u00fama, PCSC captura homem foragido por extors\u00e3o mediante sequestro no PR e que mobilizou as for\u00e7as de seguran\u00e7a<\/h2>\t\t\t\t<\/div>\n\t\t\t\t<\/div>\n\t\t\t\t\t<\/div>\n\t\t<\/div>\n\t\t\t\t\t<\/div>\n\t\t<\/section>\n\t\t\t\t<section class=\"elementor-section elementor-top-section elementor-element elementor-element-dd1cd23 elementor-section-boxed elementor-section-height-default elementor-section-height-default\" data-id=\"dd1cd23\" data-element_type=\"section\">\n\t\t\t\t\t\t<div class=\"elementor-container elementor-column-gap-default\">\n\t\t\t\t\t<div class=\"elementor-column elementor-col-100 elementor-top-column elementor-element elementor-element-266d35d\" data-id=\"266d35d\" data-element_type=\"column\">\n\t\t\t<div class=\"elementor-widget-wrap elementor-element-populated\">\n\t\t\t\t\t\t<div class=\"elementor-element elementor-element-3c8fffc elementor-widget elementor-widget-image\" data-id=\"3c8fffc\" data-element_type=\"widget\" data-widget_type=\"image.default\">\n\t\t\t\t<div class=\"elementor-widget-container\">\n\t\t\t\t\t\t\t\t\t\t\t\t\t\t\t<img fetchpriority=\"high\" decoding=\"async\" width=\"696\" height=\"804\" src=\"https:\/\/pc.sc.gov.br\/\/wp-content\/uploads\/2024\/10\/213d6fd4-1197-40eb-b6f5-b52bba39005c-fotor-20241023153642-886x1024.jpg\" class=\"attachment-large size-large wp-image-24307\" alt=\"\" srcset=\"https:\/\/pc.sc.gov.br\/\/wp-content\/uploads\/2024\/10\/213d6fd4-1197-40eb-b6f5-b52bba39005c-fotor-20241023153642-886x1024.jpg 886w, https:\/\/pc.sc.gov.br\/\/wp-content\/uploads\/2024\/10\/213d6fd4-1197-40eb-b6f5-b52bba39005c-fotor-20241023153642-260x300.jpg 260w, https:\/\/pc.sc.gov.br\/\/wp-content\/uploads\/2024\/10\/213d6fd4-1197-40eb-b6f5-b52bba39005c-fotor-20241023153642-768x887.jpg 768w, https:\/\/pc.sc.gov.br\/\/wp-content\/uploads\/2024\/10\/213d6fd4-1197-40eb-b6f5-b52bba39005c-fotor-20241023153642.jpg 900w\" sizes=\"(max-width: 696px) 100vw, 696px\" \/>\t\t\t\t\t\t\t\t\t\t\t\t\t\t\t<\/div>\n\t\t\t\t<\/div>\n\t\t\t\t\t<\/div>\n\t\t<\/div>\n\t\t\t\t\t<\/div>\n\t\t<\/section>\n\t\t\t\t<section class=\"elementor-section elementor-top-section elementor-element elementor-element-7dbc39e elementor-section-boxed elementor-section-height-default elementor-section-height-default\" data-id=\"7dbc39e\" data-element_type=\"section\">\n\t\t\t\t\t\t<div class=\"elementor-container elementor-column-gap-default\">\n\t\t\t\t\t<div class=\"elementor-column elementor-col-100 elementor-top-column elementor-element elementor-element-fd8d685\" data-id=\"fd8d685\" data-element_type=\"column\">\n\t\t\t<div class=\"elementor-widget-wrap elementor-element-populated\">\n\t\t\t\t\t\t<div class=\"elementor-element elementor-element-1173a2b elementor-widget elementor-widget-text-editor\" data-id=\"1173a2b\" data-element_type=\"widget\" data-widget_type=\"text-editor.default\">\n\t\t\t\t<div class=\"elementor-widget-container\">\n\t\t\t\t\t\t\t\t\t<p>Ap\u00f3s atividade de investiga\u00e7\u00e3o e intelig\u00eancia da Pol\u00edcia Civil de Santa Catarina, na manh\u00e3 desta quarta-feira, 23, foi localizado e preso o homem, que estava sendo procurado, ap\u00f3s fuga no dia de ontem em Crici\u00fama, no bairro Pio Corr\u00eaa. Sua captura ocorreu no bairro Vila Zuleima, distante cerca de 1h30min a p\u00e9 do local inicial da fuga.<\/p><p>Natural do Paran\u00e1, o foragido estava com les\u00f5es superficiais causadas pela vegeta\u00e7\u00e3o. Sua pris\u00e3o \u00e9 decorrente de grave crime de extors\u00e3o mediante sequestro, ocorrido no estado vizinho, com opera\u00e7\u00e3o realizada em conjunto pela PCPR e PF, na segunda-feira passada.<\/p><p>A pris\u00e3o foi realizada por policiais civis da PCSC (DIC Crici\u00fama), da PCPR (TIGRE) e da PF (Crici\u00fama). Ainda, nas buscas de ontem, atuaram em apoio o efetivo da PMSC, canil PMSC, N\u00facleo de Opera\u00e7\u00f5es com C\u00e3es (PCSC), GAECO Crici\u00fama e o helic\u00f3ptero da Pol\u00edcia Civil de SC (SAER).<\/p>\t\t\t\t\t\t\t\t<\/div>\n\t\t\t\t<\/div>\n\t\t\t\t\t<\/div>\n\t\t<\/div>\n\t\t\t\t\t<\/div>\n\t\t<\/section>\n\t\t\t\t<\/div>\n\t\t","protected":false},"excerpt":{"rendered":"<p>Em Crici\u00fama, PCSC captura homem foragido por extors\u00e3o mediante sequestro no PR e que mobilizou as for\u00e7as de seguran\u00e7a Ap\u00f3s atividade de investiga\u00e7\u00e3o e intelig\u00eancia da Pol\u00edcia Civil de Santa Catarina, na manh\u00e3 desta quarta-feira, 23, foi localizado e preso o homem, que estava sendo procurado, ap\u00f3s fuga no dia de ontem em Crici\u00fama, no [&hellip;]<\/p>\n","protected":false},"author":5,"featured_media":24305,"comment_status":"closed","ping_status":"open","sticky":false,"template":"","format":"standard","meta":{"_monsterinsights_skip_tracking":false,"_monsterinsights_sitenote_active":false,"_monsterinsights_sitenote_note":"","_monsterinsights_sitenote_category":0,"footnotes":""},"categories":[1],"tags":[],"class_list":["post-24304","post","type-post","status-publish","format-standard","has-post-thumbnail","hentry","category-sem-categoria"],"_links":{"self":[{"href":"https:\/\/pc.sc.gov.br\/index.php?rest_route=\/wp\/v2\/posts\/24304","targetHints":{"allow":["GET"]}}],"collection":[{"href":"https:\/\/pc.sc.gov.br\/index.php?rest_route=\/wp\/v2\/posts"}],"about":[{"href":"https:\/\/pc.sc.gov.br\/index.php?rest_route=\/wp\/v2\/types\/post"}],"author":[{"embeddable":true,"href":"https:\/\/pc.sc.gov.br\/index.php?rest_route=\/wp\/v2\/users\/5"}],"replies":[{"embeddable":true,"href":"https:\/\/pc.sc.gov.br\/index.php?rest_route=%2Fwp%2Fv2%2Fcomments&post=24304"}],"version-history":[{"count":4,"href":"https:\/\/pc.sc.gov.br\/index.php?rest_route=\/wp\/v2\/posts\/24304\/revisions"}],"predecessor-version":[{"id":24310,"href":"https:\/\/pc.sc.gov.br\/index.php?rest_route=\/wp\/v2\/posts\/24304\/revisions\/24310"}],"wp:featuredmedia":[{"embeddable":true,"href":"https:\/\/pc.sc.gov.br\/index.php?rest_route=\/wp\/v2\/media\/24305"}],"wp:attachment":[{"href":"https:\/\/pc.sc.gov.br\/index.php?rest_route=%2Fwp%2Fv2%2Fmedia&parent=24304"}],"wp:term":[{"taxonomy":"category","embeddable":true,"href":"https:\/\/pc.sc.gov.br\/index.php?rest_route=%2Fwp%2Fv2%2Fcategories&post=24304"},{"taxonomy":"post_tag","embeddable":true,"href":"https:\/\/pc.sc.gov.br\/index.php?rest_route=%2Fwp%2Fv2%2Ftags&post=24304"}],"curies":[{"name":"wp","href":"https:\/\/api.w.org\/{rel}","templated":true}]}}