{"id":24312,"date":"2024-10-23T15:48:37","date_gmt":"2024-10-23T18:48:37","guid":{"rendered":"https:\/\/pc.sc.gov.br\/?p=24312"},"modified":"2024-10-23T15:49:56","modified_gmt":"2024-10-23T18:49:56","slug":"homem-e-preso-apos-serie-de-crimes-em-turvo-incluindo-dano-a-dp-e-furto-de-retroescavadeira-da-prefeitura","status":"publish","type":"post","link":"https:\/\/pc.sc.gov.br\/?p=24312","title":{"rendered":"Homem \u00e9 preso ap\u00f3s s\u00e9rie de crimes em Turvo, incluindo dano \u00e0 DP e furto de retroescavadeira da prefeitura"},"content":{"rendered":"\t\t<div data-elementor-type=\"wp-post\" data-elementor-id=\"24312\" class=\"elementor elementor-24312\" data-elementor-post-type=\"post\">\n\t\t\t\t\t\t<section class=\"elementor-section elementor-top-section elementor-element elementor-element-3cbf98c elementor-section-boxed elementor-section-height-default elementor-section-height-default\" data-id=\"3cbf98c\" data-element_type=\"section\">\n\t\t\t\t\t\t<div class=\"elementor-container elementor-column-gap-default\">\n\t\t\t\t\t<div class=\"elementor-column elementor-col-100 elementor-top-column elementor-element elementor-element-9b0719e\" data-id=\"9b0719e\" data-element_type=\"column\">\n\t\t\t<div class=\"elementor-widget-wrap elementor-element-populated\">\n\t\t\t\t\t\t<div class=\"elementor-element elementor-element-3fa8075 elementor-widget elementor-widget-heading\" data-id=\"3fa8075\" data-element_type=\"widget\" data-widget_type=\"heading.default\">\n\t\t\t\t<div class=\"elementor-widget-container\">\n\t\t\t\t\t<h2 class=\"elementor-heading-title elementor-size-default\">Homem \u00e9 preso ap\u00f3s s\u00e9rie de crimes em Turvo, incluindo dano \u00e0 DP e furto de retroescavadeira da prefeitura\u00e0<\/h2>\t\t\t\t<\/div>\n\t\t\t\t<\/div>\n\t\t\t\t\t<\/div>\n\t\t<\/div>\n\t\t\t\t\t<\/div>\n\t\t<\/section>\n\t\t\t\t<section class=\"elementor-section elementor-top-section elementor-element elementor-element-83b1d01 elementor-section-boxed elementor-section-height-default elementor-section-height-default\" data-id=\"83b1d01\" data-element_type=\"section\">\n\t\t\t\t\t\t<div class=\"elementor-container elementor-column-gap-default\">\n\t\t\t\t\t<div class=\"elementor-column elementor-col-100 elementor-top-column elementor-element elementor-element-8c60557\" data-id=\"8c60557\" data-element_type=\"column\">\n\t\t\t<div class=\"elementor-widget-wrap elementor-element-populated\">\n\t\t\t\t\t\t<div class=\"elementor-element elementor-element-42405eb elementor-widget elementor-widget-image\" data-id=\"42405eb\" data-element_type=\"widget\" data-widget_type=\"image.default\">\n\t\t\t\t<div class=\"elementor-widget-container\">\n\t\t\t\t\t\t\t\t\t\t\t\t\t\t\t<img fetchpriority=\"high\" decoding=\"async\" width=\"696\" height=\"716\" src=\"https:\/\/pc.sc.gov.br\/\/wp-content\/uploads\/2024\/10\/47a9f2e6-8d7b-4e85-8a40-716e473af842-fotor-2024102315345.jpg\" class=\"attachment-large size-large wp-image-24315\" alt=\"\" srcset=\"https:\/\/pc.sc.gov.br\/\/wp-content\/uploads\/2024\/10\/47a9f2e6-8d7b-4e85-8a40-716e473af842-fotor-2024102315345.jpg 899w, https:\/\/pc.sc.gov.br\/\/wp-content\/uploads\/2024\/10\/47a9f2e6-8d7b-4e85-8a40-716e473af842-fotor-2024102315345-292x300.jpg 292w, https:\/\/pc.sc.gov.br\/\/wp-content\/uploads\/2024\/10\/47a9f2e6-8d7b-4e85-8a40-716e473af842-fotor-2024102315345-768x790.jpg 768w\" sizes=\"(max-width: 696px) 100vw, 696px\" \/>\t\t\t\t\t\t\t\t\t\t\t\t\t\t\t<\/div>\n\t\t\t\t<\/div>\n\t\t\t\t\t<\/div>\n\t\t<\/div>\n\t\t\t\t\t<\/div>\n\t\t<\/section>\n\t\t\t\t<section class=\"elementor-section elementor-top-section elementor-element elementor-element-94797c2 elementor-section-boxed elementor-section-height-default elementor-section-height-default\" data-id=\"94797c2\" data-element_type=\"section\">\n\t\t\t\t\t\t<div class=\"elementor-container elementor-column-gap-default\">\n\t\t\t\t\t<div class=\"elementor-column elementor-col-100 elementor-top-column elementor-element elementor-element-92fbe61\" data-id=\"92fbe61\" data-element_type=\"column\">\n\t\t\t<div class=\"elementor-widget-wrap elementor-element-populated\">\n\t\t\t\t\t\t<div class=\"elementor-element elementor-element-26d4c0e elementor-widget elementor-widget-text-editor\" data-id=\"26d4c0e\" data-element_type=\"widget\" data-widget_type=\"text-editor.default\">\n\t\t\t\t<div class=\"elementor-widget-container\">\n\t\t\t\t\t\t\t\t\t<p>A Pol\u00edcia Civil de Santa Catarina realizou uma opera\u00e7\u00e3o policial nesta quarta-feira, 23,\u00a0 com apoio da Pol\u00edcia Militar, na qual foi preso, preventivamente, um homem respons\u00e1vel pela\u00a0 pr\u00e1tica de uma sequ\u00eancia de crimes ocorridos na cidade de Turvo no \u00faltimo s\u00e1bado, dia 19 de outubro. O suspeito causou uma s\u00e9rie de danos na cidade, culminando em sua pris\u00e3o.<\/p><p>Os eventos come\u00e7aram quando o indiv\u00edduo furtou o carro de sua pr\u00f3pria irm\u00e3 e, em seguida, dirigiu-se \u00e0 Delegacia de Pol\u00edcia de Turvo, onde danificou o hidr\u00f4metro da unidade. Pouco tempo depois, ele furtou uma retroescavadeira de propriedade da prefeitura Municipal. O homem usou a m\u00e1quina para erguer um autom\u00f3vel e arremess\u00e1-lo contra o port\u00e3o de uma resid\u00eancia, destruindo tanto o ve\u00edculo quanto o muro de uma propriedade privada.<\/p><p>O comportamento violento do suspeito n\u00e3o parou por a\u00ed. Antes desses crimes, ainda no in\u00edcio da noite, o homem tamb\u00e9m havia danificado com chutes o hidr\u00f4metro da ag\u00eancia do Banco do Brasil, situada no Centro da cidade. De acordo com as investiga\u00e7\u00f5es, o suspeito planejava incendiar as viaturas da pol\u00edcia local, o que causou grande preocupa\u00e7\u00e3o \u00e0s autoridades. Ap\u00f3s intensa investiga\u00e7\u00e3o, a Pol\u00edcia Civil logrou \u00eaxito em identificar o autor dos fatos, assim como a sua localiza\u00e7\u00e3o.\u00a0<\/p><p>Diante da gravidade dos fatos e da amea\u00e7a \u00e0 ordem p\u00fablica, o homem foi preso e encaminhado ao pres\u00eddio da regi\u00e3o. Ele responder\u00e1 por diversos crimes, incluindo dano qualificado por tr\u00eas vezes e furto qualificado. A Pol\u00edcia Civil destacou que a manuten\u00e7\u00e3o de sua liberdade seria um risco para a seguran\u00e7a da comunidade de Turvo.<\/p><p>A opera\u00e7\u00e3o policial que resultou na pris\u00e3o do suspeito foi realizada com rapidez e efici\u00eancia para neutralizar a amea\u00e7a. O caso continua sob investiga\u00e7\u00e3o no \u00e2mbito da Pol\u00edcia Civil, para\u00a0 esclarecer as motiva\u00e7\u00f5es para o cometimento dos crimes.<\/p>\t\t\t\t\t\t\t\t<\/div>\n\t\t\t\t<\/div>\n\t\t\t\t\t<\/div>\n\t\t<\/div>\n\t\t\t\t\t<\/div>\n\t\t<\/section>\n\t\t\t\t<\/div>\n\t\t","protected":false},"excerpt":{"rendered":"<p>Homem \u00e9 preso ap\u00f3s s\u00e9rie de crimes em Turvo, incluindo dano \u00e0 DP e furto de retroescavadeira da prefeitura\u00e0 A Pol\u00edcia Civil de Santa Catarina realizou uma opera\u00e7\u00e3o policial nesta quarta-feira, 23,\u00a0 com apoio da Pol\u00edcia Militar, na qual foi preso, preventivamente, um homem respons\u00e1vel pela\u00a0 pr\u00e1tica de uma sequ\u00eancia de crimes ocorridos na cidade [&hellip;]<\/p>\n","protected":false},"author":5,"featured_media":24313,"comment_status":"closed","ping_status":"open","sticky":false,"template":"","format":"standard","meta":{"_monsterinsights_skip_tracking":false,"_monsterinsights_sitenote_active":false,"_monsterinsights_sitenote_note":"","_monsterinsights_sitenote_category":0,"footnotes":""},"categories":[1],"tags":[],"class_list":["post-24312","post","type-post","status-publish","format-standard","has-post-thumbnail","hentry","category-sem-categoria"],"_links":{"self":[{"href":"https:\/\/pc.sc.gov.br\/index.php?rest_route=\/wp\/v2\/posts\/24312","targetHints":{"allow":["GET"]}}],"collection":[{"href":"https:\/\/pc.sc.gov.br\/index.php?rest_route=\/wp\/v2\/posts"}],"about":[{"href":"https:\/\/pc.sc.gov.br\/index.php?rest_route=\/wp\/v2\/types\/post"}],"author":[{"embeddable":true,"href":"https:\/\/pc.sc.gov.br\/index.php?rest_route=\/wp\/v2\/users\/5"}],"replies":[{"embeddable":true,"href":"https:\/\/pc.sc.gov.br\/index.php?rest_route=%2Fwp%2Fv2%2Fcomments&post=24312"}],"version-history":[{"count":4,"href":"https:\/\/pc.sc.gov.br\/index.php?rest_route=\/wp\/v2\/posts\/24312\/revisions"}],"predecessor-version":[{"id":24318,"href":"https:\/\/pc.sc.gov.br\/index.php?rest_route=\/wp\/v2\/posts\/24312\/revisions\/24318"}],"wp:featuredmedia":[{"embeddable":true,"href":"https:\/\/pc.sc.gov.br\/index.php?rest_route=\/wp\/v2\/media\/24313"}],"wp:attachment":[{"href":"https:\/\/pc.sc.gov.br\/index.php?rest_route=%2Fwp%2Fv2%2Fmedia&parent=24312"}],"wp:term":[{"taxonomy":"category","embeddable":true,"href":"https:\/\/pc.sc.gov.br\/index.php?rest_route=%2Fwp%2Fv2%2Fcategories&post=24312"},{"taxonomy":"post_tag","embeddable":true,"href":"https:\/\/pc.sc.gov.br\/index.php?rest_route=%2Fwp%2Fv2%2Ftags&post=24312"}],"curies":[{"name":"wp","href":"https:\/\/api.w.org\/{rel}","templated":true}]}}