{"id":24329,"date":"2024-10-23T18:42:22","date_gmt":"2024-10-23T21:42:22","guid":{"rendered":"https:\/\/pc.sc.gov.br\/?p=24329"},"modified":"2024-10-23T18:44:56","modified_gmt":"2024-10-23T21:44:56","slug":"pcsc-apresenta-ip-digital-para-o-centro-de-apoio-operacional-criminal-e-de-seguranca-publica-do-mpsc","status":"publish","type":"post","link":"https:\/\/pc.sc.gov.br\/?p=24329","title":{"rendered":"PCSC apresenta IP Digital para o Centro de Apoio Operacional Criminal e de Seguran\u00e7a P\u00fablica do MPSC"},"content":{"rendered":"\t\t<div data-elementor-type=\"wp-post\" data-elementor-id=\"24329\" class=\"elementor elementor-24329\" data-elementor-post-type=\"post\">\n\t\t\t\t\t\t<section class=\"elementor-section elementor-top-section elementor-element elementor-element-663f452 elementor-section-boxed elementor-section-height-default elementor-section-height-default\" data-id=\"663f452\" data-element_type=\"section\">\n\t\t\t\t\t\t<div class=\"elementor-container elementor-column-gap-default\">\n\t\t\t\t\t<div class=\"elementor-column elementor-col-100 elementor-top-column elementor-element elementor-element-df188d3\" data-id=\"df188d3\" data-element_type=\"column\">\n\t\t\t<div class=\"elementor-widget-wrap elementor-element-populated\">\n\t\t\t\t\t\t<div class=\"elementor-element elementor-element-bc6cc54 elementor-widget elementor-widget-heading\" data-id=\"bc6cc54\" data-element_type=\"widget\" data-widget_type=\"heading.default\">\n\t\t\t\t<div class=\"elementor-widget-container\">\n\t\t\t\t\t<h2 class=\"elementor-heading-title elementor-size-default\">PCSC apresenta IP Digital para o Centro de Apoio Operacional Criminal e de Seguran\u00e7a P\u00fablica do MPSC<\/h2>\t\t\t\t<\/div>\n\t\t\t\t<\/div>\n\t\t\t\t\t<\/div>\n\t\t<\/div>\n\t\t\t\t\t<\/div>\n\t\t<\/section>\n\t\t\t\t<section class=\"elementor-section elementor-top-section elementor-element elementor-element-28132df elementor-section-boxed elementor-section-height-default elementor-section-height-default\" data-id=\"28132df\" data-element_type=\"section\">\n\t\t\t\t\t\t<div class=\"elementor-container elementor-column-gap-default\">\n\t\t\t\t\t<div class=\"elementor-column elementor-col-100 elementor-top-column elementor-element elementor-element-ba7cbff\" data-id=\"ba7cbff\" data-element_type=\"column\">\n\t\t\t<div class=\"elementor-widget-wrap elementor-element-populated\">\n\t\t\t\t\t\t<div class=\"elementor-element elementor-element-ba82140 elementor-widget elementor-widget-image\" data-id=\"ba82140\" data-element_type=\"widget\" data-widget_type=\"image.default\">\n\t\t\t\t<div class=\"elementor-widget-container\">\n\t\t\t\t\t\t\t\t\t\t\t\t\t\t\t<img fetchpriority=\"high\" decoding=\"async\" width=\"696\" height=\"522\" src=\"https:\/\/pc.sc.gov.br\/\/wp-content\/uploads\/2024\/10\/WhatsApp-Image-2024-10-23-at-18.03.42-1024x768.jpeg\" class=\"attachment-large size-large wp-image-24331\" alt=\"\" srcset=\"https:\/\/pc.sc.gov.br\/\/wp-content\/uploads\/2024\/10\/WhatsApp-Image-2024-10-23-at-18.03.42-1024x768.jpeg 1024w, https:\/\/pc.sc.gov.br\/\/wp-content\/uploads\/2024\/10\/WhatsApp-Image-2024-10-23-at-18.03.42-300x225.jpeg 300w, https:\/\/pc.sc.gov.br\/\/wp-content\/uploads\/2024\/10\/WhatsApp-Image-2024-10-23-at-18.03.42-768x576.jpeg 768w, https:\/\/pc.sc.gov.br\/\/wp-content\/uploads\/2024\/10\/WhatsApp-Image-2024-10-23-at-18.03.42-1536x1152.jpeg 1536w, https:\/\/pc.sc.gov.br\/\/wp-content\/uploads\/2024\/10\/WhatsApp-Image-2024-10-23-at-18.03.42-2048x1536.jpeg 2048w\" sizes=\"(max-width: 696px) 100vw, 696px\" \/>\t\t\t\t\t\t\t\t\t\t\t\t\t\t\t<\/div>\n\t\t\t\t<\/div>\n\t\t\t\t\t<\/div>\n\t\t<\/div>\n\t\t\t\t\t<\/div>\n\t\t<\/section>\n\t\t\t\t<section class=\"elementor-section elementor-top-section elementor-element elementor-element-358fb9a elementor-section-boxed elementor-section-height-default elementor-section-height-default\" data-id=\"358fb9a\" data-element_type=\"section\">\n\t\t\t\t\t\t<div class=\"elementor-container elementor-column-gap-default\">\n\t\t\t\t\t<div class=\"elementor-column elementor-col-100 elementor-top-column elementor-element elementor-element-1164db5\" data-id=\"1164db5\" data-element_type=\"column\">\n\t\t\t<div class=\"elementor-widget-wrap elementor-element-populated\">\n\t\t\t\t\t\t<div class=\"elementor-element elementor-element-be00b83 elementor-widget elementor-widget-text-editor\" data-id=\"be00b83\" data-element_type=\"widget\" data-widget_type=\"text-editor.default\">\n\t\t\t\t<div class=\"elementor-widget-container\">\n\t\t\t\t\t\t\t\t\t<p>O delegado-geral da Pol\u00edcia Civil de Santa Catarina, Ulisses Gabriel, recebeu nesta quarta-feira, 23, a visita da Coordenadora do Centro de Apoio Operacional Criminal e da Seguran\u00e7a P\u00fablica do Minist\u00e9rio P\u00fablico de Santa Catarina, promotora Bianca Andrighetti Coelho. No encontro, o delegado-geral apresentou o Inqu\u00e9rito Digital, ferramenta totalmente desenvolvida pela Ger\u00eancia de Tecnologia, com base nas necessidades detectadas na institui\u00e7\u00e3o.\u00a0<\/p><p>O IP Digital constitui um avan\u00e7o significativo no campo da investiga\u00e7\u00e3o policial, especialmente por proporcionar maior efici\u00eancia e transpar\u00eancia em todo o processo. Ao digitalizar os inqu\u00e9ritos policiais, elimina-se a necessidade de documentos f\u00edsicos, o que resulta em uma economia substancial de recursos materiais. Al\u00e9m disso, a comunica\u00e7\u00e3o dos atos de pol\u00edcia judici\u00e1ria entre os diferentes \u00f3rg\u00e3os estatais torna-se mais \u00e1gil e direta, acelerando a troca de informa\u00e7\u00f5es e a tomada de decis\u00f5es.<\/p><p>Outro aspecto crucial desse sistema \u00e9 a sua integra\u00e7\u00e3o com as plataformas de seguran\u00e7a p\u00fablica estaduais. Essa integra\u00e7\u00e3o permite que dados e informa\u00e7\u00f5es circulem de maneira fluida entre as diversas esferas de atua\u00e7\u00e3o da seguran\u00e7a, facilitando a coopera\u00e7\u00e3o entre institui\u00e7\u00f5es e aumentando a efic\u00e1cia das a\u00e7\u00f5es conjuntas.\u00a0<\/p><p>Ao reunir essas funcionalidades em um \u00fanico sistema, o IP Digital n\u00e3o s\u00f3 moderniza os procedimentos da pol\u00edcia judici\u00e1ria, como tamb\u00e9m potencializa a capacidade de resposta \u00e0s demandas da sociedade. O encontro contou a presen\u00e7a do Diretor de Intelig\u00eancia da PCSC, delegado Gustavo Madeira e do Gerente de Tecnologia e Informa\u00e7\u00e3o da PCSC, escriv\u00e3o Everton Wiezbicki, o coordenador da equipe de desenvolvimento, Bruno Marcos Esp\u00edndola e coordenadora de Projetos, Taise Ceregatti da Silva.\u00a0<\/p>\t\t\t\t\t\t\t\t<\/div>\n\t\t\t\t<\/div>\n\t\t\t\t\t<\/div>\n\t\t<\/div>\n\t\t\t\t\t<\/div>\n\t\t<\/section>\n\t\t\t\t<\/div>\n\t\t","protected":false},"excerpt":{"rendered":"<p>PCSC apresenta IP Digital para o Centro de Apoio Operacional Criminal e de Seguran\u00e7a P\u00fablica do MPSC O delegado-geral da Pol\u00edcia Civil de Santa Catarina, Ulisses Gabriel, recebeu nesta quarta-feira, 23, a visita da Coordenadora do Centro de Apoio Operacional Criminal e da Seguran\u00e7a P\u00fablica do Minist\u00e9rio P\u00fablico de Santa Catarina, promotora Bianca Andrighetti Coelho. [&hellip;]<\/p>\n","protected":false},"author":5,"featured_media":24331,"comment_status":"closed","ping_status":"open","sticky":false,"template":"","format":"standard","meta":{"_monsterinsights_skip_tracking":false,"_monsterinsights_sitenote_active":false,"_monsterinsights_sitenote_note":"","_monsterinsights_sitenote_category":0,"footnotes":""},"categories":[1],"tags":[],"class_list":["post-24329","post","type-post","status-publish","format-standard","has-post-thumbnail","hentry","category-sem-categoria"],"_links":{"self":[{"href":"https:\/\/pc.sc.gov.br\/index.php?rest_route=\/wp\/v2\/posts\/24329","targetHints":{"allow":["GET"]}}],"collection":[{"href":"https:\/\/pc.sc.gov.br\/index.php?rest_route=\/wp\/v2\/posts"}],"about":[{"href":"https:\/\/pc.sc.gov.br\/index.php?rest_route=\/wp\/v2\/types\/post"}],"author":[{"embeddable":true,"href":"https:\/\/pc.sc.gov.br\/index.php?rest_route=\/wp\/v2\/users\/5"}],"replies":[{"embeddable":true,"href":"https:\/\/pc.sc.gov.br\/index.php?rest_route=%2Fwp%2Fv2%2Fcomments&post=24329"}],"version-history":[{"count":3,"href":"https:\/\/pc.sc.gov.br\/index.php?rest_route=\/wp\/v2\/posts\/24329\/revisions"}],"predecessor-version":[{"id":24334,"href":"https:\/\/pc.sc.gov.br\/index.php?rest_route=\/wp\/v2\/posts\/24329\/revisions\/24334"}],"wp:featuredmedia":[{"embeddable":true,"href":"https:\/\/pc.sc.gov.br\/index.php?rest_route=\/wp\/v2\/media\/24331"}],"wp:attachment":[{"href":"https:\/\/pc.sc.gov.br\/index.php?rest_route=%2Fwp%2Fv2%2Fmedia&parent=24329"}],"wp:term":[{"taxonomy":"category","embeddable":true,"href":"https:\/\/pc.sc.gov.br\/index.php?rest_route=%2Fwp%2Fv2%2Fcategories&post=24329"},{"taxonomy":"post_tag","embeddable":true,"href":"https:\/\/pc.sc.gov.br\/index.php?rest_route=%2Fwp%2Fv2%2Ftags&post=24329"}],"curies":[{"name":"wp","href":"https:\/\/api.w.org\/{rel}","templated":true}]}}