{"id":24335,"date":"2024-10-24T13:56:17","date_gmt":"2024-10-24T16:56:17","guid":{"rendered":"https:\/\/pc.sc.gov.br\/?p=24335"},"modified":"2024-10-24T13:58:22","modified_gmt":"2024-10-24T16:58:22","slug":"operacao-mina-do-mato-pcsc-prende-tres-pessoas-e-cumpre-sete-mandados-de-buscas-para-combater-roubos-em-residencias-em-criciuma","status":"publish","type":"post","link":"https:\/\/pc.sc.gov.br\/?p=24335","title":{"rendered":"Opera\u00e7\u00e3o Mina do Mato: PCSC prende tr\u00eas pessoas e cumpre sete mandados de buscas para combater roubos em resid\u00eancias em Crici\u00fama"},"content":{"rendered":"\t\t<div data-elementor-type=\"wp-post\" data-elementor-id=\"24335\" class=\"elementor elementor-24335\" data-elementor-post-type=\"post\">\n\t\t\t\t\t\t<section class=\"elementor-section elementor-top-section elementor-element elementor-element-24ff515 elementor-section-boxed elementor-section-height-default elementor-section-height-default\" data-id=\"24ff515\" data-element_type=\"section\">\n\t\t\t\t\t\t<div class=\"elementor-container elementor-column-gap-default\">\n\t\t\t\t\t<div class=\"elementor-column elementor-col-100 elementor-top-column elementor-element elementor-element-5e723d7\" data-id=\"5e723d7\" data-element_type=\"column\">\n\t\t\t<div class=\"elementor-widget-wrap elementor-element-populated\">\n\t\t\t\t\t\t<div class=\"elementor-element elementor-element-3bbbea1 elementor-widget elementor-widget-heading\" data-id=\"3bbbea1\" data-element_type=\"widget\" data-widget_type=\"heading.default\">\n\t\t\t\t<div class=\"elementor-widget-container\">\n\t\t\t\t\t<h2 class=\"elementor-heading-title elementor-size-default\">Opera\u00e7\u00e3o Mina do Mato: PCSC prende tr\u00eas pessoas e cumpre sete mandados de buscas para combater roubos em resid\u00eancias em Crici\u00famaa<\/h2>\t\t\t\t<\/div>\n\t\t\t\t<\/div>\n\t\t\t\t\t<\/div>\n\t\t<\/div>\n\t\t\t\t\t<\/div>\n\t\t<\/section>\n\t\t\t\t<section class=\"elementor-section elementor-top-section elementor-element elementor-element-4f69d38 elementor-section-boxed elementor-section-height-default elementor-section-height-default\" data-id=\"4f69d38\" data-element_type=\"section\">\n\t\t\t\t\t\t<div class=\"elementor-container elementor-column-gap-default\">\n\t\t\t\t\t<div class=\"elementor-column elementor-col-100 elementor-top-column elementor-element elementor-element-96c2a0d\" data-id=\"96c2a0d\" data-element_type=\"column\">\n\t\t\t<div class=\"elementor-widget-wrap elementor-element-populated\">\n\t\t\t\t\t\t<div class=\"elementor-element elementor-element-2231ab4 elementor-widget elementor-widget-image\" data-id=\"2231ab4\" data-element_type=\"widget\" data-widget_type=\"image.default\">\n\t\t\t\t<div class=\"elementor-widget-container\">\n\t\t\t\t\t\t\t\t\t\t\t\t\t\t\t<img fetchpriority=\"high\" decoding=\"async\" width=\"696\" height=\"392\" src=\"https:\/\/pc.sc.gov.br\/\/wp-content\/uploads\/2024\/10\/WhatsApp-Image-2024-10-24-at-10.04.35-1024x577.jpeg\" class=\"attachment-large size-large wp-image-24336\" alt=\"\" srcset=\"https:\/\/pc.sc.gov.br\/\/wp-content\/uploads\/2024\/10\/WhatsApp-Image-2024-10-24-at-10.04.35-1024x577.jpeg 1024w, https:\/\/pc.sc.gov.br\/\/wp-content\/uploads\/2024\/10\/WhatsApp-Image-2024-10-24-at-10.04.35-300x169.jpeg 300w, https:\/\/pc.sc.gov.br\/\/wp-content\/uploads\/2024\/10\/WhatsApp-Image-2024-10-24-at-10.04.35-768x433.jpeg 768w, https:\/\/pc.sc.gov.br\/\/wp-content\/uploads\/2024\/10\/WhatsApp-Image-2024-10-24-at-10.04.35.jpeg 1500w\" sizes=\"(max-width: 696px) 100vw, 696px\" \/>\t\t\t\t\t\t\t\t\t\t\t\t\t\t\t<\/div>\n\t\t\t\t<\/div>\n\t\t\t\t\t<\/div>\n\t\t<\/div>\n\t\t\t\t\t<\/div>\n\t\t<\/section>\n\t\t\t\t<section class=\"elementor-section elementor-top-section elementor-element elementor-element-377de54 elementor-section-boxed elementor-section-height-default elementor-section-height-default\" data-id=\"377de54\" data-element_type=\"section\">\n\t\t\t\t\t\t<div class=\"elementor-container elementor-column-gap-default\">\n\t\t\t\t\t<div class=\"elementor-column elementor-col-100 elementor-top-column elementor-element elementor-element-217e76f\" data-id=\"217e76f\" data-element_type=\"column\">\n\t\t\t<div class=\"elementor-widget-wrap elementor-element-populated\">\n\t\t\t\t\t\t<div class=\"elementor-element elementor-element-6c3baba elementor-widget elementor-widget-text-editor\" data-id=\"6c3baba\" data-element_type=\"widget\" data-widget_type=\"text-editor.default\">\n\t\t\t\t<div class=\"elementor-widget-container\">\n\t\t\t\t\t\t\t\t\t<p>A Pol\u00edcia Civil de Santa Catarina, por meio da Delegacia de Repress\u00e3o a Roubos (DRR\/DIC Crici\u00fama) realizou nesta quinta-feira, 24, a opera\u00e7\u00e3o \u201cMina do Mato\u201d. A investiga\u00e7\u00e3o \u00e9 decorrente de um grave e violento roubo residencial, ocorrido h\u00e1 cerca de tr\u00eas meses, em que uma fam\u00edlia foi rendida por criminosos encapuzados e armados durante a madrugada, no bairro Mina do Mato, em Crici\u00fama.\u00a0<\/p><p>Ap\u00f3s amea\u00e7as e ofensas, os autores subtra\u00edram valores, objetos eletr\u00f4nicos e um autom\u00f3vel tipo caminhonete. O carro foi localizado em chamas promovidas pelos criminosos, no dia seguinte ao crime, no bairro Imperatriz.<\/p><p>Tr\u00eas homens foram presos com envolvimento ativo no crime de roubo. Ostentam hist\u00f3rico criminal. Sete buscas domiciliares foram cumpridas, nos bairros Para\u00edso, Vila Manaus, Mina Uni\u00e3o e S\u00e3o Defende. Dois televisores foram recuperados. As investiga\u00e7\u00f5es prosseguem para apurar outros envolvidos.\u00a0<\/p><p>O efetivo completo do Departamento de Investiga\u00e7\u00f5es Criminais de Crici\u00fama (DIC Crici\u00fama) atuou na opera\u00e7\u00e3o, incluindo DRR\/DIC, DECOD\/DIC e DH\/DIC. Prestaram apoio a 1\u00aa DP de Crici\u00fama, 2\u00aa DP de Crici\u00fama, DPCAMI de Crici\u00fama, CPP de Crici\u00fama, N\u00facleo de Opera\u00e7\u00f5es com C\u00e3es (NOC) de Crici\u00fama e o helic\u00f3ptero da Pol\u00edcia Civil (SAER).<\/p>\t\t\t\t\t\t\t\t<\/div>\n\t\t\t\t<\/div>\n\t\t\t\t\t<\/div>\n\t\t<\/div>\n\t\t\t\t\t<\/div>\n\t\t<\/section>\n\t\t\t\t<section class=\"elementor-section elementor-top-section elementor-element elementor-element-b21c968 elementor-section-boxed elementor-section-height-default elementor-section-height-default\" data-id=\"b21c968\" data-element_type=\"section\">\n\t\t\t\t\t\t<div class=\"elementor-container elementor-column-gap-default\">\n\t\t\t\t\t<div class=\"elementor-column elementor-col-100 elementor-top-column elementor-element elementor-element-5217c40\" data-id=\"5217c40\" data-element_type=\"column\">\n\t\t\t<div class=\"elementor-widget-wrap elementor-element-populated\">\n\t\t\t\t\t\t<div class=\"elementor-element elementor-element-5a6f0c6 elementor-widget__width-initial elementor-widget elementor-widget-video\" data-id=\"5a6f0c6\" data-element_type=\"widget\" data-settings=\"{&quot;video_type&quot;:&quot;hosted&quot;,&quot;controls&quot;:&quot;yes&quot;}\" data-widget_type=\"video.default\">\n\t\t\t\t<div class=\"elementor-widget-container\">\n\t\t\t\t\t\t\t<div class=\"e-hosted-video elementor-wrapper elementor-open-inline\">\n\t\t\t\t\t<video class=\"elementor-video\" src=\"https:\/\/pc.sc.gov.br\/wp-content\/uploads\/2024\/10\/WhatsApp-Video-2024-10-24-at-10.04.22.mp4\" controls=\"\" preload=\"metadata\"><\/video>\n\t\t\t\t<\/div>\n\t\t\t\t\t\t<\/div>\n\t\t\t\t<\/div>\n\t\t\t\t\t<\/div>\n\t\t<\/div>\n\t\t\t\t\t<\/div>\n\t\t<\/section>\n\t\t\t\t<\/div>\n\t\t","protected":false},"excerpt":{"rendered":"<p>Opera\u00e7\u00e3o Mina do Mato: PCSC prende tr\u00eas pessoas e cumpre sete mandados de buscas para combater roubos em resid\u00eancias em Crici\u00famaa A Pol\u00edcia Civil de Santa Catarina, por meio da Delegacia de Repress\u00e3o a Roubos (DRR\/DIC Crici\u00fama) realizou nesta quinta-feira, 24, a opera\u00e7\u00e3o \u201cMina do Mato\u201d. A investiga\u00e7\u00e3o \u00e9 decorrente de um grave e violento [&hellip;]<\/p>\n","protected":false},"author":5,"featured_media":24336,"comment_status":"closed","ping_status":"open","sticky":false,"template":"","format":"standard","meta":{"_monsterinsights_skip_tracking":false,"_monsterinsights_sitenote_active":false,"_monsterinsights_sitenote_note":"","_monsterinsights_sitenote_category":0,"footnotes":""},"categories":[1],"tags":[],"class_list":["post-24335","post","type-post","status-publish","format-standard","has-post-thumbnail","hentry","category-sem-categoria"],"_links":{"self":[{"href":"https:\/\/pc.sc.gov.br\/index.php?rest_route=\/wp\/v2\/posts\/24335","targetHints":{"allow":["GET"]}}],"collection":[{"href":"https:\/\/pc.sc.gov.br\/index.php?rest_route=\/wp\/v2\/posts"}],"about":[{"href":"https:\/\/pc.sc.gov.br\/index.php?rest_route=\/wp\/v2\/types\/post"}],"author":[{"embeddable":true,"href":"https:\/\/pc.sc.gov.br\/index.php?rest_route=\/wp\/v2\/users\/5"}],"replies":[{"embeddable":true,"href":"https:\/\/pc.sc.gov.br\/index.php?rest_route=%2Fwp%2Fv2%2Fcomments&post=24335"}],"version-history":[{"count":10,"href":"https:\/\/pc.sc.gov.br\/index.php?rest_route=\/wp\/v2\/posts\/24335\/revisions"}],"predecessor-version":[{"id":24347,"href":"https:\/\/pc.sc.gov.br\/index.php?rest_route=\/wp\/v2\/posts\/24335\/revisions\/24347"}],"wp:featuredmedia":[{"embeddable":true,"href":"https:\/\/pc.sc.gov.br\/index.php?rest_route=\/wp\/v2\/media\/24336"}],"wp:attachment":[{"href":"https:\/\/pc.sc.gov.br\/index.php?rest_route=%2Fwp%2Fv2%2Fmedia&parent=24335"}],"wp:term":[{"taxonomy":"category","embeddable":true,"href":"https:\/\/pc.sc.gov.br\/index.php?rest_route=%2Fwp%2Fv2%2Fcategories&post=24335"},{"taxonomy":"post_tag","embeddable":true,"href":"https:\/\/pc.sc.gov.br\/index.php?rest_route=%2Fwp%2Fv2%2Ftags&post=24335"}],"curies":[{"name":"wp","href":"https:\/\/api.w.org\/{rel}","templated":true}]}}