{"id":24355,"date":"2024-10-24T18:03:41","date_gmt":"2024-10-24T21:03:41","guid":{"rendered":"https:\/\/pc.sc.gov.br\/?p=24355"},"modified":"2024-10-24T18:07:22","modified_gmt":"2024-10-24T21:07:22","slug":"pcsc-participa-de-solenidade-no-mpsc-para-a-assinatura-de-cooperacao-tecnica-para-criacao-do-navit-esporte","status":"publish","type":"post","link":"https:\/\/pc.sc.gov.br\/?p=24355","title":{"rendered":"PCSC participa de solenidade no MPSC para a assinatura de coopera\u00e7\u00e3o t\u00e9cnica para cria\u00e7\u00e3o do Navit Esporte"},"content":{"rendered":"\t\t<div data-elementor-type=\"wp-post\" data-elementor-id=\"24355\" class=\"elementor elementor-24355\" data-elementor-post-type=\"post\">\n\t\t\t\t\t\t<section class=\"elementor-section elementor-top-section elementor-element elementor-element-8ef6d63 elementor-section-boxed elementor-section-height-default elementor-section-height-default\" data-id=\"8ef6d63\" data-element_type=\"section\">\n\t\t\t\t\t\t<div class=\"elementor-container elementor-column-gap-default\">\n\t\t\t\t\t<div class=\"elementor-column elementor-col-100 elementor-top-column elementor-element elementor-element-ef1d59c\" data-id=\"ef1d59c\" data-element_type=\"column\">\n\t\t\t<div class=\"elementor-widget-wrap elementor-element-populated\">\n\t\t\t\t\t\t<div class=\"elementor-element elementor-element-712ae75 elementor-widget elementor-widget-heading\" data-id=\"712ae75\" data-element_type=\"widget\" data-widget_type=\"heading.default\">\n\t\t\t\t<div class=\"elementor-widget-container\">\n\t\t\t\t\t<h2 class=\"elementor-heading-title elementor-size-default\">PCSC participa de solenidade no MPSC para a assinatura de coopera\u00e7\u00e3o t\u00e9cnica para cria\u00e7\u00e3o do Navit Esporte<\/h2>\t\t\t\t<\/div>\n\t\t\t\t<\/div>\n\t\t\t\t\t<\/div>\n\t\t<\/div>\n\t\t\t\t\t<\/div>\n\t\t<\/section>\n\t\t\t\t<section class=\"elementor-section elementor-top-section elementor-element elementor-element-16bbfbb elementor-section-boxed elementor-section-height-default elementor-section-height-default\" data-id=\"16bbfbb\" data-element_type=\"section\">\n\t\t\t\t\t\t<div class=\"elementor-container elementor-column-gap-default\">\n\t\t\t\t\t<div class=\"elementor-column elementor-col-100 elementor-top-column elementor-element elementor-element-93a6847\" data-id=\"93a6847\" data-element_type=\"column\">\n\t\t\t<div class=\"elementor-widget-wrap elementor-element-populated\">\n\t\t\t\t\t\t<div class=\"elementor-element elementor-element-074abad elementor-widget elementor-widget-image\" data-id=\"074abad\" data-element_type=\"widget\" data-widget_type=\"image.default\">\n\t\t\t\t<div class=\"elementor-widget-container\">\n\t\t\t\t\t\t\t\t\t\t\t\t\t\t\t<img fetchpriority=\"high\" decoding=\"async\" width=\"696\" height=\"464\" src=\"https:\/\/pc.sc.gov.br\/\/wp-content\/uploads\/2024\/10\/54090816983_009e6baa53_k-1-1024x683.jpg\" class=\"attachment-large size-large wp-image-24356\" alt=\"\" srcset=\"https:\/\/pc.sc.gov.br\/\/wp-content\/uploads\/2024\/10\/54090816983_009e6baa53_k-1-1024x683.jpg 1024w, https:\/\/pc.sc.gov.br\/\/wp-content\/uploads\/2024\/10\/54090816983_009e6baa53_k-1-300x200.jpg 300w, https:\/\/pc.sc.gov.br\/\/wp-content\/uploads\/2024\/10\/54090816983_009e6baa53_k-1-768x512.jpg 768w, https:\/\/pc.sc.gov.br\/\/wp-content\/uploads\/2024\/10\/54090816983_009e6baa53_k-1-1536x1024.jpg 1536w, https:\/\/pc.sc.gov.br\/\/wp-content\/uploads\/2024\/10\/54090816983_009e6baa53_k-1.jpg 2048w\" sizes=\"(max-width: 696px) 100vw, 696px\" \/>\t\t\t\t\t\t\t\t\t\t\t\t\t\t\t<\/div>\n\t\t\t\t<\/div>\n\t\t\t\t\t<\/div>\n\t\t<\/div>\n\t\t\t\t\t<\/div>\n\t\t<\/section>\n\t\t\t\t<section class=\"elementor-section elementor-top-section elementor-element elementor-element-97a9c11 elementor-section-boxed elementor-section-height-default elementor-section-height-default\" data-id=\"97a9c11\" data-element_type=\"section\">\n\t\t\t\t\t\t<div class=\"elementor-container elementor-column-gap-default\">\n\t\t\t\t\t<div class=\"elementor-column elementor-col-100 elementor-top-column elementor-element elementor-element-1e592a8\" data-id=\"1e592a8\" data-element_type=\"column\">\n\t\t\t<div class=\"elementor-widget-wrap elementor-element-populated\">\n\t\t\t\t\t\t<div class=\"elementor-element elementor-element-08f4229 elementor-widget elementor-widget-text-editor\" data-id=\"08f4229\" data-element_type=\"widget\" data-widget_type=\"text-editor.default\">\n\t\t\t\t<div class=\"elementor-widget-container\">\n\t\t\t\t\t\t\t\t\t<p>Entidades esportivas de Santa Catarina assinaram, na manh\u00e3 desta quinta-feira (24\/10), um termo de coopera\u00e7\u00e3o t\u00e9cnica com o Minist\u00e9rio P\u00fablico de Santa Catarina (MPSC) para a cria\u00e7\u00e3o do N\u00facleo de Atendimento a V\u00edtimas de Crimes na \u00e1rea esportiva, o Navit Esporte. Realizado no audit\u00f3rio da Procuradoria-Geral de Justi\u00e7a (PGJ), em Florian\u00f3polis, o ato \u00e9 um marco hist\u00f3rico na preven\u00e7\u00e3o e no enfrentamento aos crimes de viol\u00eancia sexual quando praticados no meio esportivo em Santa Catarina.&nbsp;&nbsp;<\/p>\n<p>A solenidade contou com a presen\u00e7a do Procurador-Geral de Justi\u00e7a do MPSC, F\u00e1bio de Souza Trajano, e de representantes das institui\u00e7\u00f5es que celebraram o compromisso: a Funda\u00e7\u00e3o Catarinense de Esporte (Fesporte), a Associa\u00e7\u00e3o das Federa\u00e7\u00f5es Desportivas do Estado de Santa Catarina, a Federa\u00e7\u00e3o Catarinense de Handebol e o Conselho Regional de Educa\u00e7\u00e3o F\u00edsica. Tamb\u00e9m estiveram presentes atletas e ex-atletas ol\u00edmpicos e paral\u00edmpicos, familiares dos atletas e integrantes das institui\u00e7\u00f5es que fazem parte do Navit, al\u00e9m de membros e servidores do MPSC.&nbsp; &nbsp;<\/p>\n<p>&#8220;A casa do Minist\u00e9rio P\u00fablico \u00e9 a casa da sociedade. O dia de hoje representa bem isso: representantes da sociedade que se unem para fazer uma grande a\u00e7\u00e3o em favor da sociedade. O Minist\u00e9rio P\u00fablico \u00e9 um integrante desse time, apenas e t\u00e3o somente isto. Se fizermos a informa\u00e7\u00e3o chegar, vamos ter muito mais preven\u00e7\u00e3o para intimidar abusadores e abusadoras&#8221;, destacou o Procurador-Geral de Justi\u00e7a, F\u00e1bio de Souza Trajano.&nbsp;&nbsp;<\/p>\n<p>O PGJ ressaltou que ampliar o Navit \u00e9 uma das prioridades da Procuradoria-Geral de Justi\u00e7a, ampliando a mobiliza\u00e7\u00e3o do MPSC com a prote\u00e7\u00e3o \u00e0s v\u00edtimas por meio dos n\u00facleos e intensificando o alcance das campanhas preventivas no estado.&nbsp;&nbsp;<\/p>\n<p>O objetivo principal do Navit no esporte \u00e9 fazer a uni\u00e3o de esfor\u00e7os pelos \u00f3rg\u00e3os envolvidos junto \u00e0 sociedade para prevenir e reprimir delitos de viol\u00eancia sexual no ambiente esportivo. A medida busca tamb\u00e9m implementar a\u00e7\u00f5es e procedimentos integrados para o acolhimento e atendimento a atletas e paratletas em situa\u00e7\u00e3o de viol\u00eancia sexual e a seus familiares por meio dos n\u00facleos, de modo a permitir o acesso dessas v\u00edtimas ao sistema de justi\u00e7a e aos seus direitos.&nbsp;&nbsp;<\/p>\n<p>Est\u00e3o previstos, ainda, como objetivos comuns, realizar reuni\u00f5es com professores, dirigentes, pais, atletas, paratletas e p\u00fablico em geral a fim de divulgar a parceria e a forma de atendimento, bem como elaborar materiais de divulga\u00e7\u00e3o nas redes sociais e em reuni\u00f5es, eventos e palestras, como campanhas, manuais e cartilhas. Com isso, o MPSC pretende que esse combate seja mais contundente, com a amplia\u00e7\u00e3o de informa\u00e7\u00f5es e conhecimento a respeito junto a atletas, paratletas e familiares.&nbsp;&nbsp;<\/p>\n<p><b>Come\u00e7o dos trabalhos&nbsp;&nbsp;<\/b><\/p>\n<p>O in\u00edcio dos trabalhos ser\u00e1 mediante o atendimento a atletas e paratletas catarinenses que tenham sofrido alguma situa\u00e7\u00e3o de viol\u00eancia sexual nas regi\u00f5es onde j\u00e1 est\u00e3o em funcionamento os Navits, que s\u00e3o a Comarca da Capital, compreendida por Florian\u00f3polis, Bigua\u00e7u, Garopaba, Imbituba, Palho\u00e7a, Santo Amaro da Imperatriz e S\u00e3o Jos\u00e9, e as Comarcas de Crici\u00fama, Lages, Rio do Sul e Joinville. Depois, assim que estiverem implementados e operando, os atendimentos ser\u00e3o prestados pelas demais unidades do Navit espalhadas pelo estado.&nbsp; &nbsp; &nbsp;&nbsp;<\/p>\n<p><\/p>\n<p><b>Protocolo&nbsp;<\/b><\/p>\n<p>V\u00edtimas de delitos sexuais muitas vezes n\u00e3o sabem que est\u00e3o sendo alvo de crime e que podem e devem denunciar. Agora, contudo, por meio do Navit Esporte, integrantes das entidades esportivas, ou mesmo os pr\u00f3prios atletas e paratletas, poder\u00e3o diretamente receber, ter as informa\u00e7\u00f5es e comunicar aos \u00f3rg\u00e3os envolvidos, que estar\u00e3o aptos a realizar os devidos encaminhamentos. Tamb\u00e9m poder\u00e3o agir na preven\u00e7\u00e3o, conscientiza\u00e7\u00e3o e educa\u00e7\u00e3o sobre a preven\u00e7\u00e3o e o enfrentamento aos delitos de natureza sexual.&nbsp;<\/p>\n<p>&#8220;\u00c9 uma alegria muito grande fazer parte desse projeto. Hoje damos mais um passo, que \u00e9 ampliar a atua\u00e7\u00e3o do Navit e o nosso olhar para outras v\u00edtimas, outras \u00e1reas da nossa sociedade, que \u00e9 a \u00e1rea esportiva, trazendo essas entidades parceiras para coibir e prevenir a ocorr\u00eancia de crimes sexuais. Elaboramos um protocolo de atendimento, os eixos, e vamos difundir neste que \u00e9 apenas o in\u00edcio de um grande movimento, que vai ter reflexo em toda a sociedade&#8221;, projetou a coordenadora estadual do Navit e coordenadora do Centro de Apoio Operacional Criminal e da Seguran\u00e7a P\u00fablica (CCR) do MPSC, Promotora de Justi\u00e7a Bianca Andrighetti Coelho.&nbsp;&nbsp;<\/p>\n<p>O coordenador regional do Navit na Grande Florian\u00f3polis, Promotor de Justi\u00e7a J\u00e1del da Silva J\u00fanior, avaliou a expans\u00e3o do n\u00facleo para o esporte como um projeto com potencial de \u00e2mbito nacional. Na solenidade, o Promotor de Justi\u00e7a prestou homenagem a todos os envolvidos e \u00e0s v\u00edtimas. &#8220;Sofremos e aprendemos com as v\u00edtimas, a cada dia, a cada atendimento, e aprendemos que precisamos ter um sonho. O sonho que elas acalentam \u00e9 o sonho pela justi\u00e7a, liberdade, dignidade e respeito&#8221;, expressou.&nbsp;&nbsp;<\/p>\n<p>No evento, o Procurador-Geral de Justi\u00e7a, F\u00e1bio de Souza Trajano, convidou o Promotor de Justi\u00e7a J\u00e1del da Silva J\u00fanior para assumir a coordena\u00e7\u00e3o do Navit Esporte e a Promotora de Justi\u00e7a em Rio do Sul Caroline Sartori Velloso Martinelli, que foi campe\u00e3 brasileira de handebol, para ser a vice-coordenadora.&nbsp;<\/p>\n<p>&#8220;Gostaria de agradecer ao Procurador-Geral atual, a toda sua equipe e aos Procuradores-Gerais que o antecederam pela sensibilidade de ter criado e mantido o Navit na estrutura da atual gest\u00e3o do Minist\u00e9rio P\u00fablico. Somente com o doutor Paulo Antonio Locatelli e o doutor Trajano, com essa sensibilidade de acolher a todos, \u00e9 que esse projeto veio \u00e0 luz&#8221;, disse a Promotora de Justi\u00e7a em Rio do Sul Caroline Sartori Velloso Martinelli.&nbsp;<\/p>\t\t\t\t\t\t\t\t<\/div>\n\t\t\t\t<\/div>\n\t\t\t\t\t<\/div>\n\t\t<\/div>\n\t\t\t\t\t<\/div>\n\t\t<\/section>\n\t\t\t\t<section class=\"elementor-section elementor-top-section elementor-element elementor-element-7b0d56c elementor-section-boxed elementor-section-height-default elementor-section-height-default\" data-id=\"7b0d56c\" data-element_type=\"section\">\n\t\t\t\t\t\t<div class=\"elementor-container elementor-column-gap-default\">\n\t\t\t\t\t<div class=\"elementor-column elementor-col-100 elementor-top-column elementor-element elementor-element-c2a8c75\" data-id=\"c2a8c75\" data-element_type=\"column\">\n\t\t\t<div class=\"elementor-widget-wrap elementor-element-populated\">\n\t\t\t\t\t\t<div class=\"elementor-element elementor-element-a0a363b elementor-widget elementor-widget-image\" data-id=\"a0a363b\" data-element_type=\"widget\" data-widget_type=\"image.default\">\n\t\t\t\t<div class=\"elementor-widget-container\">\n\t\t\t\t\t\t\t\t\t\t\t\t\t\t\t<img decoding=\"async\" width=\"696\" height=\"464\" src=\"https:\/\/pc.sc.gov.br\/\/wp-content\/uploads\/2024\/10\/54090815978_7801a924c4_k-1024x683.jpg\" class=\"attachment-large size-large wp-image-24358\" alt=\"\" srcset=\"https:\/\/pc.sc.gov.br\/\/wp-content\/uploads\/2024\/10\/54090815978_7801a924c4_k-1024x683.jpg 1024w, https:\/\/pc.sc.gov.br\/\/wp-content\/uploads\/2024\/10\/54090815978_7801a924c4_k-300x200.jpg 300w, https:\/\/pc.sc.gov.br\/\/wp-content\/uploads\/2024\/10\/54090815978_7801a924c4_k-768x512.jpg 768w, https:\/\/pc.sc.gov.br\/\/wp-content\/uploads\/2024\/10\/54090815978_7801a924c4_k-1536x1024.jpg 1536w, https:\/\/pc.sc.gov.br\/\/wp-content\/uploads\/2024\/10\/54090815978_7801a924c4_k.jpg 2048w\" sizes=\"(max-width: 696px) 100vw, 696px\" \/>\t\t\t\t\t\t\t\t\t\t\t\t\t\t\t<\/div>\n\t\t\t\t<\/div>\n\t\t\t\t\t<\/div>\n\t\t<\/div>\n\t\t\t\t\t<\/div>\n\t\t<\/section>\n\t\t\t\t<section class=\"elementor-section elementor-top-section elementor-element elementor-element-801bfb7 elementor-section-boxed elementor-section-height-default elementor-section-height-default\" data-id=\"801bfb7\" data-element_type=\"section\">\n\t\t\t\t\t\t<div class=\"elementor-container elementor-column-gap-default\">\n\t\t\t\t\t<div class=\"elementor-column elementor-col-100 elementor-top-column elementor-element elementor-element-694d2d9\" data-id=\"694d2d9\" data-element_type=\"column\">\n\t\t\t<div class=\"elementor-widget-wrap elementor-element-populated\">\n\t\t\t\t\t\t<div class=\"elementor-element elementor-element-44f8112 elementor-widget elementor-widget-text-editor\" data-id=\"44f8112\" data-element_type=\"widget\" data-widget_type=\"text-editor.default\">\n\t\t\t\t<div class=\"elementor-widget-container\">\n\t\t\t\t\t\t\t\t\t<p><span style=\"font-family: var( --e-global-typography-primary-font-family ), Sans-serif; font-size: var( --e-global-typography-primary-font-size ); font-weight: var( --e-global-typography-primary-font-weight ); letter-spacing: var( --e-global-typography-primary-letter-spacing );\">Criado pelo MPSC em 2020, o Navit atua na prote\u00e7\u00e3o dos direitos das v\u00edtimas de crimes, garantindo apoio humanizado, informa\u00e7\u00e3o, orienta\u00e7\u00e3o jur\u00eddica, prote\u00e7\u00e3o, acesso \u00e0 Justi\u00e7a e encaminhamento para atendimento psicossocial e de sa\u00fade em Santa Catarina.&nbsp; &nbsp; &nbsp; &nbsp;&nbsp;<\/span><\/p>\n<p>O Navit, cujos atendimentos come\u00e7aram na Capital em 2022, trabalha em tr\u00eas eixos &#8211; atendimento, apoio e acompanhamento \u00e0s v\u00edtimas -, envolvendo, al\u00e9m do MPSC, institui\u00e7\u00f5es governamentais e n\u00e3o governamentais, em uma grande rede de prote\u00e7\u00e3o \u00e0s v\u00edtimas. Desde ent\u00e3o, o Navit da Grande Florian\u00f3polis j\u00e1 atendeu 1,1 mil pessoas. Atualmente, o Navit est\u00e1 em Florian\u00f3polis, Crici\u00fama, Lages, Rio do Sul e Joinville. O objetivo do MPSC \u00e9 a sua expans\u00e3o para todas as regi\u00f5es do estado, alcan\u00e7ando os 295 munic\u00edpios para dar voz, apoio e orienta\u00e7\u00e3o \u00e0s v\u00edtimas de crimes.&nbsp;&nbsp;<\/p>\n<p>&#8220;O atendimento \u00e0s v\u00edtimas passou a ser na institui\u00e7\u00e3o Minist\u00e9rio P\u00fablico, n\u00e3o s\u00f3 catarinense, mas nacional, a prioridade, o foco maior e o olhar \u00e9 diferenciado. Ent\u00e3o, cada vez mais temos essa preocupa\u00e7\u00e3o&#8221;, assinalou o Subprocurador-Geral de Justi\u00e7a para Assuntos Institucionais do MPSC, Paulo Antonio Locatelli.&nbsp;<\/p>\n<p>O delegado-geral da Pol\u00edcia Civil, Ulisses Gabriel, ressaltou a import\u00e2ncia do trabalho conjunto da rede existente no Navit e a grandeza da amplia\u00e7\u00e3o para o esporte. &#8220;Sem educa\u00e7\u00e3o, esporte e cultura, n\u00e3o h\u00e1 futuro&#8221;.&nbsp;&nbsp;<\/p>\n<p><span style=\"font-family: var( --e-global-typography-text-font-family ), Sans-serif; font-size: var( --e-global-typography-text-font-size );\">Compuseram a mesa de autoridades na solenidade o Procurador-Geral de Justi\u00e7a, F\u00e1bio de Souza Trajano; a coordenadora estadual do Navit e coordenadora do CCR, Promotora de Justi\u00e7a Bianca Andrighetti Coelho; o coordenador regional do Navit, Promotor de Justi\u00e7a J\u00e1del da Silva J\u00fanior; a Promotora de Justi\u00e7a em Rio do Sul Caroline Sartori Velloso Martinelli; o presidente da Comiss\u00e3o de Esportes da Assembleia Legislativa, deputado estadual Fernando Krelling; o delegado-geral da Pol\u00edcia Civil, Ulisses Gabriel; o presidente da Fesporte, Freibergue Rubem do Nascimento; o presidente da Federa\u00e7\u00e3o Catarinense de Handebol, Alziro Ant\u00f4nio Golfetto; o presidente da Afesc, Frederico Leite; a coordenadora do Paradesporto da Secretaria de Esportes de Joinville e membro da Educa\u00e7\u00e3o Paral\u00edmpica do Comit\u00ea Paral\u00edmpico Brasileiro, Rosicler Ravache; e o presidente do Conselho Regional de Educa\u00e7\u00e3o F\u00edsica de Santa Catarina, Paulo Rog\u00e9rio Maes Junior.&nbsp;&nbsp;<\/span><\/p>\n<p><i>Fonte: Coordenadoria de Comunica\u00e7\u00e3o Social do MPSC<\/i><span style=\"color: var( --e-global-color-text ); font-family: var( --e-global-typography-primary-font-family ), Sans-serif; font-size: var( --e-global-typography-primary-font-size ); font-weight: var( --e-global-typography-primary-font-weight ); letter-spacing: var( --e-global-typography-primary-letter-spacing );\">&nbsp;<\/span><\/p>\t\t\t\t\t\t\t\t<\/div>\n\t\t\t\t<\/div>\n\t\t\t\t\t<\/div>\n\t\t<\/div>\n\t\t\t\t\t<\/div>\n\t\t<\/section>\n\t\t\t\t<\/div>\n\t\t","protected":false},"excerpt":{"rendered":"<p>PCSC participa de solenidade no MPSC para a assinatura de coopera\u00e7\u00e3o t\u00e9cnica para cria\u00e7\u00e3o do Navit Esporte Entidades esportivas de Santa Catarina assinaram, na manh\u00e3 desta quinta-feira (24\/10), um termo de coopera\u00e7\u00e3o t\u00e9cnica com o Minist\u00e9rio P\u00fablico de Santa Catarina (MPSC) para a cria\u00e7\u00e3o do N\u00facleo de Atendimento a V\u00edtimas de Crimes na \u00e1rea esportiva, [&hellip;]<\/p>\n","protected":false},"author":5,"featured_media":24356,"comment_status":"closed","ping_status":"open","sticky":false,"template":"","format":"standard","meta":{"_monsterinsights_skip_tracking":false,"_monsterinsights_sitenote_active":false,"_monsterinsights_sitenote_note":"","_monsterinsights_sitenote_category":0,"footnotes":""},"categories":[1],"tags":[],"class_list":["post-24355","post","type-post","status-publish","format-standard","has-post-thumbnail","hentry","category-sem-categoria"],"_links":{"self":[{"href":"https:\/\/pc.sc.gov.br\/index.php?rest_route=\/wp\/v2\/posts\/24355","targetHints":{"allow":["GET"]}}],"collection":[{"href":"https:\/\/pc.sc.gov.br\/index.php?rest_route=\/wp\/v2\/posts"}],"about":[{"href":"https:\/\/pc.sc.gov.br\/index.php?rest_route=\/wp\/v2\/types\/post"}],"author":[{"embeddable":true,"href":"https:\/\/pc.sc.gov.br\/index.php?rest_route=\/wp\/v2\/users\/5"}],"replies":[{"embeddable":true,"href":"https:\/\/pc.sc.gov.br\/index.php?rest_route=%2Fwp%2Fv2%2Fcomments&post=24355"}],"version-history":[{"count":4,"href":"https:\/\/pc.sc.gov.br\/index.php?rest_route=\/wp\/v2\/posts\/24355\/revisions"}],"predecessor-version":[{"id":24361,"href":"https:\/\/pc.sc.gov.br\/index.php?rest_route=\/wp\/v2\/posts\/24355\/revisions\/24361"}],"wp:featuredmedia":[{"embeddable":true,"href":"https:\/\/pc.sc.gov.br\/index.php?rest_route=\/wp\/v2\/media\/24356"}],"wp:attachment":[{"href":"https:\/\/pc.sc.gov.br\/index.php?rest_route=%2Fwp%2Fv2%2Fmedia&parent=24355"}],"wp:term":[{"taxonomy":"category","embeddable":true,"href":"https:\/\/pc.sc.gov.br\/index.php?rest_route=%2Fwp%2Fv2%2Fcategories&post=24355"},{"taxonomy":"post_tag","embeddable":true,"href":"https:\/\/pc.sc.gov.br\/index.php?rest_route=%2Fwp%2Fv2%2Ftags&post=24355"}],"curies":[{"name":"wp","href":"https:\/\/api.w.org\/{rel}","templated":true}]}}