{"id":24436,"date":"2024-10-30T16:08:33","date_gmt":"2024-10-30T19:08:33","guid":{"rendered":"https:\/\/pc.sc.gov.br\/?p=24436"},"modified":"2024-10-30T16:13:45","modified_gmt":"2024-10-30T19:13:45","slug":"delegacia-de-combate-a-corrupcao-da-pcsc-deflagra-segunda-fase-da-operacao-maestro-em-garopaba","status":"publish","type":"post","link":"https:\/\/pc.sc.gov.br\/?p=24436","title":{"rendered":"Delegacia de Combate \u00e0 Corrup\u00e7\u00e3o da PCSC deflagra segunda fase da opera\u00e7\u00e3o Maestro, em Garopaba"},"content":{"rendered":"\t\t<div data-elementor-type=\"wp-post\" data-elementor-id=\"24436\" class=\"elementor elementor-24436\" data-elementor-post-type=\"post\">\n\t\t\t\t\t\t<section class=\"elementor-section elementor-top-section elementor-element elementor-element-c449d12 elementor-section-boxed elementor-section-height-default elementor-section-height-default\" data-id=\"c449d12\" data-element_type=\"section\">\n\t\t\t\t\t\t<div class=\"elementor-container elementor-column-gap-default\">\n\t\t\t\t\t<div class=\"elementor-column elementor-col-100 elementor-top-column elementor-element elementor-element-f688afb\" data-id=\"f688afb\" data-element_type=\"column\">\n\t\t\t<div class=\"elementor-widget-wrap elementor-element-populated\">\n\t\t\t\t\t\t<div class=\"elementor-element elementor-element-dafccc1 elementor-widget elementor-widget-heading\" data-id=\"dafccc1\" data-element_type=\"widget\" data-widget_type=\"heading.default\">\n\t\t\t\t<div class=\"elementor-widget-container\">\n\t\t\t\t\t<h2 class=\"elementor-heading-title elementor-size-default\">Delegacia de Combate \u00e0 Corrup\u00e7\u00e3o da PCSC deflagra segunda fase da opera\u00e7\u00e3o Maestro, em Garopaba<\/h2>\t\t\t\t<\/div>\n\t\t\t\t<\/div>\n\t\t\t\t\t<\/div>\n\t\t<\/div>\n\t\t\t\t\t<\/div>\n\t\t<\/section>\n\t\t\t\t<section class=\"elementor-section elementor-top-section elementor-element elementor-element-27ca575 elementor-section-boxed elementor-section-height-default elementor-section-height-default\" data-id=\"27ca575\" data-element_type=\"section\">\n\t\t\t\t\t\t<div class=\"elementor-container elementor-column-gap-default\">\n\t\t\t\t\t<div class=\"elementor-column elementor-col-100 elementor-top-column elementor-element elementor-element-5f2ad45\" data-id=\"5f2ad45\" data-element_type=\"column\">\n\t\t\t<div class=\"elementor-widget-wrap elementor-element-populated\">\n\t\t\t\t\t\t<div class=\"elementor-element elementor-element-a325772 elementor-widget elementor-widget-image\" data-id=\"a325772\" data-element_type=\"widget\" data-widget_type=\"image.default\">\n\t\t\t\t<div class=\"elementor-widget-container\">\n\t\t\t\t\t\t\t\t\t\t\t\t\t\t\t<img fetchpriority=\"high\" decoding=\"async\" width=\"696\" height=\"608\" src=\"https:\/\/pc.sc.gov.br\/\/wp-content\/uploads\/2024\/10\/0c016137-afec-47c9-94eb-4e43a3b67065-fotor-20241030161114.jpg\" class=\"attachment-large size-large wp-image-24437\" alt=\"\" srcset=\"https:\/\/pc.sc.gov.br\/\/wp-content\/uploads\/2024\/10\/0c016137-afec-47c9-94eb-4e43a3b67065-fotor-20241030161114.jpg 960w, https:\/\/pc.sc.gov.br\/\/wp-content\/uploads\/2024\/10\/0c016137-afec-47c9-94eb-4e43a3b67065-fotor-20241030161114-300x262.jpg 300w, https:\/\/pc.sc.gov.br\/\/wp-content\/uploads\/2024\/10\/0c016137-afec-47c9-94eb-4e43a3b67065-fotor-20241030161114-768x670.jpg 768w\" sizes=\"(max-width: 696px) 100vw, 696px\" \/>\t\t\t\t\t\t\t\t\t\t\t\t\t\t\t<\/div>\n\t\t\t\t<\/div>\n\t\t\t\t\t<\/div>\n\t\t<\/div>\n\t\t\t\t\t<\/div>\n\t\t<\/section>\n\t\t\t\t<section class=\"elementor-section elementor-top-section elementor-element elementor-element-711da37 elementor-section-boxed elementor-section-height-default elementor-section-height-default\" data-id=\"711da37\" data-element_type=\"section\">\n\t\t\t\t\t\t<div class=\"elementor-container elementor-column-gap-default\">\n\t\t\t\t\t<div class=\"elementor-column elementor-col-100 elementor-top-column elementor-element elementor-element-6228692\" data-id=\"6228692\" data-element_type=\"column\">\n\t\t\t<div class=\"elementor-widget-wrap elementor-element-populated\">\n\t\t\t\t\t\t<div class=\"elementor-element elementor-element-2d93eb3 elementor-widget elementor-widget-text-editor\" data-id=\"2d93eb3\" data-element_type=\"widget\" data-widget_type=\"text-editor.default\">\n\t\t\t\t<div class=\"elementor-widget-container\">\n\t\t\t\t\t\t\t\t\t<p>A Pol\u00edcia Civil do Estado de Santa Catarina, por interm\u00e9dio da 2\u00b0 Delegacia de Combate \u00e0 Corrup\u00e7\u00e3o (2\u00b0DECOR), na manh\u00e3 desta quarta-feira, 30, deflagrou a segunda fase da opera\u00e7\u00e3o Maestro.\u00a0 A investiga\u00e7\u00e3o apura il\u00edcitos penais envolvendo dois procedimentos licitat\u00f3rios do munic\u00edpio de Garopaba que ocorreram no ano de 2023.\u00a0 Ap\u00f3s manifesta\u00e7\u00e3o favor\u00e1vel do MPSC e do TJSC \u00e0 representa\u00e7\u00e3o da Autoridade Policial nesta quarta-feira, 30, deu-se cumprimento a seis novos mandados de busca e apreens\u00e3o para, assim, coletar outros elementos informativos para o deslinde do caso.\u00a0<\/p><p>Al\u00e9m disto, a justi\u00e7a determinou o sequestro e a indisponibilidade de bens im\u00f3veis e m\u00f3veis dos investigados que, somados, ultrapassam R$ 1,1 milh\u00e3o a fim de garantir eventual repara\u00e7\u00e3o ao er\u00e1rio.\u00a0\u00a0<\/p><p>Na primeira fase da opera\u00e7\u00e3o j\u00e1 restou determinado o sequestro de valores em patamares aproximados ao R$ 650 mil.<\/p><p>A opera\u00e7\u00e3o contou com o apoio de policiais civis da CECOR, DECOR\/DEIC, 1\u00b0 DECOR\/DEIC, 3\u00b0 DECOR\/DEIC, 4\u00b0 DECOR\/DEIC, Laborat\u00f3rio Sul de Lavagem de Dinheiro da Pol\u00edcia Civil do Estado de Santa Catarina LAB\/LD, DIC de Laguna, DPCo de Garopaba e DPCo de Bra\u00e7o do Norte.<\/p>\t\t\t\t\t\t\t\t<\/div>\n\t\t\t\t<\/div>\n\t\t\t\t\t<\/div>\n\t\t<\/div>\n\t\t\t\t\t<\/div>\n\t\t<\/section>\n\t\t\t\t<\/div>\n\t\t","protected":false},"excerpt":{"rendered":"<p>Delegacia de Combate \u00e0 Corrup\u00e7\u00e3o da PCSC deflagra segunda fase da opera\u00e7\u00e3o Maestro, em Garopaba A Pol\u00edcia Civil do Estado de Santa Catarina, por interm\u00e9dio da 2\u00b0 Delegacia de Combate \u00e0 Corrup\u00e7\u00e3o (2\u00b0DECOR), na manh\u00e3 desta quarta-feira, 30, deflagrou a segunda fase da opera\u00e7\u00e3o Maestro.\u00a0 A investiga\u00e7\u00e3o apura il\u00edcitos penais envolvendo dois procedimentos licitat\u00f3rios do [&hellip;]<\/p>\n","protected":false},"author":5,"featured_media":24437,"comment_status":"closed","ping_status":"open","sticky":false,"template":"","format":"standard","meta":{"_monsterinsights_skip_tracking":false,"_monsterinsights_sitenote_active":false,"_monsterinsights_sitenote_note":"","_monsterinsights_sitenote_category":0,"footnotes":""},"categories":[1],"tags":[],"class_list":["post-24436","post","type-post","status-publish","format-standard","has-post-thumbnail","hentry","category-sem-categoria"],"_links":{"self":[{"href":"https:\/\/pc.sc.gov.br\/index.php?rest_route=\/wp\/v2\/posts\/24436","targetHints":{"allow":["GET"]}}],"collection":[{"href":"https:\/\/pc.sc.gov.br\/index.php?rest_route=\/wp\/v2\/posts"}],"about":[{"href":"https:\/\/pc.sc.gov.br\/index.php?rest_route=\/wp\/v2\/types\/post"}],"author":[{"embeddable":true,"href":"https:\/\/pc.sc.gov.br\/index.php?rest_route=\/wp\/v2\/users\/5"}],"replies":[{"embeddable":true,"href":"https:\/\/pc.sc.gov.br\/index.php?rest_route=%2Fwp%2Fv2%2Fcomments&post=24436"}],"version-history":[{"count":3,"href":"https:\/\/pc.sc.gov.br\/index.php?rest_route=\/wp\/v2\/posts\/24436\/revisions"}],"predecessor-version":[{"id":24440,"href":"https:\/\/pc.sc.gov.br\/index.php?rest_route=\/wp\/v2\/posts\/24436\/revisions\/24440"}],"wp:featuredmedia":[{"embeddable":true,"href":"https:\/\/pc.sc.gov.br\/index.php?rest_route=\/wp\/v2\/media\/24437"}],"wp:attachment":[{"href":"https:\/\/pc.sc.gov.br\/index.php?rest_route=%2Fwp%2Fv2%2Fmedia&parent=24436"}],"wp:term":[{"taxonomy":"category","embeddable":true,"href":"https:\/\/pc.sc.gov.br\/index.php?rest_route=%2Fwp%2Fv2%2Fcategories&post=24436"},{"taxonomy":"post_tag","embeddable":true,"href":"https:\/\/pc.sc.gov.br\/index.php?rest_route=%2Fwp%2Fv2%2Ftags&post=24436"}],"curies":[{"name":"wp","href":"https:\/\/api.w.org\/{rel}","templated":true}]}}