{"id":24445,"date":"2024-10-31T19:03:53","date_gmt":"2024-10-31T22:03:53","guid":{"rendered":"https:\/\/pc.sc.gov.br\/?p=24445"},"modified":"2024-10-31T19:11:10","modified_gmt":"2024-10-31T22:11:10","slug":"gestores-da-pcsc-analisam-execucao-do-planejamento-estrategico","status":"publish","type":"post","link":"https:\/\/pc.sc.gov.br\/?p=24445","title":{"rendered":"Gestores da PCSC analisam execu\u00e7\u00e3o do planejamento estrat\u00e9gico"},"content":{"rendered":"\t\t<div data-elementor-type=\"wp-post\" data-elementor-id=\"24445\" class=\"elementor elementor-24445\" data-elementor-post-type=\"post\">\n\t\t\t\t\t\t<section class=\"elementor-section elementor-top-section elementor-element elementor-element-edb7e5b elementor-section-boxed elementor-section-height-default elementor-section-height-default\" data-id=\"edb7e5b\" data-element_type=\"section\">\n\t\t\t\t\t\t<div class=\"elementor-container elementor-column-gap-default\">\n\t\t\t\t\t<div class=\"elementor-column elementor-col-100 elementor-top-column elementor-element elementor-element-ef627f4\" data-id=\"ef627f4\" data-element_type=\"column\">\n\t\t\t<div class=\"elementor-widget-wrap elementor-element-populated\">\n\t\t\t\t\t\t<div class=\"elementor-element elementor-element-e5ebd6e elementor-widget elementor-widget-heading\" data-id=\"e5ebd6e\" data-element_type=\"widget\" data-widget_type=\"heading.default\">\n\t\t\t\t<div class=\"elementor-widget-container\">\n\t\t\t\t\t<h2 class=\"elementor-heading-title elementor-size-default\">Gestores da PCSC analisam execu\u00e7\u00e3o do planejamento estrat\u00e9gico<\/h2>\t\t\t\t<\/div>\n\t\t\t\t<\/div>\n\t\t\t\t\t<\/div>\n\t\t<\/div>\n\t\t\t\t\t<\/div>\n\t\t<\/section>\n\t\t\t\t<section class=\"elementor-section elementor-top-section elementor-element elementor-element-d6ec2b3 elementor-section-boxed elementor-section-height-default elementor-section-height-default\" data-id=\"d6ec2b3\" data-element_type=\"section\">\n\t\t\t\t\t\t<div class=\"elementor-container elementor-column-gap-default\">\n\t\t\t\t\t<div class=\"elementor-column elementor-col-100 elementor-top-column elementor-element elementor-element-93ca188\" data-id=\"93ca188\" data-element_type=\"column\">\n\t\t\t<div class=\"elementor-widget-wrap elementor-element-populated\">\n\t\t\t\t\t\t<div class=\"elementor-element elementor-element-97a1a56 elementor-widget elementor-widget-image\" data-id=\"97a1a56\" data-element_type=\"widget\" data-widget_type=\"image.default\">\n\t\t\t\t<div class=\"elementor-widget-container\">\n\t\t\t\t\t\t\t\t\t\t\t\t\t\t\t<img fetchpriority=\"high\" decoding=\"async\" width=\"696\" height=\"928\" src=\"https:\/\/pc.sc.gov.br\/\/wp-content\/uploads\/2024\/10\/WhatsApp-Image-2024-10-31-at-18.43.38-768x1024.jpeg\" class=\"attachment-large size-large wp-image-24454\" alt=\"\" srcset=\"https:\/\/pc.sc.gov.br\/\/wp-content\/uploads\/2024\/10\/WhatsApp-Image-2024-10-31-at-18.43.38-768x1024.jpeg 768w, https:\/\/pc.sc.gov.br\/\/wp-content\/uploads\/2024\/10\/WhatsApp-Image-2024-10-31-at-18.43.38-225x300.jpeg 225w, https:\/\/pc.sc.gov.br\/\/wp-content\/uploads\/2024\/10\/WhatsApp-Image-2024-10-31-at-18.43.38-1152x1536.jpeg 1152w, https:\/\/pc.sc.gov.br\/\/wp-content\/uploads\/2024\/10\/WhatsApp-Image-2024-10-31-at-18.43.38-1536x2048.jpeg 1536w, https:\/\/pc.sc.gov.br\/\/wp-content\/uploads\/2024\/10\/WhatsApp-Image-2024-10-31-at-18.43.38-scaled.jpeg 1920w\" sizes=\"(max-width: 696px) 100vw, 696px\" \/>\t\t\t\t\t\t\t\t\t\t\t\t\t\t\t<\/div>\n\t\t\t\t<\/div>\n\t\t\t\t\t<\/div>\n\t\t<\/div>\n\t\t\t\t\t<\/div>\n\t\t<\/section>\n\t\t\t\t<section class=\"elementor-section elementor-top-section elementor-element elementor-element-a01a9f7 elementor-section-boxed elementor-section-height-default elementor-section-height-default\" data-id=\"a01a9f7\" data-element_type=\"section\">\n\t\t\t\t\t\t<div class=\"elementor-container elementor-column-gap-default\">\n\t\t\t\t\t<div class=\"elementor-column elementor-col-100 elementor-top-column elementor-element elementor-element-74f9f99\" data-id=\"74f9f99\" data-element_type=\"column\">\n\t\t\t<div class=\"elementor-widget-wrap elementor-element-populated\">\n\t\t\t\t\t\t<div class=\"elementor-element elementor-element-ec81485 elementor-widget elementor-widget-text-editor\" data-id=\"ec81485\" data-element_type=\"widget\" data-widget_type=\"text-editor.default\">\n\t\t\t\t<div class=\"elementor-widget-container\">\n\t\t\t\t\t\t\t\t\t<p>O delegado-geral da Pol\u00edcia Civil de Santa Catarina, Ulisses Gabriel, coordenou nesta quinta-feira, 31, na sede da Delegacia-Geral, em Florian\u00f3polis, a reuni\u00e3o semestral dos gestores da PCSC. O encontro foi para promover a an\u00e1lise de execu\u00e7\u00e3o do planejamento estrat\u00e9gico e dos projetos, por parte dos gestores da PCSC, bem como das dificuldades, gargalos e pontos negativos da gest\u00e3o, para encontrar solu\u00e7\u00f5es, melhorar o desempenho e fazer mais entregas para os catarinenses.<\/p><p>No encontro, Ulisses Gabriel, atualizou os gestores sobre o andamento de demandas importantes da institui\u00e7\u00e3o como a valoriza\u00e7\u00e3o dos policiais civis, investimentos em infraestrutura e aquisi\u00e7\u00e3o de equipamentos e armamentos. \u201cO planejamento estrat\u00e9gico nos ajuda a encontrar as solu\u00e7\u00f5es para os desafios di\u00e1rios ao mesmo tempo em que permite vislumbrar a nossa institui\u00e7\u00e3o daqui a 10, 12 anos\u201d, destacou o delegado-geral.<\/p>\t\t\t\t\t\t\t\t<\/div>\n\t\t\t\t<\/div>\n\t\t\t\t\t<\/div>\n\t\t<\/div>\n\t\t\t\t\t<\/div>\n\t\t<\/section>\n\t\t\t\t<\/div>\n\t\t","protected":false},"excerpt":{"rendered":"<p>Gestores da PCSC analisam execu\u00e7\u00e3o do planejamento estrat\u00e9gico O delegado-geral da Pol\u00edcia Civil de Santa Catarina, Ulisses Gabriel, coordenou nesta quinta-feira, 31, na sede da Delegacia-Geral, em Florian\u00f3polis, a reuni\u00e3o semestral dos gestores da PCSC. O encontro foi para promover a an\u00e1lise de execu\u00e7\u00e3o do planejamento estrat\u00e9gico e dos projetos, por parte dos gestores da [&hellip;]<\/p>\n","protected":false},"author":5,"featured_media":24454,"comment_status":"closed","ping_status":"open","sticky":false,"template":"","format":"standard","meta":{"_monsterinsights_skip_tracking":false,"_monsterinsights_sitenote_active":false,"_monsterinsights_sitenote_note":"","_monsterinsights_sitenote_category":0,"footnotes":""},"categories":[1],"tags":[],"class_list":["post-24445","post","type-post","status-publish","format-standard","has-post-thumbnail","hentry","category-sem-categoria"],"_links":{"self":[{"href":"https:\/\/pc.sc.gov.br\/index.php?rest_route=\/wp\/v2\/posts\/24445","targetHints":{"allow":["GET"]}}],"collection":[{"href":"https:\/\/pc.sc.gov.br\/index.php?rest_route=\/wp\/v2\/posts"}],"about":[{"href":"https:\/\/pc.sc.gov.br\/index.php?rest_route=\/wp\/v2\/types\/post"}],"author":[{"embeddable":true,"href":"https:\/\/pc.sc.gov.br\/index.php?rest_route=\/wp\/v2\/users\/5"}],"replies":[{"embeddable":true,"href":"https:\/\/pc.sc.gov.br\/index.php?rest_route=%2Fwp%2Fv2%2Fcomments&post=24445"}],"version-history":[{"count":3,"href":"https:\/\/pc.sc.gov.br\/index.php?rest_route=\/wp\/v2\/posts\/24445\/revisions"}],"predecessor-version":[{"id":24457,"href":"https:\/\/pc.sc.gov.br\/index.php?rest_route=\/wp\/v2\/posts\/24445\/revisions\/24457"}],"wp:featuredmedia":[{"embeddable":true,"href":"https:\/\/pc.sc.gov.br\/index.php?rest_route=\/wp\/v2\/media\/24454"}],"wp:attachment":[{"href":"https:\/\/pc.sc.gov.br\/index.php?rest_route=%2Fwp%2Fv2%2Fmedia&parent=24445"}],"wp:term":[{"taxonomy":"category","embeddable":true,"href":"https:\/\/pc.sc.gov.br\/index.php?rest_route=%2Fwp%2Fv2%2Fcategories&post=24445"},{"taxonomy":"post_tag","embeddable":true,"href":"https:\/\/pc.sc.gov.br\/index.php?rest_route=%2Fwp%2Fv2%2Ftags&post=24445"}],"curies":[{"name":"wp","href":"https:\/\/api.w.org\/{rel}","templated":true}]}}