{"id":24461,"date":"2024-11-01T13:24:36","date_gmt":"2024-11-01T16:24:36","guid":{"rendered":"https:\/\/pc.sc.gov.br\/?p=24461"},"modified":"2024-11-01T13:25:44","modified_gmt":"2024-11-01T16:25:44","slug":"policias-civil-e-militar-deflagram-operacao-conjunta-ao-combate-ao-trafico-de-drogas-em-jurere-internacional-na-capital","status":"publish","type":"post","link":"https:\/\/pc.sc.gov.br\/?p=24461","title":{"rendered":"Pol\u00edcias Civil e Militar deflagram opera\u00e7\u00e3o conjunta ao combate ao tr\u00e1fico de drogas em Jurer\u00ea Internacional na Capital"},"content":{"rendered":"\t\t<div data-elementor-type=\"wp-post\" data-elementor-id=\"24461\" class=\"elementor elementor-24461\" data-elementor-post-type=\"post\">\n\t\t\t\t\t\t<section class=\"elementor-section elementor-top-section elementor-element elementor-element-ee51dbf elementor-section-boxed elementor-section-height-default elementor-section-height-default\" data-id=\"ee51dbf\" data-element_type=\"section\">\n\t\t\t\t\t\t<div class=\"elementor-container elementor-column-gap-default\">\n\t\t\t\t\t<div class=\"elementor-column elementor-col-100 elementor-top-column elementor-element elementor-element-c89dab8\" data-id=\"c89dab8\" data-element_type=\"column\">\n\t\t\t<div class=\"elementor-widget-wrap elementor-element-populated\">\n\t\t\t\t\t\t<div class=\"elementor-element elementor-element-4a9a8d7 elementor-widget elementor-widget-heading\" data-id=\"4a9a8d7\" data-element_type=\"widget\" data-widget_type=\"heading.default\">\n\t\t\t\t<div class=\"elementor-widget-container\">\n\t\t\t\t\t<h2 class=\"elementor-heading-title elementor-size-default\">Pol\u00edcias Civil e Militar deflagram opera\u00e7\u00e3o conjunta ao combate ao tr\u00e1fico de drogas em Jurer\u00ea Internacional na Capital <\/h2>\t\t\t\t<\/div>\n\t\t\t\t<\/div>\n\t\t\t\t\t<\/div>\n\t\t<\/div>\n\t\t\t\t\t<\/div>\n\t\t<\/section>\n\t\t\t\t<section class=\"elementor-section elementor-top-section elementor-element elementor-element-08a81eb elementor-section-boxed elementor-section-height-default elementor-section-height-default\" data-id=\"08a81eb\" data-element_type=\"section\">\n\t\t\t\t\t\t<div class=\"elementor-container elementor-column-gap-default\">\n\t\t\t\t\t<div class=\"elementor-column elementor-col-100 elementor-top-column elementor-element elementor-element-85573b2\" data-id=\"85573b2\" data-element_type=\"column\">\n\t\t\t<div class=\"elementor-widget-wrap elementor-element-populated\">\n\t\t\t\t\t\t<div class=\"elementor-element elementor-element-a3dba26 elementor-widget elementor-widget-image\" data-id=\"a3dba26\" data-element_type=\"widget\" data-widget_type=\"image.default\">\n\t\t\t\t<div class=\"elementor-widget-container\">\n\t\t\t\t\t\t\t\t\t\t\t\t\t\t\t<img fetchpriority=\"high\" decoding=\"async\" width=\"696\" height=\"383\" src=\"https:\/\/pc.sc.gov.br\/\/wp-content\/uploads\/2024\/11\/WhatsApp-Image-2024-11-01-at-12.11.35-1024x564.jpeg\" class=\"attachment-large size-large wp-image-24463\" alt=\"\" srcset=\"https:\/\/pc.sc.gov.br\/\/wp-content\/uploads\/2024\/11\/WhatsApp-Image-2024-11-01-at-12.11.35-1024x564.jpeg 1024w, https:\/\/pc.sc.gov.br\/\/wp-content\/uploads\/2024\/11\/WhatsApp-Image-2024-11-01-at-12.11.35-300x165.jpeg 300w, https:\/\/pc.sc.gov.br\/\/wp-content\/uploads\/2024\/11\/WhatsApp-Image-2024-11-01-at-12.11.35-768x423.jpeg 768w, https:\/\/pc.sc.gov.br\/\/wp-content\/uploads\/2024\/11\/WhatsApp-Image-2024-11-01-at-12.11.35-1536x847.jpeg 1536w, https:\/\/pc.sc.gov.br\/\/wp-content\/uploads\/2024\/11\/WhatsApp-Image-2024-11-01-at-12.11.35.jpeg 1600w\" sizes=\"(max-width: 696px) 100vw, 696px\" \/>\t\t\t\t\t\t\t\t\t\t\t\t\t\t\t<\/div>\n\t\t\t\t<\/div>\n\t\t\t\t\t<\/div>\n\t\t<\/div>\n\t\t\t\t\t<\/div>\n\t\t<\/section>\n\t\t\t\t<section class=\"elementor-section elementor-top-section elementor-element elementor-element-e2a2dc2 elementor-section-boxed elementor-section-height-default elementor-section-height-default\" data-id=\"e2a2dc2\" data-element_type=\"section\">\n\t\t\t\t\t\t<div class=\"elementor-container elementor-column-gap-default\">\n\t\t\t\t\t<div class=\"elementor-column elementor-col-100 elementor-top-column elementor-element elementor-element-b55cb19\" data-id=\"b55cb19\" data-element_type=\"column\">\n\t\t\t<div class=\"elementor-widget-wrap elementor-element-populated\">\n\t\t\t\t\t\t<div class=\"elementor-element elementor-element-ca606fc elementor-widget elementor-widget-text-editor\" data-id=\"ca606fc\" data-element_type=\"widget\" data-widget_type=\"text-editor.default\">\n\t\t\t\t<div class=\"elementor-widget-container\">\n\t\t\t\t\t\t\t\t\t<p>Nesta sexta-feira (01\/11), a Pol\u00edcia Civil de Santa Catarina, por meio da Delegacia de Combate \u00e0s Drogas da Capital (DECOD) do Departamento de Investiga\u00e7\u00e3o Criminal da Capital, e o 4\u00ba Batalh\u00e3o de Pol\u00edcia Militar deflagraram opera\u00e7\u00e3o conjunta com o objetivo de desmantelar uma rede de tr\u00e1fico de drogas em Jurer\u00ea Internacional, em Florian\u00f3polis.<\/p><p>A a\u00e7\u00e3o, resultado de uma investiga\u00e7\u00e3o aprofundada, revelou a atua\u00e7\u00e3o de indiv\u00edduos que utilizavam canais digitais para comercializar drogas recreativas e subst\u00e2ncias controladas de alto custo, atendendo a um p\u00fablico de alto poder aquisitivo na regi\u00e3o e em outras \u00e1reas da cidade.<\/p><p>Durante a opera\u00e7\u00e3o, foram cumpridos quatro mandados de busca e apreens\u00e3o, resultando na pris\u00e3o em flagrante de um dos envolvidos e na apreens\u00e3o de um vasto material probat\u00f3rio que vincula os suspeitos a uma marca registrada usada para promover as drogas, incluindo adesivos e embalagens exclusivas.<\/p><p>Entre as drogas apreendidas est\u00e3o extrato de cannabis, haxixe, ice, skunk e itens raramente encontrados na regi\u00e3o, como as chamadas gomas de cannabis ou &#8220;banana candy,&#8221; com valor estimado de 75 euros por unidade. Al\u00e9m disso, foram localizadas subst\u00e2ncias controladas, entre elas: Horm\u00f4nio do Crescimento Humano (GH) e a Trembolona \u2013 esteroide anabolizante sint\u00e9tico derivado da nandrolona. Dentre os itens apreendidos, estavam tamb\u00e9m duas balan\u00e7as de precis\u00e3o, espec\u00edficas para a pesagem de subst\u00e2ncias l\u00edquidas il\u00edcitas \u2013 utilizadas na atividade ilegal dos investigados.<\/p><p>Os trabalhos seguem com a DECOD e o 4\u00ba Batalh\u00e3o da PM atuando no sentido de desarticular integralmente essa rede e outras atividades il\u00edcitas na regi\u00e3o.<\/p>\t\t\t\t\t\t\t\t<\/div>\n\t\t\t\t<\/div>\n\t\t\t\t\t<\/div>\n\t\t<\/div>\n\t\t\t\t\t<\/div>\n\t\t<\/section>\n\t\t\t\t<section class=\"elementor-section elementor-top-section elementor-element elementor-element-43306e0 elementor-section-boxed elementor-section-height-default elementor-section-height-default\" data-id=\"43306e0\" data-element_type=\"section\">\n\t\t\t\t\t\t<div class=\"elementor-container elementor-column-gap-default\">\n\t\t\t\t\t<div class=\"elementor-column elementor-col-100 elementor-top-column elementor-element elementor-element-3ee613e\" data-id=\"3ee613e\" data-element_type=\"column\">\n\t\t\t<div class=\"elementor-widget-wrap elementor-element-populated\">\n\t\t\t\t\t\t<div class=\"elementor-element elementor-element-5b16149 elementor-widget elementor-widget-image\" data-id=\"5b16149\" data-element_type=\"widget\" data-widget_type=\"image.default\">\n\t\t\t\t<div class=\"elementor-widget-container\">\n\t\t\t\t\t\t\t\t\t\t\t\t\t\t\t<img decoding=\"async\" width=\"696\" height=\"392\" src=\"https:\/\/pc.sc.gov.br\/\/wp-content\/uploads\/2024\/11\/WhatsApp-Image-2024-11-01-at-12.11.35-1-1024x576.jpeg\" class=\"attachment-large size-large wp-image-24462\" alt=\"\" srcset=\"https:\/\/pc.sc.gov.br\/\/wp-content\/uploads\/2024\/11\/WhatsApp-Image-2024-11-01-at-12.11.35-1-1024x576.jpeg 1024w, https:\/\/pc.sc.gov.br\/\/wp-content\/uploads\/2024\/11\/WhatsApp-Image-2024-11-01-at-12.11.35-1-300x169.jpeg 300w, https:\/\/pc.sc.gov.br\/\/wp-content\/uploads\/2024\/11\/WhatsApp-Image-2024-11-01-at-12.11.35-1-768x432.jpeg 768w, https:\/\/pc.sc.gov.br\/\/wp-content\/uploads\/2024\/11\/WhatsApp-Image-2024-11-01-at-12.11.35-1-1536x864.jpeg 1536w, https:\/\/pc.sc.gov.br\/\/wp-content\/uploads\/2024\/11\/WhatsApp-Image-2024-11-01-at-12.11.35-1.jpeg 1600w\" sizes=\"(max-width: 696px) 100vw, 696px\" \/>\t\t\t\t\t\t\t\t\t\t\t\t\t\t\t<\/div>\n\t\t\t\t<\/div>\n\t\t\t\t\t<\/div>\n\t\t<\/div>\n\t\t\t\t\t<\/div>\n\t\t<\/section>\n\t\t\t\t<\/div>\n\t\t","protected":false},"excerpt":{"rendered":"<p>Pol\u00edcias Civil e Militar deflagram opera\u00e7\u00e3o conjunta ao combate ao tr\u00e1fico de drogas em Jurer\u00ea Internacional na Capital Nesta sexta-feira (01\/11), a Pol\u00edcia Civil de Santa Catarina, por meio da Delegacia de Combate \u00e0s Drogas da Capital (DECOD) do Departamento de Investiga\u00e7\u00e3o Criminal da Capital, e o 4\u00ba Batalh\u00e3o de Pol\u00edcia Militar deflagraram opera\u00e7\u00e3o conjunta [&hellip;]<\/p>\n","protected":false},"author":5,"featured_media":24463,"comment_status":"closed","ping_status":"open","sticky":false,"template":"","format":"standard","meta":{"_monsterinsights_skip_tracking":false,"_monsterinsights_sitenote_active":false,"_monsterinsights_sitenote_note":"","_monsterinsights_sitenote_category":0,"footnotes":""},"categories":[1],"tags":[],"class_list":["post-24461","post","type-post","status-publish","format-standard","has-post-thumbnail","hentry","category-sem-categoria"],"_links":{"self":[{"href":"https:\/\/pc.sc.gov.br\/index.php?rest_route=\/wp\/v2\/posts\/24461","targetHints":{"allow":["GET"]}}],"collection":[{"href":"https:\/\/pc.sc.gov.br\/index.php?rest_route=\/wp\/v2\/posts"}],"about":[{"href":"https:\/\/pc.sc.gov.br\/index.php?rest_route=\/wp\/v2\/types\/post"}],"author":[{"embeddable":true,"href":"https:\/\/pc.sc.gov.br\/index.php?rest_route=\/wp\/v2\/users\/5"}],"replies":[{"embeddable":true,"href":"https:\/\/pc.sc.gov.br\/index.php?rest_route=%2Fwp%2Fv2%2Fcomments&post=24461"}],"version-history":[{"count":4,"href":"https:\/\/pc.sc.gov.br\/index.php?rest_route=\/wp\/v2\/posts\/24461\/revisions"}],"predecessor-version":[{"id":24467,"href":"https:\/\/pc.sc.gov.br\/index.php?rest_route=\/wp\/v2\/posts\/24461\/revisions\/24467"}],"wp:featuredmedia":[{"embeddable":true,"href":"https:\/\/pc.sc.gov.br\/index.php?rest_route=\/wp\/v2\/media\/24463"}],"wp:attachment":[{"href":"https:\/\/pc.sc.gov.br\/index.php?rest_route=%2Fwp%2Fv2%2Fmedia&parent=24461"}],"wp:term":[{"taxonomy":"category","embeddable":true,"href":"https:\/\/pc.sc.gov.br\/index.php?rest_route=%2Fwp%2Fv2%2Fcategories&post=24461"},{"taxonomy":"post_tag","embeddable":true,"href":"https:\/\/pc.sc.gov.br\/index.php?rest_route=%2Fwp%2Fv2%2Ftags&post=24461"}],"curies":[{"name":"wp","href":"https:\/\/api.w.org\/{rel}","templated":true}]}}