{"id":24468,"date":"2024-11-01T16:55:31","date_gmt":"2024-11-01T19:55:31","guid":{"rendered":"https:\/\/pc.sc.gov.br\/?p=24468"},"modified":"2024-11-01T16:56:10","modified_gmt":"2024-11-01T19:56:10","slug":"policia-civil-prende-homem-em-flagrante-por-utilizar-documento-falso-em-biguacu","status":"publish","type":"post","link":"https:\/\/pc.sc.gov.br\/?p=24468","title":{"rendered":"Pol\u00edcia Civil prende homem em flagrante por utilizar documento falso em Bigua\u00e7u"},"content":{"rendered":"\t\t<div data-elementor-type=\"wp-post\" data-elementor-id=\"24468\" class=\"elementor elementor-24468\" data-elementor-post-type=\"post\">\n\t\t\t\t\t\t<section class=\"elementor-section elementor-top-section elementor-element elementor-element-09c5f42 elementor-section-boxed elementor-section-height-default elementor-section-height-default\" data-id=\"09c5f42\" data-element_type=\"section\">\n\t\t\t\t\t\t<div class=\"elementor-container elementor-column-gap-default\">\n\t\t\t\t\t<div class=\"elementor-column elementor-col-100 elementor-top-column elementor-element elementor-element-4c4991a\" data-id=\"4c4991a\" data-element_type=\"column\">\n\t\t\t<div class=\"elementor-widget-wrap elementor-element-populated\">\n\t\t\t\t\t\t<div class=\"elementor-element elementor-element-3a52bed elementor-widget elementor-widget-heading\" data-id=\"3a52bed\" data-element_type=\"widget\" data-widget_type=\"heading.default\">\n\t\t\t\t<div class=\"elementor-widget-container\">\n\t\t\t\t\t<h2 class=\"elementor-heading-title elementor-size-default\">Pol\u00edcia Civil prende homem em flagrante por utilizar documento falso em Bigua\u00e7u <\/h2>\t\t\t\t<\/div>\n\t\t\t\t<\/div>\n\t\t\t\t\t<\/div>\n\t\t<\/div>\n\t\t\t\t\t<\/div>\n\t\t<\/section>\n\t\t\t\t<section class=\"elementor-section elementor-top-section elementor-element elementor-element-a430bf2 elementor-section-boxed elementor-section-height-default elementor-section-height-default\" data-id=\"a430bf2\" data-element_type=\"section\">\n\t\t\t\t\t\t<div class=\"elementor-container elementor-column-gap-default\">\n\t\t\t\t\t<div class=\"elementor-column elementor-col-100 elementor-top-column elementor-element elementor-element-70cef1b\" data-id=\"70cef1b\" data-element_type=\"column\">\n\t\t\t<div class=\"elementor-widget-wrap elementor-element-populated\">\n\t\t\t\t\t\t<div class=\"elementor-element elementor-element-6dfaa0a elementor-widget elementor-widget-image\" data-id=\"6dfaa0a\" data-element_type=\"widget\" data-widget_type=\"image.default\">\n\t\t\t\t<div class=\"elementor-widget-container\">\n\t\t\t\t\t\t\t\t\t\t\t\t\t\t\t<img fetchpriority=\"high\" decoding=\"async\" width=\"696\" height=\"928\" src=\"https:\/\/pc.sc.gov.br\/\/wp-content\/uploads\/2024\/11\/WhatsApp-Image-2024-11-01-at-16.13.10-768x1024.jpeg\" class=\"attachment-large size-large wp-image-24469\" alt=\"\" srcset=\"https:\/\/pc.sc.gov.br\/\/wp-content\/uploads\/2024\/11\/WhatsApp-Image-2024-11-01-at-16.13.10-768x1024.jpeg 768w, https:\/\/pc.sc.gov.br\/\/wp-content\/uploads\/2024\/11\/WhatsApp-Image-2024-11-01-at-16.13.10-225x300.jpeg 225w, https:\/\/pc.sc.gov.br\/\/wp-content\/uploads\/2024\/11\/WhatsApp-Image-2024-11-01-at-16.13.10.jpeg 960w\" sizes=\"(max-width: 696px) 100vw, 696px\" \/>\t\t\t\t\t\t\t\t\t\t\t\t\t\t\t<\/div>\n\t\t\t\t<\/div>\n\t\t\t\t\t<\/div>\n\t\t<\/div>\n\t\t\t\t\t<\/div>\n\t\t<\/section>\n\t\t\t\t<section class=\"elementor-section elementor-top-section elementor-element elementor-element-12b40b4 elementor-section-boxed elementor-section-height-default elementor-section-height-default\" data-id=\"12b40b4\" data-element_type=\"section\">\n\t\t\t\t\t\t<div class=\"elementor-container elementor-column-gap-default\">\n\t\t\t\t\t<div class=\"elementor-column elementor-col-100 elementor-top-column elementor-element elementor-element-01bc6a3\" data-id=\"01bc6a3\" data-element_type=\"column\">\n\t\t\t<div class=\"elementor-widget-wrap elementor-element-populated\">\n\t\t\t\t\t\t<div class=\"elementor-element elementor-element-5c82aa1 elementor-widget elementor-widget-text-editor\" data-id=\"5c82aa1\" data-element_type=\"widget\" data-widget_type=\"text-editor.default\">\n\t\t\t\t<div class=\"elementor-widget-container\">\n\t\t\t\t\t\t\t\t\t<p>Na quinta-feira (31\/10), a Pol\u00edcia Civil de Santa Catarina, por meio da Delegacia de Pol\u00edcia da Comarca de Bigua\u00e7u, foi acionada pela supervisora do ponto de atendimento do DETRAN\/SC em Bigua\u00e7u, ap\u00f3s verificar que um homem, que estava dando entrada em requerimento de renova\u00e7\u00e3o de carteira nacional de habilita\u00e7\u00e3o, estaria utilizando documento falso de comprova\u00e7\u00e3o de\u00a0sua\u00a0resid\u00eancia.<\/p><p>Os\u00a0policiais civis compareceram\u00a0imediatamente\u00a0ao\u00a0\u00f3rg\u00e3o p\u00fablico\u00a0e, constatando que\u00a0o documento em que o homem estava utilizando para atestar sua resid\u00eancia\u00a0se tratava de documento supostamente falso,\u00a0deram voz de pris\u00e3o ao indiv\u00edduo,\u00a0que foi conduzido \u00e0 Delegacia de Pol\u00edcia da Comarca de Bigua\u00e7u e autuado\u00a0em flagrante delito pelo crime de uso de documento falso.<\/p>\t\t\t\t\t\t\t\t<\/div>\n\t\t\t\t<\/div>\n\t\t\t\t\t<\/div>\n\t\t<\/div>\n\t\t\t\t\t<\/div>\n\t\t<\/section>\n\t\t\t\t<\/div>\n\t\t","protected":false},"excerpt":{"rendered":"<p>Pol\u00edcia Civil prende homem em flagrante por utilizar documento falso em Bigua\u00e7u Na quinta-feira (31\/10), a Pol\u00edcia Civil de Santa Catarina, por meio da Delegacia de Pol\u00edcia da Comarca de Bigua\u00e7u, foi acionada pela supervisora do ponto de atendimento do DETRAN\/SC em Bigua\u00e7u, ap\u00f3s verificar que um homem, que estava dando entrada em requerimento de [&hellip;]<\/p>\n","protected":false},"author":5,"featured_media":24469,"comment_status":"closed","ping_status":"open","sticky":false,"template":"","format":"standard","meta":{"_monsterinsights_skip_tracking":false,"_monsterinsights_sitenote_active":false,"_monsterinsights_sitenote_note":"","_monsterinsights_sitenote_category":0,"footnotes":""},"categories":[1],"tags":[],"class_list":["post-24468","post","type-post","status-publish","format-standard","has-post-thumbnail","hentry","category-sem-categoria"],"_links":{"self":[{"href":"https:\/\/pc.sc.gov.br\/index.php?rest_route=\/wp\/v2\/posts\/24468","targetHints":{"allow":["GET"]}}],"collection":[{"href":"https:\/\/pc.sc.gov.br\/index.php?rest_route=\/wp\/v2\/posts"}],"about":[{"href":"https:\/\/pc.sc.gov.br\/index.php?rest_route=\/wp\/v2\/types\/post"}],"author":[{"embeddable":true,"href":"https:\/\/pc.sc.gov.br\/index.php?rest_route=\/wp\/v2\/users\/5"}],"replies":[{"embeddable":true,"href":"https:\/\/pc.sc.gov.br\/index.php?rest_route=%2Fwp%2Fv2%2Fcomments&post=24468"}],"version-history":[{"count":4,"href":"https:\/\/pc.sc.gov.br\/index.php?rest_route=\/wp\/v2\/posts\/24468\/revisions"}],"predecessor-version":[{"id":24473,"href":"https:\/\/pc.sc.gov.br\/index.php?rest_route=\/wp\/v2\/posts\/24468\/revisions\/24473"}],"wp:featuredmedia":[{"embeddable":true,"href":"https:\/\/pc.sc.gov.br\/index.php?rest_route=\/wp\/v2\/media\/24469"}],"wp:attachment":[{"href":"https:\/\/pc.sc.gov.br\/index.php?rest_route=%2Fwp%2Fv2%2Fmedia&parent=24468"}],"wp:term":[{"taxonomy":"category","embeddable":true,"href":"https:\/\/pc.sc.gov.br\/index.php?rest_route=%2Fwp%2Fv2%2Fcategories&post=24468"},{"taxonomy":"post_tag","embeddable":true,"href":"https:\/\/pc.sc.gov.br\/index.php?rest_route=%2Fwp%2Fv2%2Ftags&post=24468"}],"curies":[{"name":"wp","href":"https:\/\/api.w.org\/{rel}","templated":true}]}}