{"id":24474,"date":"2024-11-04T18:36:07","date_gmt":"2024-11-04T21:36:07","guid":{"rendered":"https:\/\/pc.sc.gov.br\/?p=24474"},"modified":"2024-11-04T18:39:53","modified_gmt":"2024-11-04T21:39:53","slug":"em-2024-coordenadoria-de-operacoes-com-caes-da-pcsc-ja-participou-de-374-operacoes-policiais-no-estado","status":"publish","type":"post","link":"https:\/\/pc.sc.gov.br\/?p=24474","title":{"rendered":"Em 2024, Coordenadoria de Opera\u00e7\u00f5es com C\u00e3es da PCSC j\u00e1 participou de 374 opera\u00e7\u00f5es policiais no estado"},"content":{"rendered":"\t\t<div data-elementor-type=\"wp-post\" data-elementor-id=\"24474\" class=\"elementor elementor-24474\" data-elementor-post-type=\"post\">\n\t\t\t\t\t\t<section class=\"elementor-section elementor-top-section elementor-element elementor-element-3a85cce elementor-section-boxed elementor-section-height-default elementor-section-height-default\" data-id=\"3a85cce\" data-element_type=\"section\">\n\t\t\t\t\t\t<div class=\"elementor-container elementor-column-gap-default\">\n\t\t\t\t\t<div class=\"elementor-column elementor-col-100 elementor-top-column elementor-element elementor-element-c0d5a54\" data-id=\"c0d5a54\" data-element_type=\"column\">\n\t\t\t<div class=\"elementor-widget-wrap elementor-element-populated\">\n\t\t\t\t\t\t<div class=\"elementor-element elementor-element-bbe16e3 elementor-widget elementor-widget-heading\" data-id=\"bbe16e3\" data-element_type=\"widget\" data-widget_type=\"heading.default\">\n\t\t\t\t<div class=\"elementor-widget-container\">\n\t\t\t\t\t<h2 class=\"elementor-heading-title elementor-size-default\">Em 2024, Coordenadoria de Opera\u00e7\u00f5es com C\u00e3es da PCSC j\u00e1 participou de 374 opera\u00e7\u00f5es policiais no estado<\/h2>\t\t\t\t<\/div>\n\t\t\t\t<\/div>\n\t\t\t\t\t<\/div>\n\t\t<\/div>\n\t\t\t\t\t<\/div>\n\t\t<\/section>\n\t\t\t\t<section class=\"elementor-section elementor-top-section elementor-element elementor-element-6de8ee5 elementor-section-boxed elementor-section-height-default elementor-section-height-default\" data-id=\"6de8ee5\" data-element_type=\"section\">\n\t\t\t\t\t\t<div class=\"elementor-container elementor-column-gap-default\">\n\t\t\t\t\t<div class=\"elementor-column elementor-col-100 elementor-top-column elementor-element elementor-element-69467ff\" data-id=\"69467ff\" data-element_type=\"column\">\n\t\t\t<div class=\"elementor-widget-wrap elementor-element-populated\">\n\t\t\t\t\t\t<div class=\"elementor-element elementor-element-81dfc73 elementor-widget elementor-widget-image\" data-id=\"81dfc73\" data-element_type=\"widget\" data-widget_type=\"image.default\">\n\t\t\t\t<div class=\"elementor-widget-container\">\n\t\t\t\t\t\t\t\t\t\t\t\t\t\t\t<img fetchpriority=\"high\" decoding=\"async\" width=\"696\" height=\"384\" src=\"https:\/\/pc.sc.gov.br\/\/wp-content\/uploads\/2024\/11\/WhatsApp-Image-2024-11-04-at-18.31.50.jpeg\" class=\"attachment-large size-large wp-image-24476\" alt=\"\" srcset=\"https:\/\/pc.sc.gov.br\/\/wp-content\/uploads\/2024\/11\/WhatsApp-Image-2024-11-04-at-18.31.50.jpeg 720w, https:\/\/pc.sc.gov.br\/\/wp-content\/uploads\/2024\/11\/WhatsApp-Image-2024-11-04-at-18.31.50-300x165.jpeg 300w\" sizes=\"(max-width: 696px) 100vw, 696px\" \/>\t\t\t\t\t\t\t\t\t\t\t\t\t\t\t<\/div>\n\t\t\t\t<\/div>\n\t\t\t\t\t<\/div>\n\t\t<\/div>\n\t\t\t\t\t<\/div>\n\t\t<\/section>\n\t\t\t\t<section class=\"elementor-section elementor-top-section elementor-element elementor-element-2ded108 elementor-section-boxed elementor-section-height-default elementor-section-height-default\" data-id=\"2ded108\" data-element_type=\"section\">\n\t\t\t\t\t\t<div class=\"elementor-container elementor-column-gap-default\">\n\t\t\t\t\t<div class=\"elementor-column elementor-col-100 elementor-top-column elementor-element elementor-element-c7e9af7\" data-id=\"c7e9af7\" data-element_type=\"column\">\n\t\t\t<div class=\"elementor-widget-wrap elementor-element-populated\">\n\t\t\t\t\t\t<div class=\"elementor-element elementor-element-6e20057 elementor-widget elementor-widget-text-editor\" data-id=\"6e20057\" data-element_type=\"widget\" data-widget_type=\"text-editor.default\">\n\t\t\t\t<div class=\"elementor-widget-container\">\n\t\t\t\t\t\t\t\t\t<p>Um divisor de \u00e1guas na cinotecnia da Pol\u00edcia Civil de Santa Catarina. Assim o delegado-geral da PCSC, Ulisses Gabriel, qualificou o decreto editado pelo governador Jorginho Mello que disp\u00f5e sobre a Coordenadoria de Opera\u00e7\u00f5es Policiais com C\u00e3es (COPC), os N\u00facleos de Opera\u00e7\u00f5es com C\u00e3es (NOCs) e a Coordenadoria do Canil-Escola (CCE) da Pol\u00edcia Civil de Santa Catarina. \u201cEsse decreto regulamenta um importante setor da PCSC que atua na busca de armas, de drogas, de foragidos, de corpos, nas escolas, como por exemplo o Projeto K9 na Escola. E, em breve, teremos C\u00e3oterapia\u201d, assinalou o delegado Ulisses.<\/p><p>Para se ter uma ideia da dimens\u00e3o do trabalho da Coordenadoria da Coordenadoria de Opera\u00e7\u00f5es com C\u00e3es (COPC), apenas de janeiro a outubro de 2024, os c\u00e3es participaram de 374 opera\u00e7\u00f5es policiais em todo o estado. No ano passado foram 325 opera\u00e7\u00f5es policiais. O plantel da COPC conta 26 c\u00e3es altamente treinados para as demandas da Pol\u00edcia Civil de Santa Catarina. De acordo com o Coordenador da COPC, delegado Ronaldo Moretto, a COPC tem unidades que se encontram desde o litoral at\u00e9 a fronteira com a Argentina. \u201cEntre as nossas especialidades, trabalhamos com a detec\u00e7\u00e3o de drogas, detec\u00e7\u00e3o de armas de fogo, busca e captura de criminosos e, mais recentemente, em um novo servi\u00e7o que estamos oferecendo \u00e0s nossas unidades policiais, a detec\u00e7\u00e3o de restos mortais. Em 2024, estivemos presentes em 374 opera\u00e7\u00f5es, mostrando a crescente demanda pelo uso da cinotecnia policial como forma de fazer a identifica\u00e7\u00e3o de autoria e materialidade de crimes nas opera\u00e7\u00f5es da PCSC\u201d, assinalou o delegado Moretto.<\/p><p>Para atender a todas as regi\u00f5es do estado, a Coordenadoria criou os N\u00facleos de Opera\u00e7\u00f5es com C\u00e3es (NOCs) sediados em S\u00e3o Jos\u00e9; Florian\u00f3polis; Joinville; Itaja\u00ed; Blumenau;\u00a0 Jaragu\u00e1 do Sul; Crici\u00fama;\u00a0 Canoinhas;\u00a0 Curitibanos; Lages; Xanxer\u00ea; Conc\u00f3rdia; Chapec\u00f3; S\u00e3o Louren\u00e7o do Oeste; e S\u00e3o Miguel do Oeste.\u00a0\u00a0<\/p><p>O decreto sistematiza a atua\u00e7\u00e3o qualificada da Coordenadoria refor\u00e7ando o papel da COPC\/NOCs em todas as opera\u00e7\u00f5es policiais de combate ao tr\u00e1fico de drogas e armas; lavagem de dinheiro e delitos conexos; preven\u00e7\u00e3o e repress\u00e3o a crimes que utilizem materiais explosivos e derivados; fiscaliza\u00e7\u00e3o de produtos controlados; localiza\u00e7\u00e3o de cad\u00e1veres e pessoas desaparecidas, capturar foragidos entre outros.\u00a0\u00a0<\/p><p>Subordinados operacionalmente \u00e0 Coordenadoria, os N\u00facleos de Opera\u00e7\u00f5es com C\u00e3es t\u00eam entre suas atribui\u00e7\u00f5es prestar apoio operacional e administrativo nas atividades de persecu\u00e7\u00e3o criminal. Importante destacar que o NOCs podem apresentar propostas e projetos \u00e0 COPC voltados \u00e0 preven\u00e7\u00e3o ou redu\u00e7\u00e3o do consumo de drogas ou ao fortalecimento de valores da cidadania, al\u00e9m de zelar pela sa\u00fade e pelo bem-estar dos c\u00e3es sob sua responsabilidade\u00a0\u00a0<\/p><p>No que se refere \u00e0 Coordenadoria do Canil Escola (CCE), o decreto estabelece que a CCE est\u00e1 subordinada \u00e0 Acadepol \u2013 onde est\u00e1 localizada \u2013 e tem por atribui\u00e7\u00f5es planejar e executar qualquer atividade relacionada ao ensino, \u00e0 pesquisa ou \u00e0 extens\u00e3o na \u00e1rea da cinotecnia policial no \u00e2mbito da PCSC. Tamb\u00e9m est\u00e1 no escopo da CCE planejar e executar a pol\u00edtica de capacita\u00e7\u00e3o em cinotecnia policial; disponibilizar cursos de forma\u00e7\u00e3o inicial e continuada;\u00a0 realizar interc\u00e2mbios de recursos e experi\u00eancias com institui\u00e7\u00f5es p\u00fablicas e privadas e cinot\u00e9cnicos em tem\u00e1ticas relacionadas a ensino, pesquisa ou extens\u00e3o na \u00e1rea da cinotecnia policial.\u00a0\u00a0<\/p><p>\u00a0<\/p>\t\t\t\t\t\t\t\t<\/div>\n\t\t\t\t<\/div>\n\t\t\t\t\t<\/div>\n\t\t<\/div>\n\t\t\t\t\t<\/div>\n\t\t<\/section>\n\t\t\t\t<section class=\"elementor-section elementor-top-section elementor-element elementor-element-806ebfd elementor-section-boxed elementor-section-height-default elementor-section-height-default\" data-id=\"806ebfd\" data-element_type=\"section\">\n\t\t\t\t\t\t<div class=\"elementor-container elementor-column-gap-default\">\n\t\t\t\t\t<div class=\"elementor-column elementor-col-100 elementor-top-column elementor-element elementor-element-be83667\" data-id=\"be83667\" data-element_type=\"column\">\n\t\t\t<div class=\"elementor-widget-wrap elementor-element-populated\">\n\t\t\t\t\t\t<div class=\"elementor-element elementor-element-13706d1 elementor-widget elementor-widget-image\" data-id=\"13706d1\" data-element_type=\"widget\" data-widget_type=\"image.default\">\n\t\t\t\t<div class=\"elementor-widget-container\">\n\t\t\t\t\t\t\t\t\t\t\t\t\t\t\t<img decoding=\"async\" width=\"696\" height=\"565\" src=\"https:\/\/pc.sc.gov.br\/\/wp-content\/uploads\/2024\/11\/WhatsApp-Image-2024-11-04-at-18.31.07.jpeg\" class=\"attachment-large size-large wp-image-24477\" alt=\"\" srcset=\"https:\/\/pc.sc.gov.br\/\/wp-content\/uploads\/2024\/11\/WhatsApp-Image-2024-11-04-at-18.31.07.jpeg 720w, https:\/\/pc.sc.gov.br\/\/wp-content\/uploads\/2024\/11\/WhatsApp-Image-2024-11-04-at-18.31.07-300x243.jpeg 300w\" sizes=\"(max-width: 696px) 100vw, 696px\" \/>\t\t\t\t\t\t\t\t\t\t\t\t\t\t\t<\/div>\n\t\t\t\t<\/div>\n\t\t\t\t\t<\/div>\n\t\t<\/div>\n\t\t\t\t\t<\/div>\n\t\t<\/section>\n\t\t\t\t<section class=\"elementor-section elementor-top-section elementor-element elementor-element-441340f elementor-section-boxed elementor-section-height-default elementor-section-height-default\" data-id=\"441340f\" data-element_type=\"section\">\n\t\t\t\t\t\t<div class=\"elementor-container elementor-column-gap-default\">\n\t\t\t\t\t<div class=\"elementor-column elementor-col-100 elementor-top-column elementor-element elementor-element-16e0a3f\" data-id=\"16e0a3f\" data-element_type=\"column\">\n\t\t\t<div class=\"elementor-widget-wrap elementor-element-populated\">\n\t\t\t\t\t\t<div class=\"elementor-element elementor-element-d7e9f38 elementor-widget elementor-widget-text-editor\" data-id=\"d7e9f38\" data-element_type=\"widget\" data-widget_type=\"text-editor.default\">\n\t\t\t\t<div class=\"elementor-widget-container\">\n\t\t\t\t\t\t\t\t\t<p>Recentemente, a Coordenadoria de Opera\u00e7\u00f5es com C\u00e3es da Pol\u00edcia Civil de Santa Catarina participou do 7\u00ba Campeonato Sul Americano de C\u00e3es de Trabalho, a K9 Olympics, com seis representantes. Nossos c\u00e3es e condutores mostraram toda a sua for\u00e7a, t\u00e9cnica e dedica\u00e7\u00e3o, trazendo para casa medalhas e trof\u00e9us.<\/p>\n<p>Foi uma competi\u00e7\u00e3o de alto n\u00edvel, com equipes de v\u00e1rias institui\u00e7\u00f5es de seguran\u00e7a p\u00fablica e de adestradores renomados, e nossos bin\u00f4mios se destacaram em v\u00e1rias modalidades, em especial na detec\u00e7\u00e3o de drogas il\u00edcitas. Esse resultado \u00e9 fruto de muito treino, parceria e confian\u00e7a entre c\u00e3o e condutor.<\/p>\n<p><b>Confira as conquistas:<\/b><\/p><p><span style=\"font-family: var( --e-global-typography-primary-font-family ), Sans-serif; font-size: var( --e-global-typography-primary-font-size ); letter-spacing: var( --e-global-typography-primary-letter-spacing );\"><b>1\u00ba Lugar em Detec\u00e7\u00e3o de Entorpecentes &#8211; Busca em Ambiente Interno: Sandra Vaz @sandra.vaz.771<\/b><\/span><\/p>\n<p><b>1\u00ba Lugar em Detec\u00e7\u00e3o de Entorpecentes &#8211; Busca em Ambiente Externo: Andr\u00e9 @k9darth<\/b><\/p>\n<p><b>2\u00ba Lugar em Detec\u00e7\u00e3o de Entorpecentes &#8211; Busca em Ambiente Externo: Sandra @sandra.vaz.771<\/b><\/p>\n<p><b>3\u00ba Lugar em Detec\u00e7\u00e3o de Entorpecentes &#8211; Busca em Ambiente Externo: Fernando Neto @fnando.neto<\/b><\/p>\n<p><b>1\u00ba Lugar em Detec\u00e7\u00e3o de Entorpecentes &#8211; Busca em Bagagens: Bruno @bruno_f_morais<\/b><\/p>\n<p><b>1\u00ba Lugar em Detec\u00e7\u00e3o de Entorpecentes &#8211; Busca em Ve\u00edculos: Neilan @neilan_canabarro<\/b><\/p>\n<p>E, fechando essa categoria com honras e m\u00e9ritos:<\/p>\n<p><b>1\u00ba Lugar Geral em Detec\u00e7\u00e3o de Entorpecentes: Sandra @sandra.vaz.771<\/b><\/p>\n<p><b>2\u00ba Lugar Geral em Detec\u00e7\u00e3o de Entorpecentes: Fernando Neto @fnando.neto<\/b><\/p>\n<p>Parab\u00e9ns aos nossos her\u00f3is de quatro patas e seus condutores pelo excelente desempenho e por representarem t\u00e3o bem Santa Catarina!<\/p>\n<p><\/p>\t\t\t\t\t\t\t\t<\/div>\n\t\t\t\t<\/div>\n\t\t\t\t\t<\/div>\n\t\t<\/div>\n\t\t\t\t\t<\/div>\n\t\t<\/section>\n\t\t\t\t<\/div>\n\t\t","protected":false},"excerpt":{"rendered":"<p>Em 2024, Coordenadoria de Opera\u00e7\u00f5es com C\u00e3es da PCSC j\u00e1 participou de 374 opera\u00e7\u00f5es policiais no estado Um divisor de \u00e1guas na cinotecnia da Pol\u00edcia Civil de Santa Catarina. Assim o delegado-geral da PCSC, Ulisses Gabriel, qualificou o decreto editado pelo governador Jorginho Mello que disp\u00f5e sobre a Coordenadoria de Opera\u00e7\u00f5es Policiais com C\u00e3es (COPC), [&hellip;]<\/p>\n","protected":false},"author":5,"featured_media":24475,"comment_status":"closed","ping_status":"open","sticky":false,"template":"","format":"standard","meta":{"_monsterinsights_skip_tracking":false,"_monsterinsights_sitenote_active":false,"_monsterinsights_sitenote_note":"","_monsterinsights_sitenote_category":0,"footnotes":""},"categories":[1],"tags":[],"class_list":["post-24474","post","type-post","status-publish","format-standard","has-post-thumbnail","hentry","category-sem-categoria"],"_links":{"self":[{"href":"https:\/\/pc.sc.gov.br\/index.php?rest_route=\/wp\/v2\/posts\/24474","targetHints":{"allow":["GET"]}}],"collection":[{"href":"https:\/\/pc.sc.gov.br\/index.php?rest_route=\/wp\/v2\/posts"}],"about":[{"href":"https:\/\/pc.sc.gov.br\/index.php?rest_route=\/wp\/v2\/types\/post"}],"author":[{"embeddable":true,"href":"https:\/\/pc.sc.gov.br\/index.php?rest_route=\/wp\/v2\/users\/5"}],"replies":[{"embeddable":true,"href":"https:\/\/pc.sc.gov.br\/index.php?rest_route=%2Fwp%2Fv2%2Fcomments&post=24474"}],"version-history":[{"count":3,"href":"https:\/\/pc.sc.gov.br\/index.php?rest_route=\/wp\/v2\/posts\/24474\/revisions"}],"predecessor-version":[{"id":24480,"href":"https:\/\/pc.sc.gov.br\/index.php?rest_route=\/wp\/v2\/posts\/24474\/revisions\/24480"}],"wp:featuredmedia":[{"embeddable":true,"href":"https:\/\/pc.sc.gov.br\/index.php?rest_route=\/wp\/v2\/media\/24475"}],"wp:attachment":[{"href":"https:\/\/pc.sc.gov.br\/index.php?rest_route=%2Fwp%2Fv2%2Fmedia&parent=24474"}],"wp:term":[{"taxonomy":"category","embeddable":true,"href":"https:\/\/pc.sc.gov.br\/index.php?rest_route=%2Fwp%2Fv2%2Fcategories&post=24474"},{"taxonomy":"post_tag","embeddable":true,"href":"https:\/\/pc.sc.gov.br\/index.php?rest_route=%2Fwp%2Fv2%2Ftags&post=24474"}],"curies":[{"name":"wp","href":"https:\/\/api.w.org\/{rel}","templated":true}]}}