{"id":24481,"date":"2024-11-05T14:46:35","date_gmt":"2024-11-05T17:46:35","guid":{"rendered":"https:\/\/pc.sc.gov.br\/?p=24481"},"modified":"2024-11-05T14:47:19","modified_gmt":"2024-11-05T17:47:19","slug":"policia-civil-deflagra-operacao-em-investigacao-de-homicidio-ocorrido-em-biguacu-e-prende-tres-suspeitos-em-flagrante-durante-cumprimento-de-buscas-domiciliares","status":"publish","type":"post","link":"https:\/\/pc.sc.gov.br\/?p=24481","title":{"rendered":"Pol\u00edcia Civil deflagra opera\u00e7\u00e3o em investiga\u00e7\u00e3o de homic\u00eddio ocorrido em Bigua\u00e7u e prende tr\u00eas suspeitos em flagrante durante cumprimento de buscas domiciliares"},"content":{"rendered":"\t\t<div data-elementor-type=\"wp-post\" data-elementor-id=\"24481\" class=\"elementor elementor-24481\" data-elementor-post-type=\"post\">\n\t\t\t\t\t\t<section class=\"elementor-section elementor-top-section elementor-element elementor-element-3652956 elementor-section-boxed elementor-section-height-default elementor-section-height-default\" data-id=\"3652956\" data-element_type=\"section\">\n\t\t\t\t\t\t<div class=\"elementor-container elementor-column-gap-default\">\n\t\t\t\t\t<div class=\"elementor-column elementor-col-100 elementor-top-column elementor-element elementor-element-2454aca\" data-id=\"2454aca\" data-element_type=\"column\">\n\t\t\t<div class=\"elementor-widget-wrap elementor-element-populated\">\n\t\t\t\t\t\t<div class=\"elementor-element elementor-element-3e408da elementor-widget elementor-widget-heading\" data-id=\"3e408da\" data-element_type=\"widget\" data-widget_type=\"heading.default\">\n\t\t\t\t<div class=\"elementor-widget-container\">\n\t\t\t\t\t<h2 class=\"elementor-heading-title elementor-size-default\">Pol\u00edcia Civil deflagra opera\u00e7\u00e3o em investiga\u00e7\u00e3o de homic\u00eddio ocorrido em Bigua\u00e7u e prende tr\u00eas suspeitos em flagrante durante cumprimento de buscas domiciliares <\/h2>\t\t\t\t<\/div>\n\t\t\t\t<\/div>\n\t\t\t\t\t<\/div>\n\t\t<\/div>\n\t\t\t\t\t<\/div>\n\t\t<\/section>\n\t\t\t\t<section class=\"elementor-section elementor-top-section elementor-element elementor-element-54c5da5 elementor-section-boxed elementor-section-height-default elementor-section-height-default\" data-id=\"54c5da5\" data-element_type=\"section\">\n\t\t\t\t\t\t<div class=\"elementor-container elementor-column-gap-default\">\n\t\t\t\t\t<div class=\"elementor-column elementor-col-100 elementor-top-column elementor-element elementor-element-6e507cf\" data-id=\"6e507cf\" data-element_type=\"column\">\n\t\t\t<div class=\"elementor-widget-wrap elementor-element-populated\">\n\t\t\t\t\t\t<div class=\"elementor-element elementor-element-796b627 elementor-widget elementor-widget-image\" data-id=\"796b627\" data-element_type=\"widget\" data-widget_type=\"image.default\">\n\t\t\t\t<div class=\"elementor-widget-container\">\n\t\t\t\t\t\t\t\t\t\t\t\t\t\t\t<img fetchpriority=\"high\" decoding=\"async\" width=\"696\" height=\"928\" src=\"https:\/\/pc.sc.gov.br\/\/wp-content\/uploads\/2024\/11\/WhatsApp-Image-2024-11-05-at-13.10.37-768x1024.jpeg\" class=\"attachment-large size-large wp-image-24482\" alt=\"\" srcset=\"https:\/\/pc.sc.gov.br\/\/wp-content\/uploads\/2024\/11\/WhatsApp-Image-2024-11-05-at-13.10.37-768x1024.jpeg 768w, https:\/\/pc.sc.gov.br\/\/wp-content\/uploads\/2024\/11\/WhatsApp-Image-2024-11-05-at-13.10.37-225x300.jpeg 225w, https:\/\/pc.sc.gov.br\/\/wp-content\/uploads\/2024\/11\/WhatsApp-Image-2024-11-05-at-13.10.37.jpeg 960w\" sizes=\"(max-width: 696px) 100vw, 696px\" \/>\t\t\t\t\t\t\t\t\t\t\t\t\t\t\t<\/div>\n\t\t\t\t<\/div>\n\t\t\t\t\t<\/div>\n\t\t<\/div>\n\t\t\t\t\t<\/div>\n\t\t<\/section>\n\t\t\t\t<section class=\"elementor-section elementor-top-section elementor-element elementor-element-322c9a6 elementor-section-boxed elementor-section-height-default elementor-section-height-default\" data-id=\"322c9a6\" data-element_type=\"section\">\n\t\t\t\t\t\t<div class=\"elementor-container elementor-column-gap-default\">\n\t\t\t\t\t<div class=\"elementor-column elementor-col-100 elementor-top-column elementor-element elementor-element-9d3c478\" data-id=\"9d3c478\" data-element_type=\"column\">\n\t\t\t<div class=\"elementor-widget-wrap elementor-element-populated\">\n\t\t\t\t\t\t<div class=\"elementor-element elementor-element-1ae3856 elementor-widget elementor-widget-text-editor\" data-id=\"1ae3856\" data-element_type=\"widget\" data-widget_type=\"text-editor.default\">\n\t\t\t\t<div class=\"elementor-widget-container\">\n\t\t\t\t\t\t\t\t\t<p>Nesta\u00a0ter\u00e7a-feira (05\/11), a Pol\u00edcia Civil de Santa Catarina, por meio da Delegacia de Pol\u00edcia da Comarca de Bigua\u00e7u, deflagrou opera\u00e7\u00e3o para investiga\u00e7\u00e3o de um crime de homic\u00eddio, ocorrido em Bigua\u00e7u, no dia 13 de outubro deste ano. Foram cumpridos tr\u00eas mandados de busca e apreens\u00e3o.\u00a0A opera\u00e7\u00e3o contou com apoio de policiais civis da DRP de S\u00e3o Jos\u00e9 e\u00a0de um c\u00e3o do\u00a0COPC.\u00a0<\/p><p>Durantes as buscas,\u00a0em uma resid\u00eancia,\u00a0um dos suspeitos foi encontrado na posse de uma arma de fogo de uso restrito, com numera\u00e7\u00e3o suprimida e mais\u00a054 muni\u00e7\u00f5es. Em outra resid\u00eancia, dois suspeitos foram encontrados na posse de 12 torr\u00f5es de droga semelhante \u00e0 maconha, j\u00e1 devidamente embalados para venda, e uma balan\u00e7a.<\/p><p>Os suspeitos foram conduzidos \u00e0 Delegacia da Comarca de Bigua\u00e7u, onde foram autuados em flagrante delito pelo crime de posse ilegal de arma de fogo\u00a0de uso restrito e numera\u00e7\u00e3o suprimida e pelo crime de tr\u00e1fico de drogas e associa\u00e7\u00e3o para o tr\u00e1fico de droga.<\/p>\t\t\t\t\t\t\t\t<\/div>\n\t\t\t\t<\/div>\n\t\t\t\t\t<\/div>\n\t\t<\/div>\n\t\t\t\t\t<\/div>\n\t\t<\/section>\n\t\t\t\t<\/div>\n\t\t","protected":false},"excerpt":{"rendered":"<p>Pol\u00edcia Civil deflagra opera\u00e7\u00e3o em investiga\u00e7\u00e3o de homic\u00eddio ocorrido em Bigua\u00e7u e prende tr\u00eas suspeitos em flagrante durante cumprimento de buscas domiciliares Nesta\u00a0ter\u00e7a-feira (05\/11), a Pol\u00edcia Civil de Santa Catarina, por meio da Delegacia de Pol\u00edcia da Comarca de Bigua\u00e7u, deflagrou opera\u00e7\u00e3o para investiga\u00e7\u00e3o de um crime de homic\u00eddio, ocorrido em Bigua\u00e7u, no dia 13 [&hellip;]<\/p>\n","protected":false},"author":5,"featured_media":24482,"comment_status":"closed","ping_status":"open","sticky":false,"template":"","format":"standard","meta":{"_monsterinsights_skip_tracking":false,"_monsterinsights_sitenote_active":false,"_monsterinsights_sitenote_note":"","_monsterinsights_sitenote_category":0,"footnotes":""},"categories":[1],"tags":[],"class_list":["post-24481","post","type-post","status-publish","format-standard","has-post-thumbnail","hentry","category-sem-categoria"],"_links":{"self":[{"href":"https:\/\/pc.sc.gov.br\/index.php?rest_route=\/wp\/v2\/posts\/24481","targetHints":{"allow":["GET"]}}],"collection":[{"href":"https:\/\/pc.sc.gov.br\/index.php?rest_route=\/wp\/v2\/posts"}],"about":[{"href":"https:\/\/pc.sc.gov.br\/index.php?rest_route=\/wp\/v2\/types\/post"}],"author":[{"embeddable":true,"href":"https:\/\/pc.sc.gov.br\/index.php?rest_route=\/wp\/v2\/users\/5"}],"replies":[{"embeddable":true,"href":"https:\/\/pc.sc.gov.br\/index.php?rest_route=%2Fwp%2Fv2%2Fcomments&post=24481"}],"version-history":[{"count":4,"href":"https:\/\/pc.sc.gov.br\/index.php?rest_route=\/wp\/v2\/posts\/24481\/revisions"}],"predecessor-version":[{"id":24486,"href":"https:\/\/pc.sc.gov.br\/index.php?rest_route=\/wp\/v2\/posts\/24481\/revisions\/24486"}],"wp:featuredmedia":[{"embeddable":true,"href":"https:\/\/pc.sc.gov.br\/index.php?rest_route=\/wp\/v2\/media\/24482"}],"wp:attachment":[{"href":"https:\/\/pc.sc.gov.br\/index.php?rest_route=%2Fwp%2Fv2%2Fmedia&parent=24481"}],"wp:term":[{"taxonomy":"category","embeddable":true,"href":"https:\/\/pc.sc.gov.br\/index.php?rest_route=%2Fwp%2Fv2%2Fcategories&post=24481"},{"taxonomy":"post_tag","embeddable":true,"href":"https:\/\/pc.sc.gov.br\/index.php?rest_route=%2Fwp%2Fv2%2Ftags&post=24481"}],"curies":[{"name":"wp","href":"https:\/\/api.w.org\/{rel}","templated":true}]}}