{"id":24487,"date":"2024-11-05T15:16:01","date_gmt":"2024-11-05T18:16:01","guid":{"rendered":"https:\/\/pc.sc.gov.br\/?p=24487"},"modified":"2024-11-05T15:17:09","modified_gmt":"2024-11-05T18:17:09","slug":"investigacao-da-dic-de-sao-jose-resulta-na-condenacao-de-trio-de-agiotas-que-atuava-na-grande-florianopolis","status":"publish","type":"post","link":"https:\/\/pc.sc.gov.br\/?p=24487","title":{"rendered":"Investiga\u00e7\u00e3o da DIC de S\u00e3o Jos\u00e9 resulta na condena\u00e7\u00e3o de trio de agiotas que atuava na Grande Florian\u00f3polis"},"content":{"rendered":"\t\t<div data-elementor-type=\"wp-post\" data-elementor-id=\"24487\" class=\"elementor elementor-24487\" data-elementor-post-type=\"post\">\n\t\t\t\t\t\t<section class=\"elementor-section elementor-top-section elementor-element elementor-element-8a69e54 elementor-section-boxed elementor-section-height-default elementor-section-height-default\" data-id=\"8a69e54\" data-element_type=\"section\">\n\t\t\t\t\t\t<div class=\"elementor-container elementor-column-gap-default\">\n\t\t\t\t\t<div class=\"elementor-column elementor-col-100 elementor-top-column elementor-element elementor-element-b560838\" data-id=\"b560838\" data-element_type=\"column\">\n\t\t\t<div class=\"elementor-widget-wrap elementor-element-populated\">\n\t\t\t\t\t\t<div class=\"elementor-element elementor-element-c478f9d elementor-widget elementor-widget-heading\" data-id=\"c478f9d\" data-element_type=\"widget\" data-widget_type=\"heading.default\">\n\t\t\t\t<div class=\"elementor-widget-container\">\n\t\t\t\t\t<h2 class=\"elementor-heading-title elementor-size-default\">Investiga\u00e7\u00e3o da DIC de S\u00e3o Jos\u00e9 resulta na condena\u00e7\u00e3o de trio de agiotas que atuava na Grande Florian\u00f3polis<\/h2>\t\t\t\t<\/div>\n\t\t\t\t<\/div>\n\t\t\t\t\t<\/div>\n\t\t<\/div>\n\t\t\t\t\t<\/div>\n\t\t<\/section>\n\t\t\t\t<section class=\"elementor-section elementor-top-section elementor-element elementor-element-2ae0b83 elementor-section-boxed elementor-section-height-default elementor-section-height-default\" data-id=\"2ae0b83\" data-element_type=\"section\">\n\t\t\t\t\t\t<div class=\"elementor-container elementor-column-gap-default\">\n\t\t\t\t\t<div class=\"elementor-column elementor-col-100 elementor-top-column elementor-element elementor-element-9a663e8\" data-id=\"9a663e8\" data-element_type=\"column\">\n\t\t\t<div class=\"elementor-widget-wrap elementor-element-populated\">\n\t\t\t\t\t\t<div class=\"elementor-element elementor-element-e9b0e4d elementor-widget elementor-widget-image\" data-id=\"e9b0e4d\" data-element_type=\"widget\" data-widget_type=\"image.default\">\n\t\t\t\t<div class=\"elementor-widget-container\">\n\t\t\t\t\t\t\t\t\t\t\t\t\t\t\t<img fetchpriority=\"high\" decoding=\"async\" width=\"696\" height=\"696\" src=\"https:\/\/pc.sc.gov.br\/\/wp-content\/uploads\/2024\/11\/WhatsApp-Image-2024-10-08-at-12.34.50-1024x1024.jpeg\" class=\"attachment-large size-large wp-image-24488\" alt=\"\" srcset=\"https:\/\/pc.sc.gov.br\/\/wp-content\/uploads\/2024\/11\/WhatsApp-Image-2024-10-08-at-12.34.50-1024x1024.jpeg 1024w, https:\/\/pc.sc.gov.br\/\/wp-content\/uploads\/2024\/11\/WhatsApp-Image-2024-10-08-at-12.34.50-300x300.jpeg 300w, https:\/\/pc.sc.gov.br\/\/wp-content\/uploads\/2024\/11\/WhatsApp-Image-2024-10-08-at-12.34.50-150x150.jpeg 150w, https:\/\/pc.sc.gov.br\/\/wp-content\/uploads\/2024\/11\/WhatsApp-Image-2024-10-08-at-12.34.50-768x768.jpeg 768w, https:\/\/pc.sc.gov.br\/\/wp-content\/uploads\/2024\/11\/WhatsApp-Image-2024-10-08-at-12.34.50.jpeg 1080w\" sizes=\"(max-width: 696px) 100vw, 696px\" \/>\t\t\t\t\t\t\t\t\t\t\t\t\t\t\t<\/div>\n\t\t\t\t<\/div>\n\t\t\t\t\t<\/div>\n\t\t<\/div>\n\t\t\t\t\t<\/div>\n\t\t<\/section>\n\t\t\t\t<section class=\"elementor-section elementor-top-section elementor-element elementor-element-28daa94 elementor-section-boxed elementor-section-height-default elementor-section-height-default\" data-id=\"28daa94\" data-element_type=\"section\">\n\t\t\t\t\t\t<div class=\"elementor-container elementor-column-gap-default\">\n\t\t\t\t\t<div class=\"elementor-column elementor-col-100 elementor-top-column elementor-element elementor-element-827a217\" data-id=\"827a217\" data-element_type=\"column\">\n\t\t\t<div class=\"elementor-widget-wrap elementor-element-populated\">\n\t\t\t\t\t\t<div class=\"elementor-element elementor-element-b4ad6fd elementor-widget elementor-widget-text-editor\" data-id=\"b4ad6fd\" data-element_type=\"widget\" data-widget_type=\"text-editor.default\">\n\t\t\t\t<div class=\"elementor-widget-container\">\n\t\t\t\t\t\t\t\t\t<p>Tr\u00eas agiotas acusados pelo Minist\u00e9rio P\u00fablico de Santa Catarina (MPSC) por usura, extors\u00e3o e associa\u00e7\u00e3o criminosa foram condenados na Comarca de S\u00e3o Jos\u00e9. Al\u00e9m de penas individuais totais que variam de 10 a 12 anos de pris\u00e3o, eles dever\u00e3o fazer o pagamento global de R$ 300 mil como indeniza\u00e7\u00e3o a seis v\u00edtimas. A investiga\u00e7\u00e3o sobre os fatos foi conduzida pela Pol\u00edcia Civil de Santa Catarina, por meio da Divis\u00e3o de Investiga\u00e7\u00e3o Criminal (DIC) de S\u00e3o Jos\u00e9, sob responsabilidade da delegada Carolina Quintana Guedes e agentes de pol\u00edcia e escriv\u00e3es da DIC de S\u00e3o Jos\u00e9.&nbsp;<\/p>\n<p>A a\u00e7\u00e3o penal ajuizada pela 2\u00aa Promotoria de Justi\u00e7a da Comarca de S\u00e3o Jos\u00e9 demonstrou que os agiotas cobravam juros extorsivos e usavam viol\u00eancia e grave amea\u00e7a na cobran\u00e7a, aproveitando-se da fragilidade das v\u00edtimas no per\u00edodo p\u00f3s-pandemia e impondo juros aleat\u00f3rios alt\u00edssimos. Os r\u00e9us, valendo-se de pessoas hipossuficientes, a maioria em situa\u00e7\u00e3o de vulnerabilidade social, emprestavam quantias baixas, com a cobran\u00e7a de juros de mais de 100% ao ano. Caso a v\u00edtima atrasasse o pagamento da parcela, os r\u00e9us faziam a cobran\u00e7a com intimida\u00e7\u00f5es di\u00e1rias pelo aplicativo WhatsApp ou comparecendo na resid\u00eancia dela, sempre no per\u00edodo noturno, ou at\u00e9 mesmo no local de trabalho.&nbsp;<\/p>\n<p>Conforme a a\u00e7\u00e3o penal, dois homens, dentro da associa\u00e7\u00e3o criminosa, eram os encarregados do empr\u00e9stimo do dinheiro e das negocia\u00e7\u00f5es, com a posterior cobran\u00e7a das v\u00edtimas. Um terceiro criminoso, por outro lado, atuava na contabilidade, atualizando diariamente os d\u00e9bitos das v\u00edtimas e advertindo os demais integrantes quanto \u00e0 necessidade de promoverem as intimida\u00e7\u00f5es, com o fim de receberem a indevida vantagem econ\u00f4mica.&nbsp;<\/p>\n<p>Consta na a\u00e7\u00e3o que, a partir do momento em que as v\u00edtimas atrasavam o adimplemento das presta\u00e7\u00f5es, eram cobrados juros de, no m\u00ednimo, 30% ao dia sobre o d\u00e9bito, tudo acrescido de multa de, ao menos, 50% sobre o saldo devedor.&nbsp;<\/p>\n<p>Um dos homens foi condenado a 11 anos e quatro dias de reclus\u00e3o, em regime inicial fechado, mais um ano e sete dias de deten\u00e7\u00e3o, em regime inicial semiaberto. O outro recebeu penas de nove anos, cinco meses e 16 dias de reclus\u00e3o, em regime inicial fechado, mais nove meses de deten\u00e7\u00e3o, em regime inicial semiaberto.<\/p>\n<p>O terceiro foi condenado a nove anos, cinco meses e 16 dias de reclus\u00e3o, em regime inicial fechado, mais 10 meses e 15 dias de deten\u00e7\u00e3o, em regime inicial semiaberto. Presos preventivamente no curso do processo, os r\u00e9us tiveram negado o direito de recorrer em liberdade, tendo em vista a gravidade da conduta, a periculosidade dos acusados e o profissionalismo no modus operandi empregado, para a garantia da ordem p\u00fablica e para a aplica\u00e7\u00e3o da lei penal.<\/p>\n<div><i>* Com informa\u00e7\u00f5es da Assessoria de comunica\u00e7\u00e3o do MPSC<\/i><\/div>\t\t\t\t\t\t\t\t<\/div>\n\t\t\t\t<\/div>\n\t\t\t\t\t<\/div>\n\t\t<\/div>\n\t\t\t\t\t<\/div>\n\t\t<\/section>\n\t\t\t\t<\/div>\n\t\t","protected":false},"excerpt":{"rendered":"<p>Investiga\u00e7\u00e3o da DIC de S\u00e3o Jos\u00e9 resulta na condena\u00e7\u00e3o de trio de agiotas que atuava na Grande Florian\u00f3polis Tr\u00eas agiotas acusados pelo Minist\u00e9rio P\u00fablico de Santa Catarina (MPSC) por usura, extors\u00e3o e associa\u00e7\u00e3o criminosa foram condenados na Comarca de S\u00e3o Jos\u00e9. Al\u00e9m de penas individuais totais que variam de 10 a 12 anos de pris\u00e3o, [&hellip;]<\/p>\n","protected":false},"author":5,"featured_media":24488,"comment_status":"closed","ping_status":"open","sticky":false,"template":"","format":"standard","meta":{"_monsterinsights_skip_tracking":false,"_monsterinsights_sitenote_active":false,"_monsterinsights_sitenote_note":"","_monsterinsights_sitenote_category":0,"footnotes":""},"categories":[1],"tags":[],"class_list":["post-24487","post","type-post","status-publish","format-standard","has-post-thumbnail","hentry","category-sem-categoria"],"_links":{"self":[{"href":"https:\/\/pc.sc.gov.br\/index.php?rest_route=\/wp\/v2\/posts\/24487","targetHints":{"allow":["GET"]}}],"collection":[{"href":"https:\/\/pc.sc.gov.br\/index.php?rest_route=\/wp\/v2\/posts"}],"about":[{"href":"https:\/\/pc.sc.gov.br\/index.php?rest_route=\/wp\/v2\/types\/post"}],"author":[{"embeddable":true,"href":"https:\/\/pc.sc.gov.br\/index.php?rest_route=\/wp\/v2\/users\/5"}],"replies":[{"embeddable":true,"href":"https:\/\/pc.sc.gov.br\/index.php?rest_route=%2Fwp%2Fv2%2Fcomments&post=24487"}],"version-history":[{"count":4,"href":"https:\/\/pc.sc.gov.br\/index.php?rest_route=\/wp\/v2\/posts\/24487\/revisions"}],"predecessor-version":[{"id":24492,"href":"https:\/\/pc.sc.gov.br\/index.php?rest_route=\/wp\/v2\/posts\/24487\/revisions\/24492"}],"wp:featuredmedia":[{"embeddable":true,"href":"https:\/\/pc.sc.gov.br\/index.php?rest_route=\/wp\/v2\/media\/24488"}],"wp:attachment":[{"href":"https:\/\/pc.sc.gov.br\/index.php?rest_route=%2Fwp%2Fv2%2Fmedia&parent=24487"}],"wp:term":[{"taxonomy":"category","embeddable":true,"href":"https:\/\/pc.sc.gov.br\/index.php?rest_route=%2Fwp%2Fv2%2Fcategories&post=24487"},{"taxonomy":"post_tag","embeddable":true,"href":"https:\/\/pc.sc.gov.br\/index.php?rest_route=%2Fwp%2Fv2%2Ftags&post=24487"}],"curies":[{"name":"wp","href":"https:\/\/api.w.org\/{rel}","templated":true}]}}