{"id":24493,"date":"2024-11-05T16:27:33","date_gmt":"2024-11-05T19:27:33","guid":{"rendered":"https:\/\/pc.sc.gov.br\/?p=24493"},"modified":"2024-11-05T16:28:35","modified_gmt":"2024-11-05T19:28:35","slug":"policia-civil-deflagra-operacao-interestadual-invasao-fantasma-contra-furtos-praticados-mediante-fraude","status":"publish","type":"post","link":"https:\/\/pc.sc.gov.br\/?p=24493","title":{"rendered":"Pol\u00edcia Civil deflagra opera\u00e7\u00e3o interestadual \u201cInvas\u00e3o Fantasma\u201d contra furtos praticados mediante fraude"},"content":{"rendered":"\t\t<div data-elementor-type=\"wp-post\" data-elementor-id=\"24493\" class=\"elementor elementor-24493\" data-elementor-post-type=\"post\">\n\t\t\t\t\t\t<section class=\"elementor-section elementor-top-section elementor-element elementor-element-72342d3 elementor-section-boxed elementor-section-height-default elementor-section-height-default\" data-id=\"72342d3\" data-element_type=\"section\">\n\t\t\t\t\t\t<div class=\"elementor-container elementor-column-gap-default\">\n\t\t\t\t\t<div class=\"elementor-column elementor-col-100 elementor-top-column elementor-element elementor-element-0bac932\" data-id=\"0bac932\" data-element_type=\"column\">\n\t\t\t<div class=\"elementor-widget-wrap elementor-element-populated\">\n\t\t\t\t\t\t<div class=\"elementor-element elementor-element-dee42bb elementor-widget elementor-widget-heading\" data-id=\"dee42bb\" data-element_type=\"widget\" data-widget_type=\"heading.default\">\n\t\t\t\t<div class=\"elementor-widget-container\">\n\t\t\t\t\t<h2 class=\"elementor-heading-title elementor-size-default\">Pol\u00edcia Civil deflagra opera\u00e7\u00e3o interestadual \u201cInvas\u00e3o Fantasma\u201d contra furtos praticados mediante fraude<\/h2>\t\t\t\t<\/div>\n\t\t\t\t<\/div>\n\t\t\t\t\t<\/div>\n\t\t<\/div>\n\t\t\t\t\t<\/div>\n\t\t<\/section>\n\t\t\t\t<section class=\"elementor-section elementor-top-section elementor-element elementor-element-4e344ca elementor-section-boxed elementor-section-height-default elementor-section-height-default\" data-id=\"4e344ca\" data-element_type=\"section\">\n\t\t\t\t\t\t<div class=\"elementor-container elementor-column-gap-default\">\n\t\t\t\t\t<div class=\"elementor-column elementor-col-100 elementor-top-column elementor-element elementor-element-1d18252\" data-id=\"1d18252\" data-element_type=\"column\">\n\t\t\t<div class=\"elementor-widget-wrap elementor-element-populated\">\n\t\t\t\t\t\t<div class=\"elementor-element elementor-element-78bb8ba elementor-widget elementor-widget-image\" data-id=\"78bb8ba\" data-element_type=\"widget\" data-widget_type=\"image.default\">\n\t\t\t\t<div class=\"elementor-widget-container\">\n\t\t\t\t\t\t\t\t\t\t\t\t\t\t\t<img fetchpriority=\"high\" decoding=\"async\" width=\"696\" height=\"928\" src=\"https:\/\/pc.sc.gov.br\/\/wp-content\/uploads\/2024\/11\/WhatsApp-Image-2024-11-05-at-15.15.06-1-768x1024.jpeg\" class=\"attachment-large size-large wp-image-24494\" alt=\"\" srcset=\"https:\/\/pc.sc.gov.br\/\/wp-content\/uploads\/2024\/11\/WhatsApp-Image-2024-11-05-at-15.15.06-1-768x1024.jpeg 768w, https:\/\/pc.sc.gov.br\/\/wp-content\/uploads\/2024\/11\/WhatsApp-Image-2024-11-05-at-15.15.06-1-225x300.jpeg 225w, https:\/\/pc.sc.gov.br\/\/wp-content\/uploads\/2024\/11\/WhatsApp-Image-2024-11-05-at-15.15.06-1-1152x1536.jpeg 1152w, https:\/\/pc.sc.gov.br\/\/wp-content\/uploads\/2024\/11\/WhatsApp-Image-2024-11-05-at-15.15.06-1.jpeg 1200w\" sizes=\"(max-width: 696px) 100vw, 696px\" \/>\t\t\t\t\t\t\t\t\t\t\t\t\t\t\t<\/div>\n\t\t\t\t<\/div>\n\t\t\t\t\t<\/div>\n\t\t<\/div>\n\t\t\t\t\t<\/div>\n\t\t<\/section>\n\t\t\t\t<section class=\"elementor-section elementor-top-section elementor-element elementor-element-33b749d elementor-section-boxed elementor-section-height-default elementor-section-height-default\" data-id=\"33b749d\" data-element_type=\"section\">\n\t\t\t\t\t\t<div class=\"elementor-container elementor-column-gap-default\">\n\t\t\t\t\t<div class=\"elementor-column elementor-col-100 elementor-top-column elementor-element elementor-element-cf57db3\" data-id=\"cf57db3\" data-element_type=\"column\">\n\t\t\t<div class=\"elementor-widget-wrap elementor-element-populated\">\n\t\t\t\t\t\t<div class=\"elementor-element elementor-element-8b0b0aa elementor-widget elementor-widget-text-editor\" data-id=\"8b0b0aa\" data-element_type=\"widget\" data-widget_type=\"text-editor.default\">\n\t\t\t\t<div class=\"elementor-widget-container\">\n\t\t\t\t\t\t\t\t\t<p>Nesta ter\u00e7a-feira (05\/11), a Pol\u00edcia Civil de Santa Catarina, por meio da Delegacia de Repress\u00e3o aos Crimes de Inform\u00e1tica da Diretoria Estadual de Investiga\u00e7\u00f5es Criminais, deflagrou a opera\u00e7\u00e3o \u201cInvas\u00e3o Fantasma\u201d para cumprimento de 15 mandados de busca e apreens\u00e3o nos estados de Santa Catarina, S\u00e3o Paulo e Goi\u00e1s, relacionados \u00e0 investiga\u00e7\u00e3o de furtos mediante fraude, praticados em desfavor de correntistas de institui\u00e7\u00e3o financeira.<\/p><p>Os investigados, por formas diversas de obten\u00e7\u00e3o de informa\u00e7\u00f5es, criaram links maliciosos e obtiveram \u00eaxito em acessar as contas das v\u00edtimas subtraindo valores que foram pulverizados em diversas outras contas banc\u00e1rias.<\/p><p>Os mandados foram cumpridos nas cidades de Balne\u00e1rio Cambori\u00fa, Joinville, S\u00e3o Paulo, Goi\u00e2nia, Goianira e Luzi\u00e2nia, onde foram apreendidos telefones celulares, notebooks e HD\u2019s que ser\u00e3o encaminhados \u00e0 per\u00edcia.<\/p><p>A opera\u00e7\u00e3o teve apoio das Delegacias da DEIC, CORE e das Pol\u00edcias Civis de SP e GO.<\/p>\t\t\t\t\t\t\t\t<\/div>\n\t\t\t\t<\/div>\n\t\t\t\t\t<\/div>\n\t\t<\/div>\n\t\t\t\t\t<\/div>\n\t\t<\/section>\n\t\t\t\t<\/div>\n\t\t","protected":false},"excerpt":{"rendered":"<p>Pol\u00edcia Civil deflagra opera\u00e7\u00e3o interestadual \u201cInvas\u00e3o Fantasma\u201d contra furtos praticados mediante fraude Nesta ter\u00e7a-feira (05\/11), a Pol\u00edcia Civil de Santa Catarina, por meio da Delegacia de Repress\u00e3o aos Crimes de Inform\u00e1tica da Diretoria Estadual de Investiga\u00e7\u00f5es Criminais, deflagrou a opera\u00e7\u00e3o \u201cInvas\u00e3o Fantasma\u201d para cumprimento de 15 mandados de busca e apreens\u00e3o nos estados de Santa [&hellip;]<\/p>\n","protected":false},"author":5,"featured_media":24494,"comment_status":"closed","ping_status":"open","sticky":false,"template":"","format":"standard","meta":{"_monsterinsights_skip_tracking":false,"_monsterinsights_sitenote_active":false,"_monsterinsights_sitenote_note":"","_monsterinsights_sitenote_category":0,"footnotes":""},"categories":[1],"tags":[],"class_list":["post-24493","post","type-post","status-publish","format-standard","has-post-thumbnail","hentry","category-sem-categoria"],"_links":{"self":[{"href":"https:\/\/pc.sc.gov.br\/index.php?rest_route=\/wp\/v2\/posts\/24493","targetHints":{"allow":["GET"]}}],"collection":[{"href":"https:\/\/pc.sc.gov.br\/index.php?rest_route=\/wp\/v2\/posts"}],"about":[{"href":"https:\/\/pc.sc.gov.br\/index.php?rest_route=\/wp\/v2\/types\/post"}],"author":[{"embeddable":true,"href":"https:\/\/pc.sc.gov.br\/index.php?rest_route=\/wp\/v2\/users\/5"}],"replies":[{"embeddable":true,"href":"https:\/\/pc.sc.gov.br\/index.php?rest_route=%2Fwp%2Fv2%2Fcomments&post=24493"}],"version-history":[{"count":4,"href":"https:\/\/pc.sc.gov.br\/index.php?rest_route=\/wp\/v2\/posts\/24493\/revisions"}],"predecessor-version":[{"id":24498,"href":"https:\/\/pc.sc.gov.br\/index.php?rest_route=\/wp\/v2\/posts\/24493\/revisions\/24498"}],"wp:featuredmedia":[{"embeddable":true,"href":"https:\/\/pc.sc.gov.br\/index.php?rest_route=\/wp\/v2\/media\/24494"}],"wp:attachment":[{"href":"https:\/\/pc.sc.gov.br\/index.php?rest_route=%2Fwp%2Fv2%2Fmedia&parent=24493"}],"wp:term":[{"taxonomy":"category","embeddable":true,"href":"https:\/\/pc.sc.gov.br\/index.php?rest_route=%2Fwp%2Fv2%2Fcategories&post=24493"},{"taxonomy":"post_tag","embeddable":true,"href":"https:\/\/pc.sc.gov.br\/index.php?rest_route=%2Fwp%2Fv2%2Ftags&post=24493"}],"curies":[{"name":"wp","href":"https:\/\/api.w.org\/{rel}","templated":true}]}}