{"id":24499,"date":"2024-11-05T17:05:09","date_gmt":"2024-11-05T20:05:09","guid":{"rendered":"https:\/\/pc.sc.gov.br\/?p=24499"},"modified":"2024-11-05T17:09:15","modified_gmt":"2024-11-05T20:09:15","slug":"dfrv-deic-deflagra-operacao-para-desmantelar-esquema-de-furto-e-adulteracao-de-caminhoes","status":"publish","type":"post","link":"https:\/\/pc.sc.gov.br\/?p=24499","title":{"rendered":"DFRV\/DEIC deflagra opera\u00e7\u00e3o para desmantelar esquema de furto e adultera\u00e7\u00e3o de caminh\u00f5es"},"content":{"rendered":"\t\t<div data-elementor-type=\"wp-post\" data-elementor-id=\"24499\" class=\"elementor elementor-24499\" data-elementor-post-type=\"post\">\n\t\t\t\t\t\t<section class=\"elementor-section elementor-top-section elementor-element elementor-element-d37fb36 elementor-section-boxed elementor-section-height-default elementor-section-height-default\" data-id=\"d37fb36\" data-element_type=\"section\">\n\t\t\t\t\t\t<div class=\"elementor-container elementor-column-gap-default\">\n\t\t\t\t\t<div class=\"elementor-column elementor-col-100 elementor-top-column elementor-element elementor-element-660f715\" data-id=\"660f715\" data-element_type=\"column\">\n\t\t\t<div class=\"elementor-widget-wrap elementor-element-populated\">\n\t\t\t\t\t\t<div class=\"elementor-element elementor-element-35117bf elementor-widget elementor-widget-heading\" data-id=\"35117bf\" data-element_type=\"widget\" data-widget_type=\"heading.default\">\n\t\t\t\t<div class=\"elementor-widget-container\">\n\t\t\t\t\t<h2 class=\"elementor-heading-title elementor-size-default\">DFRV\/DEIC deflagra opera\u00e7\u00e3o para desmantelar esquema de furto e adultera\u00e7\u00e3o de caminh\u00f5es<\/h2>\t\t\t\t<\/div>\n\t\t\t\t<\/div>\n\t\t\t\t\t<\/div>\n\t\t<\/div>\n\t\t\t\t\t<\/div>\n\t\t<\/section>\n\t\t\t\t<section class=\"elementor-section elementor-top-section elementor-element elementor-element-808bce9 elementor-section-boxed elementor-section-height-default elementor-section-height-default\" data-id=\"808bce9\" data-element_type=\"section\">\n\t\t\t\t\t\t<div class=\"elementor-container elementor-column-gap-default\">\n\t\t\t\t\t<div class=\"elementor-column elementor-col-100 elementor-top-column elementor-element elementor-element-e0ef353\" data-id=\"e0ef353\" data-element_type=\"column\">\n\t\t\t<div class=\"elementor-widget-wrap elementor-element-populated\">\n\t\t\t\t\t\t<div class=\"elementor-element elementor-element-668034b elementor-widget elementor-widget-image\" data-id=\"668034b\" data-element_type=\"widget\" data-widget_type=\"image.default\">\n\t\t\t\t<div class=\"elementor-widget-container\">\n\t\t\t\t\t\t\t\t\t\t\t\t\t\t\t<img fetchpriority=\"high\" decoding=\"async\" width=\"696\" height=\"870\" src=\"https:\/\/pc.sc.gov.br\/\/wp-content\/uploads\/2024\/11\/WhatsApp-Image-2024-11-05-at-16.29.32-819x1024.jpeg\" class=\"attachment-large size-large wp-image-24501\" alt=\"\" srcset=\"https:\/\/pc.sc.gov.br\/\/wp-content\/uploads\/2024\/11\/WhatsApp-Image-2024-11-05-at-16.29.32-819x1024.jpeg 819w, https:\/\/pc.sc.gov.br\/\/wp-content\/uploads\/2024\/11\/WhatsApp-Image-2024-11-05-at-16.29.32-240x300.jpeg 240w, https:\/\/pc.sc.gov.br\/\/wp-content\/uploads\/2024\/11\/WhatsApp-Image-2024-11-05-at-16.29.32-768x960.jpeg 768w, https:\/\/pc.sc.gov.br\/\/wp-content\/uploads\/2024\/11\/WhatsApp-Image-2024-11-05-at-16.29.32-1229x1536.jpeg 1229w, https:\/\/pc.sc.gov.br\/\/wp-content\/uploads\/2024\/11\/WhatsApp-Image-2024-11-05-at-16.29.32.jpeg 1280w\" sizes=\"(max-width: 696px) 100vw, 696px\" \/>\t\t\t\t\t\t\t\t\t\t\t\t\t\t\t<\/div>\n\t\t\t\t<\/div>\n\t\t\t\t\t<\/div>\n\t\t<\/div>\n\t\t\t\t\t<\/div>\n\t\t<\/section>\n\t\t\t\t<section class=\"elementor-section elementor-top-section elementor-element elementor-element-0bf121a elementor-section-boxed elementor-section-height-default elementor-section-height-default\" data-id=\"0bf121a\" data-element_type=\"section\">\n\t\t\t\t\t\t<div class=\"elementor-container elementor-column-gap-default\">\n\t\t\t\t\t<div class=\"elementor-column elementor-col-100 elementor-top-column elementor-element elementor-element-6c3f059\" data-id=\"6c3f059\" data-element_type=\"column\">\n\t\t\t<div class=\"elementor-widget-wrap elementor-element-populated\">\n\t\t\t\t\t\t<div class=\"elementor-element elementor-element-758b2d7 elementor-widget elementor-widget-text-editor\" data-id=\"758b2d7\" data-element_type=\"widget\" data-widget_type=\"text-editor.default\">\n\t\t\t\t<div class=\"elementor-widget-container\">\n\t\t\t\t\t\t\t\t\t<p>A Pol\u00edcia Civil de Santa Catarina, por interm\u00e9dio da Delegacia de Furtos e Roubos de Ve\u00edculos (DFRV\/DEIC) em opera\u00e7\u00e3o realizada com a Pol\u00edcia Rodovi\u00e1ria Federal, a Divis\u00e3o de Investiga\u00e7\u00f5es Criminais de Videira, Delegacia de Pol\u00edcia Civil de Colombo (PR), Delegacia de Pol\u00edcia Civil de Foz do Igua\u00e7u (PR) e Centro Integrado de Opera\u00e7\u00f5es de Fronteira (CIOF), deflagrou opera\u00e7\u00e3o nesta ter\u00e7a-feira (05) para desmantelar quadrilha respons\u00e1vel pelo furto, adultera\u00e7\u00e3o e desmanches de caminh\u00f5es. A opera\u00e7\u00e3o foi coordenada pelo delegado Diego Azevedo.<\/p>\n<p>Ap\u00f3s os furtos, que se davam na regi\u00e3o de Itaja\u00ed, os caminh\u00f5es eram levados para a regi\u00e3o metropolitana de Curitiba em raz\u00e3o das rotas e, posteriormente, para uma oficina\/recuperadora em Videira, onde eram desmanchados ou tinham os sinais identificadores totalmente substitu\u00eddos pelos de caminh\u00f5es id\u00eanticos sinistrados.<\/p>\n<p>Durante a investiga\u00e7\u00e3o foram recuperados dois caminh\u00f5es, sendo um em Videira e outro em Piraquara (PR) e partes de outros caminh\u00f5es no interior da oficina\/recuperadora. Tamb\u00e9m foram cumpridos mandados de busca nas cidades de Foz do Igua\u00e7u (PR), Colombo (PR), Araquari e Videira tendo como alvos os respons\u00e1veis pelos furtos, adultera\u00e7\u00e3o e desmanche dos caminh\u00f5es, restando apreendidos um jogo de placas de ve\u00edculo licenciado em Itaja\u00ed, uma moto adulterada e outros objetos que refor\u00e7ar\u00e3o o conjunto de provas que j\u00e1 existem nos autos.<\/p>\t\t\t\t\t\t\t\t<\/div>\n\t\t\t\t<\/div>\n\t\t\t\t\t<\/div>\n\t\t<\/div>\n\t\t\t\t\t<\/div>\n\t\t<\/section>\n\t\t\t\t<\/div>\n\t\t","protected":false},"excerpt":{"rendered":"<p>DFRV\/DEIC deflagra opera\u00e7\u00e3o para desmantelar esquema de furto e adultera\u00e7\u00e3o de caminh\u00f5es A Pol\u00edcia Civil de Santa Catarina, por interm\u00e9dio da Delegacia de Furtos e Roubos de Ve\u00edculos (DFRV\/DEIC) em opera\u00e7\u00e3o realizada com a Pol\u00edcia Rodovi\u00e1ria Federal, a Divis\u00e3o de Investiga\u00e7\u00f5es Criminais de Videira, Delegacia de Pol\u00edcia Civil de Colombo (PR), Delegacia de Pol\u00edcia Civil [&hellip;]<\/p>\n","protected":false},"author":5,"featured_media":24508,"comment_status":"closed","ping_status":"open","sticky":false,"template":"","format":"standard","meta":{"_monsterinsights_skip_tracking":false,"_monsterinsights_sitenote_active":false,"_monsterinsights_sitenote_note":"","_monsterinsights_sitenote_category":0,"footnotes":""},"categories":[1],"tags":[],"class_list":["post-24499","post","type-post","status-publish","format-standard","has-post-thumbnail","hentry","category-sem-categoria"],"_links":{"self":[{"href":"https:\/\/pc.sc.gov.br\/index.php?rest_route=\/wp\/v2\/posts\/24499","targetHints":{"allow":["GET"]}}],"collection":[{"href":"https:\/\/pc.sc.gov.br\/index.php?rest_route=\/wp\/v2\/posts"}],"about":[{"href":"https:\/\/pc.sc.gov.br\/index.php?rest_route=\/wp\/v2\/types\/post"}],"author":[{"embeddable":true,"href":"https:\/\/pc.sc.gov.br\/index.php?rest_route=\/wp\/v2\/users\/5"}],"replies":[{"embeddable":true,"href":"https:\/\/pc.sc.gov.br\/index.php?rest_route=%2Fwp%2Fv2%2Fcomments&post=24499"}],"version-history":[{"count":6,"href":"https:\/\/pc.sc.gov.br\/index.php?rest_route=\/wp\/v2\/posts\/24499\/revisions"}],"predecessor-version":[{"id":24507,"href":"https:\/\/pc.sc.gov.br\/index.php?rest_route=\/wp\/v2\/posts\/24499\/revisions\/24507"}],"wp:featuredmedia":[{"embeddable":true,"href":"https:\/\/pc.sc.gov.br\/index.php?rest_route=\/wp\/v2\/media\/24508"}],"wp:attachment":[{"href":"https:\/\/pc.sc.gov.br\/index.php?rest_route=%2Fwp%2Fv2%2Fmedia&parent=24499"}],"wp:term":[{"taxonomy":"category","embeddable":true,"href":"https:\/\/pc.sc.gov.br\/index.php?rest_route=%2Fwp%2Fv2%2Fcategories&post=24499"},{"taxonomy":"post_tag","embeddable":true,"href":"https:\/\/pc.sc.gov.br\/index.php?rest_route=%2Fwp%2Fv2%2Ftags&post=24499"}],"curies":[{"name":"wp","href":"https:\/\/api.w.org\/{rel}","templated":true}]}}