{"id":24509,"date":"2024-11-06T14:38:53","date_gmt":"2024-11-06T17:38:53","guid":{"rendered":"https:\/\/pc.sc.gov.br\/?p=24509"},"modified":"2024-11-06T14:39:37","modified_gmt":"2024-11-06T17:39:37","slug":"policia-civil-prende-homem-investigado-por-roubo-com-arma-de-fogo-em-sao-jose","status":"publish","type":"post","link":"https:\/\/pc.sc.gov.br\/?p=24509","title":{"rendered":"Pol\u00edcia Civil prende homem investigado por roubo com arma de fogo em S\u00e3o Jos\u00e9"},"content":{"rendered":"\t\t<div data-elementor-type=\"wp-post\" data-elementor-id=\"24509\" class=\"elementor elementor-24509\" data-elementor-post-type=\"post\">\n\t\t\t\t\t\t<section class=\"elementor-section elementor-top-section elementor-element elementor-element-ab74811 elementor-section-boxed elementor-section-height-default elementor-section-height-default\" data-id=\"ab74811\" data-element_type=\"section\">\n\t\t\t\t\t\t<div class=\"elementor-container elementor-column-gap-default\">\n\t\t\t\t\t<div class=\"elementor-column elementor-col-100 elementor-top-column elementor-element elementor-element-397e745\" data-id=\"397e745\" data-element_type=\"column\">\n\t\t\t<div class=\"elementor-widget-wrap elementor-element-populated\">\n\t\t\t\t\t\t<div class=\"elementor-element elementor-element-b026ebc elementor-widget elementor-widget-heading\" data-id=\"b026ebc\" data-element_type=\"widget\" data-widget_type=\"heading.default\">\n\t\t\t\t<div class=\"elementor-widget-container\">\n\t\t\t\t\t<h2 class=\"elementor-heading-title elementor-size-default\">Pol\u00edcia Civil prende homem investigado por roubo com arma de fogo em S\u00e3o Jos\u00e9 <\/h2>\t\t\t\t<\/div>\n\t\t\t\t<\/div>\n\t\t\t\t\t<\/div>\n\t\t<\/div>\n\t\t\t\t\t<\/div>\n\t\t<\/section>\n\t\t\t\t<section class=\"elementor-section elementor-top-section elementor-element elementor-element-58e6d50 elementor-section-boxed elementor-section-height-default elementor-section-height-default\" data-id=\"58e6d50\" data-element_type=\"section\">\n\t\t\t\t\t\t<div class=\"elementor-container elementor-column-gap-default\">\n\t\t\t\t\t<div class=\"elementor-column elementor-col-100 elementor-top-column elementor-element elementor-element-eb2595b\" data-id=\"eb2595b\" data-element_type=\"column\">\n\t\t\t<div class=\"elementor-widget-wrap elementor-element-populated\">\n\t\t\t\t\t\t<div class=\"elementor-element elementor-element-f94951d elementor-widget elementor-widget-image\" data-id=\"f94951d\" data-element_type=\"widget\" data-widget_type=\"image.default\">\n\t\t\t\t<div class=\"elementor-widget-container\">\n\t\t\t\t\t\t\t\t\t\t\t\t\t\t\t<img fetchpriority=\"high\" decoding=\"async\" width=\"696\" height=\"928\" src=\"https:\/\/pc.sc.gov.br\/\/wp-content\/uploads\/2024\/11\/WhatsApp-Image-2024-11-06-at-11.01.00-768x1024.jpeg\" class=\"attachment-large size-large wp-image-24510\" alt=\"\" srcset=\"https:\/\/pc.sc.gov.br\/\/wp-content\/uploads\/2024\/11\/WhatsApp-Image-2024-11-06-at-11.01.00-768x1024.jpeg 768w, https:\/\/pc.sc.gov.br\/\/wp-content\/uploads\/2024\/11\/WhatsApp-Image-2024-11-06-at-11.01.00-225x300.jpeg 225w, https:\/\/pc.sc.gov.br\/\/wp-content\/uploads\/2024\/11\/WhatsApp-Image-2024-11-06-at-11.01.00.jpeg 960w\" sizes=\"(max-width: 696px) 100vw, 696px\" \/>\t\t\t\t\t\t\t\t\t\t\t\t\t\t\t<\/div>\n\t\t\t\t<\/div>\n\t\t\t\t\t<\/div>\n\t\t<\/div>\n\t\t\t\t\t<\/div>\n\t\t<\/section>\n\t\t\t\t<section class=\"elementor-section elementor-top-section elementor-element elementor-element-aaf7f15 elementor-section-boxed elementor-section-height-default elementor-section-height-default\" data-id=\"aaf7f15\" data-element_type=\"section\">\n\t\t\t\t\t\t<div class=\"elementor-container elementor-column-gap-default\">\n\t\t\t\t\t<div class=\"elementor-column elementor-col-100 elementor-top-column elementor-element elementor-element-53ce525\" data-id=\"53ce525\" data-element_type=\"column\">\n\t\t\t<div class=\"elementor-widget-wrap elementor-element-populated\">\n\t\t\t\t\t\t<div class=\"elementor-element elementor-element-cfafffb elementor-widget elementor-widget-text-editor\" data-id=\"cfafffb\" data-element_type=\"widget\" data-widget_type=\"text-editor.default\">\n\t\t\t\t<div class=\"elementor-widget-container\">\n\t\t\t\t\t\t\t\t\t<p>Em cumprimento a mandado de pris\u00e3o expedido pela Vara Regional de Garantias de Florian\u00f3polis, na manh\u00e3 desta quarta-feira (6\/11), a Pol\u00edcia Civil de Santa Catarina, por meio da equipe de Investiga\u00e7\u00e3o da 1\u00aa Delegacia de Pol\u00edcia da Capital, cumpriu a pris\u00e3o preventiva de um investigado pelo crime de roubo majorado pelo emprego de arma de fogo. Na oportunidade, foi realizada tamb\u00e9m a execu\u00e7\u00e3o de um mandado de busca e apreens\u00e3o na resid\u00eancia do investigado, na cidade de S\u00e3o Jos\u00e9.<\/p><p>O preso foi conduzido \u00e0 1\u00aa Delegacia de Pol\u00edcia da Capital para a formaliza\u00e7\u00e3o dos procedimentos legais, sendo posteriormente encaminhado \u00e0 Central de Plant\u00e3o Policial e para a audi\u00eancia de cust\u00f3dia. O inqu\u00e9rito policial seguir\u00e1 com as demais dilig\u00eancias investigativas e ser\u00e1 conclu\u00eddo, ficando \u00e0 disposi\u00e7\u00e3o do Poder Judici\u00e1rio.<\/p>\t\t\t\t\t\t\t\t<\/div>\n\t\t\t\t<\/div>\n\t\t\t\t\t<\/div>\n\t\t<\/div>\n\t\t\t\t\t<\/div>\n\t\t<\/section>\n\t\t\t\t<\/div>\n\t\t","protected":false},"excerpt":{"rendered":"<p>Pol\u00edcia Civil prende homem investigado por roubo com arma de fogo em S\u00e3o Jos\u00e9 Em cumprimento a mandado de pris\u00e3o expedido pela Vara Regional de Garantias de Florian\u00f3polis, na manh\u00e3 desta quarta-feira (6\/11), a Pol\u00edcia Civil de Santa Catarina, por meio da equipe de Investiga\u00e7\u00e3o da 1\u00aa Delegacia de Pol\u00edcia da Capital, cumpriu a pris\u00e3o [&hellip;]<\/p>\n","protected":false},"author":5,"featured_media":24510,"comment_status":"closed","ping_status":"open","sticky":false,"template":"","format":"standard","meta":{"_monsterinsights_skip_tracking":false,"_monsterinsights_sitenote_active":false,"_monsterinsights_sitenote_note":"","_monsterinsights_sitenote_category":0,"footnotes":""},"categories":[1],"tags":[],"class_list":["post-24509","post","type-post","status-publish","format-standard","has-post-thumbnail","hentry","category-sem-categoria"],"_links":{"self":[{"href":"https:\/\/pc.sc.gov.br\/index.php?rest_route=\/wp\/v2\/posts\/24509","targetHints":{"allow":["GET"]}}],"collection":[{"href":"https:\/\/pc.sc.gov.br\/index.php?rest_route=\/wp\/v2\/posts"}],"about":[{"href":"https:\/\/pc.sc.gov.br\/index.php?rest_route=\/wp\/v2\/types\/post"}],"author":[{"embeddable":true,"href":"https:\/\/pc.sc.gov.br\/index.php?rest_route=\/wp\/v2\/users\/5"}],"replies":[{"embeddable":true,"href":"https:\/\/pc.sc.gov.br\/index.php?rest_route=%2Fwp%2Fv2%2Fcomments&post=24509"}],"version-history":[{"count":4,"href":"https:\/\/pc.sc.gov.br\/index.php?rest_route=\/wp\/v2\/posts\/24509\/revisions"}],"predecessor-version":[{"id":24514,"href":"https:\/\/pc.sc.gov.br\/index.php?rest_route=\/wp\/v2\/posts\/24509\/revisions\/24514"}],"wp:featuredmedia":[{"embeddable":true,"href":"https:\/\/pc.sc.gov.br\/index.php?rest_route=\/wp\/v2\/media\/24510"}],"wp:attachment":[{"href":"https:\/\/pc.sc.gov.br\/index.php?rest_route=%2Fwp%2Fv2%2Fmedia&parent=24509"}],"wp:term":[{"taxonomy":"category","embeddable":true,"href":"https:\/\/pc.sc.gov.br\/index.php?rest_route=%2Fwp%2Fv2%2Fcategories&post=24509"},{"taxonomy":"post_tag","embeddable":true,"href":"https:\/\/pc.sc.gov.br\/index.php?rest_route=%2Fwp%2Fv2%2Ftags&post=24509"}],"curies":[{"name":"wp","href":"https:\/\/api.w.org\/{rel}","templated":true}]}}