{"id":24622,"date":"2024-11-12T15:42:19","date_gmt":"2024-11-12T18:42:19","guid":{"rendered":"https:\/\/pc.sc.gov.br\/?p=24622"},"modified":"2024-11-12T15:43:07","modified_gmt":"2024-11-12T18:43:07","slug":"policia-civil-prende-suspeito-de-ter-atropelado-um-banhista-de-forma-intencional-na-capital","status":"publish","type":"post","link":"https:\/\/pc.sc.gov.br\/?p=24622","title":{"rendered":"Pol\u00edcia Civil prende suspeito de ter atropelado um banhista de forma intencional na Capital"},"content":{"rendered":"\t\t<div data-elementor-type=\"wp-post\" data-elementor-id=\"24622\" class=\"elementor elementor-24622\" data-elementor-post-type=\"post\">\n\t\t\t\t\t\t<section class=\"elementor-section elementor-top-section elementor-element elementor-element-7a3a1eb elementor-section-boxed elementor-section-height-default elementor-section-height-default\" data-id=\"7a3a1eb\" data-element_type=\"section\">\n\t\t\t\t\t\t<div class=\"elementor-container elementor-column-gap-default\">\n\t\t\t\t\t<div class=\"elementor-column elementor-col-100 elementor-top-column elementor-element elementor-element-60f91b9\" data-id=\"60f91b9\" data-element_type=\"column\">\n\t\t\t<div class=\"elementor-widget-wrap elementor-element-populated\">\n\t\t\t\t\t\t<div class=\"elementor-element elementor-element-312116d elementor-widget elementor-widget-heading\" data-id=\"312116d\" data-element_type=\"widget\" data-widget_type=\"heading.default\">\n\t\t\t\t<div class=\"elementor-widget-container\">\n\t\t\t\t\t<h2 class=\"elementor-heading-title elementor-size-default\">Pol\u00edcia Civil prende suspeito de ter atropelado um banhista de forma intencional na Capital<\/h2>\t\t\t\t<\/div>\n\t\t\t\t<\/div>\n\t\t\t\t\t<\/div>\n\t\t<\/div>\n\t\t\t\t\t<\/div>\n\t\t<\/section>\n\t\t\t\t<section class=\"elementor-section elementor-top-section elementor-element elementor-element-556be90 elementor-section-boxed elementor-section-height-default elementor-section-height-default\" data-id=\"556be90\" data-element_type=\"section\">\n\t\t\t\t\t\t<div class=\"elementor-container elementor-column-gap-default\">\n\t\t\t\t\t<div class=\"elementor-column elementor-col-100 elementor-top-column elementor-element elementor-element-94a9684\" data-id=\"94a9684\" data-element_type=\"column\">\n\t\t\t<div class=\"elementor-widget-wrap elementor-element-populated\">\n\t\t\t\t\t\t<div class=\"elementor-element elementor-element-52eb01c elementor-widget elementor-widget-image\" data-id=\"52eb01c\" data-element_type=\"widget\" data-widget_type=\"image.default\">\n\t\t\t\t<div class=\"elementor-widget-container\">\n\t\t\t\t\t\t\t\t\t\t\t\t\t\t\t<img fetchpriority=\"high\" decoding=\"async\" width=\"696\" height=\"522\" src=\"https:\/\/pc.sc.gov.br\/\/wp-content\/uploads\/2024\/11\/WhatsApp-Image-2024-11-12-at-13.10.59-1024x768.jpeg\" class=\"attachment-large size-large wp-image-24623\" alt=\"\" srcset=\"https:\/\/pc.sc.gov.br\/\/wp-content\/uploads\/2024\/11\/WhatsApp-Image-2024-11-12-at-13.10.59-1024x768.jpeg 1024w, https:\/\/pc.sc.gov.br\/\/wp-content\/uploads\/2024\/11\/WhatsApp-Image-2024-11-12-at-13.10.59-300x225.jpeg 300w, https:\/\/pc.sc.gov.br\/\/wp-content\/uploads\/2024\/11\/WhatsApp-Image-2024-11-12-at-13.10.59-768x576.jpeg 768w, https:\/\/pc.sc.gov.br\/\/wp-content\/uploads\/2024\/11\/WhatsApp-Image-2024-11-12-at-13.10.59.jpeg 1280w\" sizes=\"(max-width: 696px) 100vw, 696px\" \/>\t\t\t\t\t\t\t\t\t\t\t\t\t\t\t<\/div>\n\t\t\t\t<\/div>\n\t\t\t\t\t<\/div>\n\t\t<\/div>\n\t\t\t\t\t<\/div>\n\t\t<\/section>\n\t\t\t\t<section class=\"elementor-section elementor-top-section elementor-element elementor-element-4bca562 elementor-section-boxed elementor-section-height-default elementor-section-height-default\" data-id=\"4bca562\" data-element_type=\"section\">\n\t\t\t\t\t\t<div class=\"elementor-container elementor-column-gap-default\">\n\t\t\t\t\t<div class=\"elementor-column elementor-col-100 elementor-top-column elementor-element elementor-element-99f16c1\" data-id=\"99f16c1\" data-element_type=\"column\">\n\t\t\t<div class=\"elementor-widget-wrap elementor-element-populated\">\n\t\t\t\t\t\t<div class=\"elementor-element elementor-element-5d5402d elementor-widget elementor-widget-text-editor\" data-id=\"5d5402d\" data-element_type=\"widget\" data-widget_type=\"text-editor.default\">\n\t\t\t\t<div class=\"elementor-widget-container\">\n\t\t\t\t\t\t\t\t\t<p>Na segunda-feira (11\/11), a Pol\u00edcia Civil de Santa Catarina, por meio da 8\u00aa Delegacia de Pol\u00edcia da Capital, com apoio da Delegacia de Combate ao Estelionato da Capital, cumpriu mandado de pris\u00e3o tempor\u00e1ria contra um homem suspeito de atropelar um banhista, de forma intencional, ap\u00f3s uma discuss\u00e3o na Praia do Santinho, no Norte da Ilha.<\/p><p>Na ocasi\u00e3o, tamb\u00e9m foi dado cumprimento ao mandado de busca e apreens\u00e3o na casa do investigado, onde foram apreendidos, al\u00e9m de objetos de interesse da investiga\u00e7\u00e3o, uma arma de fogo com numera\u00e7\u00e3o suprimida e quantidade consider\u00e1vel de droga.<\/p><p>Ap\u00f3s ser interrogado, o investigado foi encaminhado \u00e0 Central Macrorregional de Plant\u00e3o Policial da Capital, onde tamb\u00e9m foi autuado em flagrante pelos crimes de tr\u00e1fico de drogas e porte ilegal de arma de fogo.<\/p>\t\t\t\t\t\t\t\t<\/div>\n\t\t\t\t<\/div>\n\t\t\t\t\t<\/div>\n\t\t<\/div>\n\t\t\t\t\t<\/div>\n\t\t<\/section>\n\t\t\t\t<\/div>\n\t\t","protected":false},"excerpt":{"rendered":"<p>Pol\u00edcia Civil prende suspeito de ter atropelado um banhista de forma intencional na Capital Na segunda-feira (11\/11), a Pol\u00edcia Civil de Santa Catarina, por meio da 8\u00aa Delegacia de Pol\u00edcia da Capital, com apoio da Delegacia de Combate ao Estelionato da Capital, cumpriu mandado de pris\u00e3o tempor\u00e1ria contra um homem suspeito de atropelar um banhista, [&hellip;]<\/p>\n","protected":false},"author":5,"featured_media":24623,"comment_status":"closed","ping_status":"open","sticky":false,"template":"","format":"standard","meta":{"_monsterinsights_skip_tracking":false,"_monsterinsights_sitenote_active":false,"_monsterinsights_sitenote_note":"","_monsterinsights_sitenote_category":0,"footnotes":""},"categories":[1],"tags":[],"class_list":["post-24622","post","type-post","status-publish","format-standard","has-post-thumbnail","hentry","category-sem-categoria"],"_links":{"self":[{"href":"https:\/\/pc.sc.gov.br\/index.php?rest_route=\/wp\/v2\/posts\/24622","targetHints":{"allow":["GET"]}}],"collection":[{"href":"https:\/\/pc.sc.gov.br\/index.php?rest_route=\/wp\/v2\/posts"}],"about":[{"href":"https:\/\/pc.sc.gov.br\/index.php?rest_route=\/wp\/v2\/types\/post"}],"author":[{"embeddable":true,"href":"https:\/\/pc.sc.gov.br\/index.php?rest_route=\/wp\/v2\/users\/5"}],"replies":[{"embeddable":true,"href":"https:\/\/pc.sc.gov.br\/index.php?rest_route=%2Fwp%2Fv2%2Fcomments&post=24622"}],"version-history":[{"count":4,"href":"https:\/\/pc.sc.gov.br\/index.php?rest_route=\/wp\/v2\/posts\/24622\/revisions"}],"predecessor-version":[{"id":24627,"href":"https:\/\/pc.sc.gov.br\/index.php?rest_route=\/wp\/v2\/posts\/24622\/revisions\/24627"}],"wp:featuredmedia":[{"embeddable":true,"href":"https:\/\/pc.sc.gov.br\/index.php?rest_route=\/wp\/v2\/media\/24623"}],"wp:attachment":[{"href":"https:\/\/pc.sc.gov.br\/index.php?rest_route=%2Fwp%2Fv2%2Fmedia&parent=24622"}],"wp:term":[{"taxonomy":"category","embeddable":true,"href":"https:\/\/pc.sc.gov.br\/index.php?rest_route=%2Fwp%2Fv2%2Fcategories&post=24622"},{"taxonomy":"post_tag","embeddable":true,"href":"https:\/\/pc.sc.gov.br\/index.php?rest_route=%2Fwp%2Fv2%2Ftags&post=24622"}],"curies":[{"name":"wp","href":"https:\/\/api.w.org\/{rel}","templated":true}]}}