{"id":24635,"date":"2024-11-12T18:05:18","date_gmt":"2024-11-12T21:05:18","guid":{"rendered":"https:\/\/pc.sc.gov.br\/?p=24635"},"modified":"2024-11-12T19:28:51","modified_gmt":"2024-11-12T22:28:51","slug":"balanco-da-pcsc-indica-queda-de-homicidios-e-feminicidios-em-santa-catarina","status":"publish","type":"post","link":"https:\/\/pc.sc.gov.br\/?p=24635","title":{"rendered":"Balan\u00e7o da PCSC indica queda de homic\u00eddios e feminic\u00eddios em Santa Catarina"},"content":{"rendered":"\t\t<div data-elementor-type=\"wp-post\" data-elementor-id=\"24635\" class=\"elementor elementor-24635\" data-elementor-post-type=\"post\">\n\t\t\t\t\t\t<section class=\"elementor-section elementor-top-section elementor-element elementor-element-43aba88 elementor-section-boxed elementor-section-height-default elementor-section-height-default\" data-id=\"43aba88\" data-element_type=\"section\">\n\t\t\t\t\t\t<div class=\"elementor-container elementor-column-gap-default\">\n\t\t\t\t\t<div class=\"elementor-column elementor-col-100 elementor-top-column elementor-element elementor-element-bfc997a\" data-id=\"bfc997a\" data-element_type=\"column\">\n\t\t\t<div class=\"elementor-widget-wrap elementor-element-populated\">\n\t\t\t\t\t\t<div class=\"elementor-element elementor-element-ed2a138 elementor-widget elementor-widget-heading\" data-id=\"ed2a138\" data-element_type=\"widget\" data-widget_type=\"heading.default\">\n\t\t\t\t<div class=\"elementor-widget-container\">\n\t\t\t\t\t<h2 class=\"elementor-heading-title elementor-size-default\">Balan\u00e7o da PCSC indica queda de homic\u00eddios e feminic\u00eddios em Santa Catarina<\/h2>\t\t\t\t<\/div>\n\t\t\t\t<\/div>\n\t\t\t\t\t<\/div>\n\t\t<\/div>\n\t\t\t\t\t<\/div>\n\t\t<\/section>\n\t\t\t\t<section class=\"elementor-section elementor-top-section elementor-element elementor-element-7d72831 elementor-section-boxed elementor-section-height-default elementor-section-height-default\" data-id=\"7d72831\" data-element_type=\"section\">\n\t\t\t\t\t\t<div class=\"elementor-container elementor-column-gap-default\">\n\t\t\t\t\t<div class=\"elementor-column elementor-col-100 elementor-top-column elementor-element elementor-element-31f3b0a\" data-id=\"31f3b0a\" data-element_type=\"column\">\n\t\t\t<div class=\"elementor-widget-wrap elementor-element-populated\">\n\t\t\t\t\t\t<div class=\"elementor-element elementor-element-38f8592 elementor-widget elementor-widget-image\" data-id=\"38f8592\" data-element_type=\"widget\" data-widget_type=\"image.default\">\n\t\t\t\t<div class=\"elementor-widget-container\">\n\t\t\t\t\t\t\t\t\t\t\t\t\t\t\t<img fetchpriority=\"high\" decoding=\"async\" width=\"696\" height=\"415\" src=\"https:\/\/pc.sc.gov.br\/\/wp-content\/uploads\/2024\/11\/PCSC-Dados-1024x610.png\" class=\"attachment-large size-large wp-image-24636\" alt=\"\" srcset=\"https:\/\/pc.sc.gov.br\/\/wp-content\/uploads\/2024\/11\/PCSC-Dados-1024x610.png 1024w, https:\/\/pc.sc.gov.br\/\/wp-content\/uploads\/2024\/11\/PCSC-Dados-300x179.png 300w, https:\/\/pc.sc.gov.br\/\/wp-content\/uploads\/2024\/11\/PCSC-Dados-768x457.png 768w, https:\/\/pc.sc.gov.br\/\/wp-content\/uploads\/2024\/11\/PCSC-Dados.png 1344w\" sizes=\"(max-width: 696px) 100vw, 696px\" \/>\t\t\t\t\t\t\t\t\t\t\t\t\t\t\t<\/div>\n\t\t\t\t<\/div>\n\t\t\t\t\t<\/div>\n\t\t<\/div>\n\t\t\t\t\t<\/div>\n\t\t<\/section>\n\t\t\t\t<section class=\"elementor-section elementor-top-section elementor-element elementor-element-9119038 elementor-section-boxed elementor-section-height-default elementor-section-height-default\" data-id=\"9119038\" data-element_type=\"section\">\n\t\t\t\t\t\t<div class=\"elementor-container elementor-column-gap-default\">\n\t\t\t\t\t<div class=\"elementor-column elementor-col-100 elementor-top-column elementor-element elementor-element-350fa25\" data-id=\"350fa25\" data-element_type=\"column\">\n\t\t\t<div class=\"elementor-widget-wrap elementor-element-populated\">\n\t\t\t\t\t\t<div class=\"elementor-element elementor-element-fc8744d elementor-widget elementor-widget-text-editor\" data-id=\"fc8744d\" data-element_type=\"widget\" data-widget_type=\"text-editor.default\">\n\t\t\t\t<div class=\"elementor-widget-container\">\n\t\t\t\t\t\t\t\t\t<p>Em 2023, Santa Catarina passou a ser o Estado mais seguro do Brasil. Para o delegado-geral da PCSC, Ulisses Gabriel, o desafio \u00e9 manter o estado nesse patamar e, embora existam demandas na \u00e1rea de seguran\u00e7a, a Pol\u00edcia Civil de Santa Catarina segue batendo recordes de produtividade. At\u00e9 o dia 11 de novembro, dados da Diretoria de Intelig\u00eancia indicam queda nos \u00edndices de crimes de homic\u00eddios (-0,23%) e de feminic\u00eddios (-6,0%). Importante destacar que em 2023, a PCSC contabilizou 81,07% de elucida\u00e7\u00e3o da autoria das mortes violentas. \u201cA meta nos dois primeiros anos do governo Jorginho era atingir de 75% a 77% o \u00edndice de resolu\u00e7\u00e3o que s\u00e3o os \u00edndices do Canad\u00e1 e da Holanda, respectivamente, n\u00f3s conseguimos atingir 81,07%\u201d, pontuou o delegado-geral da PCSC.<\/p>\n<p>\u201cO governador Jorginho estabeleceu que n\u00f3s dever\u00edamos atingir o posto de estado mais seguro e nos manter nesse posto porque al\u00e9m de garantir a tranquilidade do cidad\u00e3o catarinense tamb\u00e9m precisamos demonstrar para os turistas nacionais e estrangeiros que vir para Santa Catarina \u00e9 seguro\u201d, assinalou.&nbsp;<\/p>\n<p>Outro fato relevante \u00e9 que 2022 para 2023 a PCSC bateu recordes de produtividade em cumprimentos de mandados de busca e apreens\u00e3o e tamb\u00e9m de pris\u00e3o, o que vem se repetindo em 2024. Para se ter uma dimens\u00e3o do trabalho que os policiais civis desempenham diariamente, de 01\/01\/2024 a 11\/11\/2024 a PCSC cumpriu 7.518 mandados de busca e apreens\u00e3o. Al\u00e9m disso, 5.662 pessoas foram presas por meio de mandado de pris\u00e3o&nbsp;e 1.128 em flagrante. Totalizando assim 6.790 pessoas presas.&nbsp;<span style=\"color: #000000; font-family: -apple-system, BlinkMacSystemFont, 'Segoe UI', Roboto, Helvetica, Arial, sans-serif; font-size: 14px; letter-spacing: normal; text-align: left; font-weight: var( --e-global-typography-primary-font-weight );\">&nbsp;<\/span><span style=\"font-family: var( --e-global-typography-primary-font-family ), Sans-serif; font-size: var( --e-global-typography-primary-font-size ); font-weight: var( --e-global-typography-primary-font-weight ); letter-spacing: var( --e-global-typography-primary-letter-spacing );\">No ano anterior 5.183 pessoas presas por cumprimento de mandado, o que representa uma varia\u00e7\u00e3o anual de 9,24%.&nbsp;<\/span><\/p>\n<p>O delegado Ulisses Gabriel estimou que nesse ritmo, a Pol\u00edcia Civil de Santa Catarina vai aumentar em 100% a produtividade de 2022 comparando com 2024. \u201c\u00c9 necess\u00e1rio agradecer o apoio do governador \u00e0s for\u00e7as de seguran\u00e7a e a cada servidor da PC, PM, BM e PCI, al\u00e9m da integra\u00e7\u00e3o com o MP e \u00e0 atua\u00e7\u00e3o forte do Poder Judici\u00e1rio Catarinense\u201d, disse Ulisses Gabriel.<\/p>\n<p>O delegado-geral da PCSC atribuiu o excelente desempenho da seguran\u00e7a p\u00fablica em Santa Catarina ao trabalho integrado das pol\u00edcias e \u00e0s a\u00e7\u00f5es e investimentos do governo Jorginho Mello na seguran\u00e7a p\u00fablica catarinense.&nbsp; \u201cN\u00f3s temos uma integra\u00e7\u00e3o importante com a Pol\u00edcia Militar &#8211; que tem feito um conjunto importante de pris\u00f5es em flagrante de criminosos &#8211; e tamb\u00e9m com a Pol\u00edcia Cient\u00edfica, o Corpo de Bombeiros Militar e a SSP. Tamb\u00e9m destacou aqui que a parceria com o Minist\u00e9rio P\u00fablico tem sido essencial no combate ao crime, em especial das fac\u00e7\u00f5es criminosas, e com o Judici\u00e1rio Catarinense quem tem sido muito duro contra a criminalidade\u201d, enfatizou.<\/p>\n<p>Ulisses Gabriel afirmou ainda que a PCSC est\u00e1 trabalhando para atingir o patamar de um estado em que as pessoas n\u00e3o tenham preocupa\u00e7\u00e3o com seguran\u00e7a. \u201cEsse \u00e9 o nosso grande objetivo: crimes acontecem, furtos acontecem, roubos acontecem, mas n\u00f3s estamos trabalhando diariamente sob a coordena\u00e7\u00e3o do governador Jorginho para diminuir esses \u00edndices e prender esses criminosos\u201d, finalizou.<span style=\"color: var( --e-global-color-text ); font-family: var( --e-global-typography-primary-font-family ), Sans-serif; font-size: var( --e-global-typography-primary-font-size ); font-weight: var( --e-global-typography-primary-font-weight ); letter-spacing: var( --e-global-typography-primary-letter-spacing );\">&nbsp;<\/span><\/p>\t\t\t\t\t\t\t\t<\/div>\n\t\t\t\t<\/div>\n\t\t\t\t\t<\/div>\n\t\t<\/div>\n\t\t\t\t\t<\/div>\n\t\t<\/section>\n\t\t\t\t<\/div>\n\t\t","protected":false},"excerpt":{"rendered":"<p>Balan\u00e7o da PCSC indica queda de homic\u00eddios e feminic\u00eddios em Santa Catarina Em 2023, Santa Catarina passou a ser o Estado mais seguro do Brasil. Para o delegado-geral da PCSC, Ulisses Gabriel, o desafio \u00e9 manter o estado nesse patamar e, embora existam demandas na \u00e1rea de seguran\u00e7a, a Pol\u00edcia Civil de Santa Catarina segue [&hellip;]<\/p>\n","protected":false},"author":5,"featured_media":24636,"comment_status":"closed","ping_status":"open","sticky":false,"template":"","format":"standard","meta":{"_monsterinsights_skip_tracking":false,"_monsterinsights_sitenote_active":false,"_monsterinsights_sitenote_note":"","_monsterinsights_sitenote_category":0,"footnotes":""},"categories":[1],"tags":[],"class_list":["post-24635","post","type-post","status-publish","format-standard","has-post-thumbnail","hentry","category-sem-categoria"],"_links":{"self":[{"href":"https:\/\/pc.sc.gov.br\/index.php?rest_route=\/wp\/v2\/posts\/24635","targetHints":{"allow":["GET"]}}],"collection":[{"href":"https:\/\/pc.sc.gov.br\/index.php?rest_route=\/wp\/v2\/posts"}],"about":[{"href":"https:\/\/pc.sc.gov.br\/index.php?rest_route=\/wp\/v2\/types\/post"}],"author":[{"embeddable":true,"href":"https:\/\/pc.sc.gov.br\/index.php?rest_route=\/wp\/v2\/users\/5"}],"replies":[{"embeddable":true,"href":"https:\/\/pc.sc.gov.br\/index.php?rest_route=%2Fwp%2Fv2%2Fcomments&post=24635"}],"version-history":[{"count":6,"href":"https:\/\/pc.sc.gov.br\/index.php?rest_route=\/wp\/v2\/posts\/24635\/revisions"}],"predecessor-version":[{"id":24656,"href":"https:\/\/pc.sc.gov.br\/index.php?rest_route=\/wp\/v2\/posts\/24635\/revisions\/24656"}],"wp:featuredmedia":[{"embeddable":true,"href":"https:\/\/pc.sc.gov.br\/index.php?rest_route=\/wp\/v2\/media\/24636"}],"wp:attachment":[{"href":"https:\/\/pc.sc.gov.br\/index.php?rest_route=%2Fwp%2Fv2%2Fmedia&parent=24635"}],"wp:term":[{"taxonomy":"category","embeddable":true,"href":"https:\/\/pc.sc.gov.br\/index.php?rest_route=%2Fwp%2Fv2%2Fcategories&post=24635"},{"taxonomy":"post_tag","embeddable":true,"href":"https:\/\/pc.sc.gov.br\/index.php?rest_route=%2Fwp%2Fv2%2Ftags&post=24635"}],"curies":[{"name":"wp","href":"https:\/\/api.w.org\/{rel}","templated":true}]}}