{"id":24640,"date":"2024-11-12T18:22:41","date_gmt":"2024-11-12T21:22:41","guid":{"rendered":"https:\/\/pc.sc.gov.br\/?p=24640"},"modified":"2024-11-12T18:28:03","modified_gmt":"2024-11-12T21:28:03","slug":"estado-mais-seguro-do-pais-governador-destaca-investimentos-as-forcas-de-sc-nos-89-anos-da-secretaria-da-seguranca-publica","status":"publish","type":"post","link":"https:\/\/pc.sc.gov.br\/?p=24640","title":{"rendered":"Estado mais seguro do pa\u00eds: governador destaca investimentos \u00e0s for\u00e7as de SC nos 89 anos da Secretaria da Seguran\u00e7a P\u00fablica"},"content":{"rendered":"\t\t<div data-elementor-type=\"wp-post\" data-elementor-id=\"24640\" class=\"elementor elementor-24640\" data-elementor-post-type=\"post\">\n\t\t\t\t\t\t<section class=\"elementor-section elementor-top-section elementor-element elementor-element-6a993fd elementor-section-boxed elementor-section-height-default elementor-section-height-default\" data-id=\"6a993fd\" data-element_type=\"section\">\n\t\t\t\t\t\t<div class=\"elementor-container elementor-column-gap-default\">\n\t\t\t\t\t<div class=\"elementor-column elementor-col-100 elementor-top-column elementor-element elementor-element-1685d17\" data-id=\"1685d17\" data-element_type=\"column\">\n\t\t\t<div class=\"elementor-widget-wrap elementor-element-populated\">\n\t\t\t\t\t\t<div class=\"elementor-element elementor-element-3fda9fe elementor-widget elementor-widget-heading\" data-id=\"3fda9fe\" data-element_type=\"widget\" data-widget_type=\"heading.default\">\n\t\t\t\t<div class=\"elementor-widget-container\">\n\t\t\t\t\t<h2 class=\"elementor-heading-title elementor-size-default\">Estado mais seguro do pa\u00eds: governador destaca investimentos \u00e0s for\u00e7as de SC nos 89 anos da Secretaria da Seguran\u00e7a P\u00fablica<\/h2>\t\t\t\t<\/div>\n\t\t\t\t<\/div>\n\t\t\t\t\t<\/div>\n\t\t<\/div>\n\t\t\t\t\t<\/div>\n\t\t<\/section>\n\t\t\t\t<section class=\"elementor-section elementor-top-section elementor-element elementor-element-26c2da2 elementor-section-boxed elementor-section-height-default elementor-section-height-default\" data-id=\"26c2da2\" data-element_type=\"section\">\n\t\t\t\t\t\t<div class=\"elementor-container elementor-column-gap-default\">\n\t\t\t\t\t<div class=\"elementor-column elementor-col-100 elementor-top-column elementor-element elementor-element-cf7d41c\" data-id=\"cf7d41c\" data-element_type=\"column\">\n\t\t\t<div class=\"elementor-widget-wrap elementor-element-populated\">\n\t\t\t\t\t\t<div class=\"elementor-element elementor-element-781f8e7 elementor-widget elementor-widget-image\" data-id=\"781f8e7\" data-element_type=\"widget\" data-widget_type=\"image.default\">\n\t\t\t\t<div class=\"elementor-widget-container\">\n\t\t\t\t\t\t\t\t\t\t\t\t\t\t\t<img fetchpriority=\"high\" decoding=\"async\" width=\"696\" height=\"464\" src=\"https:\/\/pc.sc.gov.br\/\/wp-content\/uploads\/2024\/11\/LEO_3377-1024x683.jpg\" class=\"attachment-large size-large wp-image-24641\" alt=\"\" srcset=\"https:\/\/pc.sc.gov.br\/\/wp-content\/uploads\/2024\/11\/LEO_3377-1024x683.jpg 1024w, https:\/\/pc.sc.gov.br\/\/wp-content\/uploads\/2024\/11\/LEO_3377-300x200.jpg 300w, https:\/\/pc.sc.gov.br\/\/wp-content\/uploads\/2024\/11\/LEO_3377-768x512.jpg 768w, https:\/\/pc.sc.gov.br\/\/wp-content\/uploads\/2024\/11\/LEO_3377-1536x1024.jpg 1536w, https:\/\/pc.sc.gov.br\/\/wp-content\/uploads\/2024\/11\/LEO_3377-2048x1365.jpg 2048w\" sizes=\"(max-width: 696px) 100vw, 696px\" \/>\t\t\t\t\t\t\t\t\t\t\t\t\t\t\t<\/div>\n\t\t\t\t<\/div>\n\t\t\t\t\t<\/div>\n\t\t<\/div>\n\t\t\t\t\t<\/div>\n\t\t<\/section>\n\t\t\t\t<section class=\"elementor-section elementor-top-section elementor-element elementor-element-6f8d466 elementor-section-boxed elementor-section-height-default elementor-section-height-default\" data-id=\"6f8d466\" data-element_type=\"section\">\n\t\t\t\t\t\t<div class=\"elementor-container elementor-column-gap-default\">\n\t\t\t\t\t<div class=\"elementor-column elementor-col-100 elementor-top-column elementor-element elementor-element-3de0c81\" data-id=\"3de0c81\" data-element_type=\"column\">\n\t\t\t<div class=\"elementor-widget-wrap elementor-element-populated\">\n\t\t\t\t\t\t<div class=\"elementor-element elementor-element-f2b253a elementor-widget elementor-widget-text-editor\" data-id=\"f2b253a\" data-element_type=\"widget\" data-widget_type=\"text-editor.default\">\n\t\t\t\t<div class=\"elementor-widget-container\">\n\t\t\t\t\t\t\t\t\t<p>A Secretaria de Estado da Seguran\u00e7a P\u00fablica (SSP) comemora, nesta ter\u00e7a-feira, 12, seus 89 anos de servi\u00e7o dedicado \u00e0 prote\u00e7\u00e3o dos catarinenses. Para marcar a data, em uma solenidade na sede da SSP, em Florian\u00f3polis, o governador Jorginho Mello fez entregas importantes para fortalecer as for\u00e7as de seguran\u00e7a no estado. O ato, com a presen\u00e7a do secret\u00e1rio de Estado da Seguran\u00e7a P\u00fablica, coronel Fl\u00e1vio Graff, tamb\u00e9m contou com homenagens e a entrega da Medalha de M\u00e9rito \u201cLuiz Carlos Schmidt de Carvalho\u201d.<\/p><p>\u201cSe hoje temos esse status de o estado mais seguro do pa\u00eds \u00e9 gra\u00e7as aos homens e mulheres das nossas for\u00e7as de seguran\u00e7a que fazem parte da secretaria da seguran\u00e7a p\u00fablica. Eu tenho muito orgulho de todas as nossas for\u00e7as: PM, Civil, Bombeiros e Pol\u00edcia Cient\u00edfica. Estamos investindo em todas elas para elevar ainda mais o n\u00edvel de atendimento ao cidad\u00e3o. Melhorando e reformando os pr\u00e9dios onde a popula\u00e7\u00e3o \u00e9 atendida, comprando novas viaturas e equipamentos. E hoje tenho a alegria de trazer essa boa not\u00edcia que \u00e9 a paridade e integralidade dos aposentados ligados \u00e0 SSP, no anivers\u00e1rio da Secretaria\u201d, destaca o governador Jorginho Mello.<\/p><p>Recriada pelo governador Jorginho Mello, que sancionou a Lei n\u00ba 18.646\/2023 com o objetivo de integrar o trabalho das pol\u00edcias Militar, Civil, Cient\u00edfica e Corpo de Bombeiros Militar, a Secretaria de Seguran\u00e7a P\u00fablica celebra conquistas.<\/p><p>\u201c\u00c9 um momento especial, a data magna, 89 anos de bons servi\u00e7os prestados \u00e0 sociedade catarinense que nos coloca atualmente na condi\u00e7\u00e3o de estado mais seguro do pa\u00eds, gra\u00e7as ao empenho, \u00e0 dedica\u00e7\u00e3o, ao denodo, ao esfor\u00e7o de cada policial militar, cada policial civil, cada policial cient\u00edfico e cada bombeiro militar que atuam nas for\u00e7as de seguran\u00e7a do nosso Estado. Hoje, n\u00f3s estamos, ent\u00e3o, celebrando e aqui n\u00f3s estaremos enfatizando os cerca de R$ 106 milh\u00f5es de reais que o governo Jorginho Mello entrega \u00e0s for\u00e7as de seguran\u00e7a p\u00fablica ao longo do per\u00edodo desde que assumiu\u201d, frisa o secret\u00e1rio de Estado da Seguran\u00e7a P\u00fablica, Fl\u00e1vio Graff.<\/p><p>O secret\u00e1rio enumera como entregas importantes, viaturas semiblindadas, armamentos de \u00faltima gera\u00e7\u00e3o, drones, muni\u00e7\u00f5es, equipamentos de prote\u00e7\u00e3o individual. \u201cTem ainda, fundamentalmente, a valoriza\u00e7\u00e3o do policial como um todo, a partir da recupera\u00e7\u00e3o, da reintegra\u00e7\u00e3o, da paridade, da integralidade dos policiais civis, dos policiais cient\u00edficos e dos policiais penais\u201d, refor\u00e7a Graff.<\/p>\t\t\t\t\t\t\t\t<\/div>\n\t\t\t\t<\/div>\n\t\t\t\t\t<\/div>\n\t\t<\/div>\n\t\t\t\t\t<\/div>\n\t\t<\/section>\n\t\t\t\t<section class=\"elementor-section elementor-top-section elementor-element elementor-element-2b9e595 elementor-section-boxed elementor-section-height-default elementor-section-height-default\" data-id=\"2b9e595\" data-element_type=\"section\">\n\t\t\t\t\t\t<div class=\"elementor-container elementor-column-gap-default\">\n\t\t\t\t\t<div class=\"elementor-column elementor-col-100 elementor-top-column elementor-element elementor-element-31b6cad\" data-id=\"31b6cad\" data-element_type=\"column\">\n\t\t\t<div class=\"elementor-widget-wrap elementor-element-populated\">\n\t\t\t\t\t\t<div class=\"elementor-element elementor-element-4cdffb7 elementor-widget elementor-widget-image\" data-id=\"4cdffb7\" data-element_type=\"widget\" data-widget_type=\"image.default\">\n\t\t\t\t<div class=\"elementor-widget-container\">\n\t\t\t\t\t\t\t\t\t\t\t\t\t\t\t<img decoding=\"async\" width=\"696\" height=\"464\" src=\"https:\/\/pc.sc.gov.br\/\/wp-content\/uploads\/2024\/11\/LEO_3309-1024x683.jpg\" class=\"attachment-large size-large wp-image-24643\" alt=\"\" srcset=\"https:\/\/pc.sc.gov.br\/\/wp-content\/uploads\/2024\/11\/LEO_3309-1024x683.jpg 1024w, https:\/\/pc.sc.gov.br\/\/wp-content\/uploads\/2024\/11\/LEO_3309-300x200.jpg 300w, https:\/\/pc.sc.gov.br\/\/wp-content\/uploads\/2024\/11\/LEO_3309-768x512.jpg 768w, https:\/\/pc.sc.gov.br\/\/wp-content\/uploads\/2024\/11\/LEO_3309-1536x1024.jpg 1536w, https:\/\/pc.sc.gov.br\/\/wp-content\/uploads\/2024\/11\/LEO_3309-2048x1365.jpg 2048w\" sizes=\"(max-width: 696px) 100vw, 696px\" \/>\t\t\t\t\t\t\t\t\t\t\t\t\t\t\t<\/div>\n\t\t\t\t<\/div>\n\t\t\t\t\t<\/div>\n\t\t<\/div>\n\t\t\t\t\t<\/div>\n\t\t<\/section>\n\t\t\t\t<section class=\"elementor-section elementor-top-section elementor-element elementor-element-1e2b25c elementor-section-boxed elementor-section-height-default elementor-section-height-default\" data-id=\"1e2b25c\" data-element_type=\"section\">\n\t\t\t\t\t\t<div class=\"elementor-container elementor-column-gap-default\">\n\t\t\t\t\t<div class=\"elementor-column elementor-col-100 elementor-top-column elementor-element elementor-element-8171d32\" data-id=\"8171d32\" data-element_type=\"column\">\n\t\t\t<div class=\"elementor-widget-wrap elementor-element-populated\">\n\t\t\t\t\t\t<div class=\"elementor-element elementor-element-d90b123 elementor-widget elementor-widget-text-editor\" data-id=\"d90b123\" data-element_type=\"widget\" data-widget_type=\"text-editor.default\">\n\t\t\t\t<div class=\"elementor-widget-container\">\n\t\t\t\t\t\t\t\t\t<p><b>Investimentos<\/b><\/p>\n<p>Durante a cerim\u00f4nia, al\u00e9m da entrega de oito viaturas de auto resgate caracterizadas e cinco descaracterizadas para o Corpo de Bombeiros Militar, foram anunciadas as aquisi\u00e7\u00f5es que ocorreram em 2024. S\u00e3o ve\u00edculos, armamentos, muni\u00e7\u00f5es e equipamentos para as corpora\u00e7\u00f5es de seguran\u00e7a com investimentos que somam quase R$ 92 milh\u00f5es. A Pol\u00edcia Militar recebeu muni\u00e7\u00f5es, viaturas com prote\u00e7\u00e3o bal\u00edstica, equipamentos para treinamento e spray de pimenta. O Corpo de Bombeiros foi equipado com viaturas de resgate e equipamentos de prote\u00e7\u00e3o individual para combate a inc\u00eandios. A Pol\u00edcia Cient\u00edfica conta com a aquisi\u00e7\u00e3o de drones, equipamentos para coleta de material biol\u00f3gico e dispositivos para detec\u00e7\u00e3o de impress\u00e3o digital. J\u00e1 a Pol\u00edcia Civil recebeu muni\u00e7\u00f5es, viaturas, esta\u00e7\u00f5es de trabalho e fuzis, entre outros itens. Essas aquisi\u00e7\u00f5es foram realizadas pelo Fundo Estadual de Seguran\u00e7a P\u00fablica (Fesp\/SC) em colabora\u00e7\u00e3o com o Fundo Nacional de Seguran\u00e7a P\u00fablica (FNSP).<\/p>\n<p><span style=\"font-family: var( --e-global-typography-text-font-family ), Sans-serif; font-size: var( --e-global-typography-text-font-size ); font-weight: var( --e-global-typography-text-font-weight );\">Paridade e integralidade a aposentados<\/span><\/p>\n<p>O governador Jorginho Mello assinou a proposta que deve alterar a Lei Complementar n\u00b0 412, de 2008, com o objetivo de padronizar as regras de aposentadoria de 12 carreiras da Seguran\u00e7a P\u00fablica. A mudan\u00e7a beneficiar\u00e1 profissionais da Pol\u00edcia Civil, Pol\u00edcia Penal, Pol\u00edcia Cient\u00edfica e do sistema socioeducativo, totalizando mais de 4,2 mil servidores. A proposta inclui a concess\u00e3o de pens\u00e3o especial com paridade e integralidade para aposentados dessas institui\u00e7\u00f5es.<\/p>\t\t\t\t\t\t\t\t<\/div>\n\t\t\t\t<\/div>\n\t\t\t\t\t<\/div>\n\t\t<\/div>\n\t\t\t\t\t<\/div>\n\t\t<\/section>\n\t\t\t\t<section class=\"elementor-section elementor-top-section elementor-element elementor-element-1a2dd92 elementor-section-boxed elementor-section-height-default elementor-section-height-default\" data-id=\"1a2dd92\" data-element_type=\"section\">\n\t\t\t\t\t\t<div class=\"elementor-container elementor-column-gap-default\">\n\t\t\t\t\t<div class=\"elementor-column elementor-col-100 elementor-top-column elementor-element elementor-element-0f304a8\" data-id=\"0f304a8\" data-element_type=\"column\">\n\t\t\t<div class=\"elementor-widget-wrap elementor-element-populated\">\n\t\t\t\t\t\t<div class=\"elementor-element elementor-element-bc5ca85 elementor-widget elementor-widget-image\" data-id=\"bc5ca85\" data-element_type=\"widget\" data-widget_type=\"image.default\">\n\t\t\t\t<div class=\"elementor-widget-container\">\n\t\t\t\t\t\t\t\t\t\t\t\t\t\t\t<img decoding=\"async\" width=\"696\" height=\"464\" src=\"https:\/\/pc.sc.gov.br\/\/wp-content\/uploads\/2024\/11\/LEO_3580-1-1024x683.jpg\" class=\"attachment-large size-large wp-image-24644\" alt=\"\" srcset=\"https:\/\/pc.sc.gov.br\/\/wp-content\/uploads\/2024\/11\/LEO_3580-1-1024x683.jpg 1024w, https:\/\/pc.sc.gov.br\/\/wp-content\/uploads\/2024\/11\/LEO_3580-1-300x200.jpg 300w, https:\/\/pc.sc.gov.br\/\/wp-content\/uploads\/2024\/11\/LEO_3580-1-768x512.jpg 768w, https:\/\/pc.sc.gov.br\/\/wp-content\/uploads\/2024\/11\/LEO_3580-1-1536x1024.jpg 1536w, https:\/\/pc.sc.gov.br\/\/wp-content\/uploads\/2024\/11\/LEO_3580-1-2048x1365.jpg 2048w\" sizes=\"(max-width: 696px) 100vw, 696px\" \/>\t\t\t\t\t\t\t\t\t\t\t\t\t\t\t<\/div>\n\t\t\t\t<\/div>\n\t\t\t\t\t<\/div>\n\t\t<\/div>\n\t\t\t\t\t<\/div>\n\t\t<\/section>\n\t\t\t\t<section class=\"elementor-section elementor-top-section elementor-element elementor-element-e674a04 elementor-section-boxed elementor-section-height-default elementor-section-height-default\" data-id=\"e674a04\" data-element_type=\"section\">\n\t\t\t\t\t\t<div class=\"elementor-container elementor-column-gap-default\">\n\t\t\t\t\t<div class=\"elementor-column elementor-col-100 elementor-top-column elementor-element elementor-element-f054e76\" data-id=\"f054e76\" data-element_type=\"column\">\n\t\t\t<div class=\"elementor-widget-wrap elementor-element-populated\">\n\t\t\t\t\t\t<div class=\"elementor-element elementor-element-cdd8afd elementor-widget elementor-widget-text-editor\" data-id=\"cdd8afd\" data-element_type=\"widget\" data-widget_type=\"text-editor.default\">\n\t\t\t\t<div class=\"elementor-widget-container\">\n\t\t\t\t\t\t\t\t\t<p><b>Reconhecimento<\/b><\/p>\n<p>A Medalha de M\u00e9rito da Seguran\u00e7a P\u00fablica do Estado de Santa Catarina, \u201cLuiz Carlos Schmidt de Carvalho\u201d, foi concedida na solenidade realizada nesta ter\u00e7a, 12, reconhecendo o trabalho de profissionais e institui\u00e7\u00f5es que se destacaram pela dedica\u00e7\u00e3o em favor da seguran\u00e7a p\u00fablica. Institu\u00edda pelo Decreto n\u00ba 2.420, de 14 de outubro de 2014, a honraria \u00e9 destinada a pessoas f\u00edsicas e jur\u00eddicas que, por meio de suas atividades, contribuem de maneira significativa para a prote\u00e7\u00e3o e bem-estar da popula\u00e7\u00e3o catarinense.<\/p>\n<p><span style=\"font-family: var( --e-global-typography-text-font-family ), Sans-serif; font-size: var( --e-global-typography-text-font-size ); font-weight: var( --e-global-typography-text-font-weight );\">Homenageados<\/span><\/p>\n<p>\u2022 Comandante-Geral da Pol\u00edcia Militar de SC, Coronel Aur\u00e9lio Jos\u00e9 Pelozato da Rosa<\/p>\n<p>\u2022 Delegado-Geral da Pol\u00edcia Civil, Ulisses Gabriel<\/p>\n<p>\u2022 Tenente-Coronel Ricardo Sartori (PMSC)<\/p>\n<p>\u2022 Delegado Val\u00e9rio Alves de Brito (PCSC)<\/p>\n<p>\u2022 1\u00ba Sargento Neodir Geovani Lohmann (CBMSC)<\/p>\n<p>\u2022 Perito Criminal Rafael Gazola (PCISC)<\/p>\n<p>\u2022 Ana L\u00facia Peixoto (SSP\/SC)<\/p>\n<p>\u2022 Matheus Anjos da Silva (SSP\/SC)<span style=\"color: var( --e-global-color-text ); font-family: var( --e-global-typography-primary-font-family ), Sans-serif; font-size: var( --e-global-typography-primary-font-size ); font-weight: var( --e-global-typography-primary-font-weight ); letter-spacing: var( --e-global-typography-primary-letter-spacing );\">&nbsp;<\/span><\/p>\t\t\t\t\t\t\t\t<\/div>\n\t\t\t\t<\/div>\n\t\t\t\t\t<\/div>\n\t\t<\/div>\n\t\t\t\t\t<\/div>\n\t\t<\/section>\n\t\t\t\t<\/div>\n\t\t","protected":false},"excerpt":{"rendered":"<p>Estado mais seguro do pa\u00eds: governador destaca investimentos \u00e0s for\u00e7as de SC nos 89 anos da Secretaria da Seguran\u00e7a P\u00fablica A Secretaria de Estado da Seguran\u00e7a P\u00fablica (SSP) comemora, nesta ter\u00e7a-feira, 12, seus 89 anos de servi\u00e7o dedicado \u00e0 prote\u00e7\u00e3o dos catarinenses. Para marcar a data, em uma solenidade na sede da SSP, em Florian\u00f3polis, [&hellip;]<\/p>\n","protected":false},"author":5,"featured_media":24641,"comment_status":"closed","ping_status":"open","sticky":false,"template":"","format":"standard","meta":{"_monsterinsights_skip_tracking":false,"_monsterinsights_sitenote_active":false,"_monsterinsights_sitenote_note":"","_monsterinsights_sitenote_category":0,"footnotes":""},"categories":[1],"tags":[],"class_list":["post-24640","post","type-post","status-publish","format-standard","has-post-thumbnail","hentry","category-sem-categoria"],"_links":{"self":[{"href":"https:\/\/pc.sc.gov.br\/index.php?rest_route=\/wp\/v2\/posts\/24640","targetHints":{"allow":["GET"]}}],"collection":[{"href":"https:\/\/pc.sc.gov.br\/index.php?rest_route=\/wp\/v2\/posts"}],"about":[{"href":"https:\/\/pc.sc.gov.br\/index.php?rest_route=\/wp\/v2\/types\/post"}],"author":[{"embeddable":true,"href":"https:\/\/pc.sc.gov.br\/index.php?rest_route=\/wp\/v2\/users\/5"}],"replies":[{"embeddable":true,"href":"https:\/\/pc.sc.gov.br\/index.php?rest_route=%2Fwp%2Fv2%2Fcomments&post=24640"}],"version-history":[{"count":4,"href":"https:\/\/pc.sc.gov.br\/index.php?rest_route=\/wp\/v2\/posts\/24640\/revisions"}],"predecessor-version":[{"id":24647,"href":"https:\/\/pc.sc.gov.br\/index.php?rest_route=\/wp\/v2\/posts\/24640\/revisions\/24647"}],"wp:featuredmedia":[{"embeddable":true,"href":"https:\/\/pc.sc.gov.br\/index.php?rest_route=\/wp\/v2\/media\/24641"}],"wp:attachment":[{"href":"https:\/\/pc.sc.gov.br\/index.php?rest_route=%2Fwp%2Fv2%2Fmedia&parent=24640"}],"wp:term":[{"taxonomy":"category","embeddable":true,"href":"https:\/\/pc.sc.gov.br\/index.php?rest_route=%2Fwp%2Fv2%2Fcategories&post=24640"},{"taxonomy":"post_tag","embeddable":true,"href":"https:\/\/pc.sc.gov.br\/index.php?rest_route=%2Fwp%2Fv2%2Ftags&post=24640"}],"curies":[{"name":"wp","href":"https:\/\/api.w.org\/{rel}","templated":true}]}}