{"id":24657,"date":"2024-11-13T14:31:29","date_gmt":"2024-11-13T17:31:29","guid":{"rendered":"https:\/\/pc.sc.gov.br\/?p=24657"},"modified":"2024-11-13T14:32:22","modified_gmt":"2024-11-13T17:32:22","slug":"dic-de-itajai-prende-foragido-do-rs-que-agrediu-ex-companheira-com-golpes-de-barra-de-ferro","status":"publish","type":"post","link":"https:\/\/pc.sc.gov.br\/?p=24657","title":{"rendered":"DIC de Itaja\u00ed prende foragido do RS que agrediu ex-companheira com golpes de barra de ferro"},"content":{"rendered":"\t\t<div data-elementor-type=\"wp-post\" data-elementor-id=\"24657\" class=\"elementor elementor-24657\" data-elementor-post-type=\"post\">\n\t\t\t\t\t\t<section class=\"elementor-section elementor-top-section elementor-element elementor-element-61e8f43 elementor-section-boxed elementor-section-height-default elementor-section-height-default\" data-id=\"61e8f43\" data-element_type=\"section\">\n\t\t\t\t\t\t<div class=\"elementor-container elementor-column-gap-default\">\n\t\t\t\t\t<div class=\"elementor-column elementor-col-100 elementor-top-column elementor-element elementor-element-1756bb7\" data-id=\"1756bb7\" data-element_type=\"column\">\n\t\t\t<div class=\"elementor-widget-wrap elementor-element-populated\">\n\t\t\t\t\t\t<div class=\"elementor-element elementor-element-2e72da7 elementor-widget elementor-widget-heading\" data-id=\"2e72da7\" data-element_type=\"widget\" data-widget_type=\"heading.default\">\n\t\t\t\t<div class=\"elementor-widget-container\">\n\t\t\t\t\t<h2 class=\"elementor-heading-title elementor-size-default\">DIC de Itaja\u00ed prende foragido do RS que agrediu ex-companheira com golpes de barra de ferro<\/h2>\t\t\t\t<\/div>\n\t\t\t\t<\/div>\n\t\t\t\t\t<\/div>\n\t\t<\/div>\n\t\t\t\t\t<\/div>\n\t\t<\/section>\n\t\t\t\t<section class=\"elementor-section elementor-top-section elementor-element elementor-element-a91a9fd elementor-section-boxed elementor-section-height-default elementor-section-height-default\" data-id=\"a91a9fd\" data-element_type=\"section\">\n\t\t\t\t\t\t<div class=\"elementor-container elementor-column-gap-default\">\n\t\t\t\t\t<div class=\"elementor-column elementor-col-100 elementor-top-column elementor-element elementor-element-1d0db9b\" data-id=\"1d0db9b\" data-element_type=\"column\">\n\t\t\t<div class=\"elementor-widget-wrap elementor-element-populated\">\n\t\t\t\t\t\t<div class=\"elementor-element elementor-element-932b93e elementor-widget elementor-widget-image\" data-id=\"932b93e\" data-element_type=\"widget\" data-widget_type=\"image.default\">\n\t\t\t\t<div class=\"elementor-widget-container\">\n\t\t\t\t\t\t\t\t\t\t\t\t\t\t\t<img fetchpriority=\"high\" decoding=\"async\" width=\"696\" height=\"563\" src=\"https:\/\/pc.sc.gov.br\/\/wp-content\/uploads\/2024\/11\/ebb08fd9-a7b8-476e-b5e3-fa66e849310b-fotor-20241113143044-1024x829.jpg\" class=\"attachment-large size-large wp-image-24658\" alt=\"\" srcset=\"https:\/\/pc.sc.gov.br\/\/wp-content\/uploads\/2024\/11\/ebb08fd9-a7b8-476e-b5e3-fa66e849310b-fotor-20241113143044-1024x829.jpg 1024w, https:\/\/pc.sc.gov.br\/\/wp-content\/uploads\/2024\/11\/ebb08fd9-a7b8-476e-b5e3-fa66e849310b-fotor-20241113143044-300x243.jpg 300w, https:\/\/pc.sc.gov.br\/\/wp-content\/uploads\/2024\/11\/ebb08fd9-a7b8-476e-b5e3-fa66e849310b-fotor-20241113143044-768x622.jpg 768w, https:\/\/pc.sc.gov.br\/\/wp-content\/uploads\/2024\/11\/ebb08fd9-a7b8-476e-b5e3-fa66e849310b-fotor-20241113143044.jpg 1140w\" sizes=\"(max-width: 696px) 100vw, 696px\" \/>\t\t\t\t\t\t\t\t\t\t\t\t\t\t\t<\/div>\n\t\t\t\t<\/div>\n\t\t\t\t\t<\/div>\n\t\t<\/div>\n\t\t\t\t\t<\/div>\n\t\t<\/section>\n\t\t\t\t<section class=\"elementor-section elementor-top-section elementor-element elementor-element-5aa551a elementor-section-boxed elementor-section-height-default elementor-section-height-default\" data-id=\"5aa551a\" data-element_type=\"section\">\n\t\t\t\t\t\t<div class=\"elementor-container elementor-column-gap-default\">\n\t\t\t\t\t<div class=\"elementor-column elementor-col-100 elementor-top-column elementor-element elementor-element-3f2b96c\" data-id=\"3f2b96c\" data-element_type=\"column\">\n\t\t\t<div class=\"elementor-widget-wrap elementor-element-populated\">\n\t\t\t\t\t\t<div class=\"elementor-element elementor-element-f759111 elementor-widget elementor-widget-text-editor\" data-id=\"f759111\" data-element_type=\"widget\" data-widget_type=\"text-editor.default\">\n\t\t\t\t<div class=\"elementor-widget-container\">\n\t\t\t\t\t\t\t\t\t<p>A Pol\u00edcia Civil de Santa Catarina, por meio da Delegacia de Combate \u00e0s Drogas (DECOD\/DIC) da DIC de Itaja\u00ed (DECOD\/DIC) deu cumprimento na ter\u00e7a-feira, 12, a mandado de pris\u00e3o contra um homem que, no dia 21\/10\/2024, na cidade de S\u00e3o Jos\u00e9 do Ouro, no Rio Grande do Sul agrediu sua ex-companheira com golpes violentos de barra de ferro.\u00a0<\/p><p>A v\u00edtima come\u00e7ou a ser agredida ainda quando estava no interior do autom\u00f3vel, foi retirada do ve\u00edculo pelo agressor, que continuou a espanc\u00e1-la enquanto estava ca\u00edda. A a\u00e7\u00e3o somente n\u00e3o culminou na morte da v\u00edtima porque vizinhos ouviram barulhos e sa\u00edram de seus im\u00f3veis, ocasionando a fuga do suspeito e possibilitando o socorro \u00e0 v\u00edtima.<\/p><p>A Pol\u00edcia Civil do Rio Grande do Sul representou pela pris\u00e3o preventiva do investigado, entretanto, quando da decreta\u00e7\u00e3o da pris\u00e3o, o autor dos fatos j\u00e1 havia se evadido da regi\u00e3o. Ap\u00f3s trocas de informa\u00e7\u00f5es de intelig\u00eancia entre as equipes da Delegacia de Pol\u00edcia de Lagoa Vermelha (RS) e da DIC de Itaja\u00ed, o foragido foi capturado, na tarde de ter\u00e7a-feira, em um apartamento na Praia Brava, onde estava residindo. O preso foi encaminhado ao sistema penitenci\u00e1rio, onde permanece \u00e0 disposi\u00e7\u00e3o da Justi\u00e7a.<\/p>\t\t\t\t\t\t\t\t<\/div>\n\t\t\t\t<\/div>\n\t\t\t\t\t<\/div>\n\t\t<\/div>\n\t\t\t\t\t<\/div>\n\t\t<\/section>\n\t\t\t\t<\/div>\n\t\t","protected":false},"excerpt":{"rendered":"<p>DIC de Itaja\u00ed prende foragido do RS que agrediu ex-companheira com golpes de barra de ferro A Pol\u00edcia Civil de Santa Catarina, por meio da Delegacia de Combate \u00e0s Drogas (DECOD\/DIC) da DIC de Itaja\u00ed (DECOD\/DIC) deu cumprimento na ter\u00e7a-feira, 12, a mandado de pris\u00e3o contra um homem que, no dia 21\/10\/2024, na cidade de [&hellip;]<\/p>\n","protected":false},"author":5,"featured_media":24658,"comment_status":"closed","ping_status":"open","sticky":false,"template":"","format":"standard","meta":{"_monsterinsights_skip_tracking":false,"_monsterinsights_sitenote_active":false,"_monsterinsights_sitenote_note":"","_monsterinsights_sitenote_category":0,"footnotes":""},"categories":[1],"tags":[],"class_list":["post-24657","post","type-post","status-publish","format-standard","has-post-thumbnail","hentry","category-sem-categoria"],"_links":{"self":[{"href":"https:\/\/pc.sc.gov.br\/index.php?rest_route=\/wp\/v2\/posts\/24657","targetHints":{"allow":["GET"]}}],"collection":[{"href":"https:\/\/pc.sc.gov.br\/index.php?rest_route=\/wp\/v2\/posts"}],"about":[{"href":"https:\/\/pc.sc.gov.br\/index.php?rest_route=\/wp\/v2\/types\/post"}],"author":[{"embeddable":true,"href":"https:\/\/pc.sc.gov.br\/index.php?rest_route=\/wp\/v2\/users\/5"}],"replies":[{"embeddable":true,"href":"https:\/\/pc.sc.gov.br\/index.php?rest_route=%2Fwp%2Fv2%2Fcomments&post=24657"}],"version-history":[{"count":4,"href":"https:\/\/pc.sc.gov.br\/index.php?rest_route=\/wp\/v2\/posts\/24657\/revisions"}],"predecessor-version":[{"id":24662,"href":"https:\/\/pc.sc.gov.br\/index.php?rest_route=\/wp\/v2\/posts\/24657\/revisions\/24662"}],"wp:featuredmedia":[{"embeddable":true,"href":"https:\/\/pc.sc.gov.br\/index.php?rest_route=\/wp\/v2\/media\/24658"}],"wp:attachment":[{"href":"https:\/\/pc.sc.gov.br\/index.php?rest_route=%2Fwp%2Fv2%2Fmedia&parent=24657"}],"wp:term":[{"taxonomy":"category","embeddable":true,"href":"https:\/\/pc.sc.gov.br\/index.php?rest_route=%2Fwp%2Fv2%2Fcategories&post=24657"},{"taxonomy":"post_tag","embeddable":true,"href":"https:\/\/pc.sc.gov.br\/index.php?rest_route=%2Fwp%2Fv2%2Ftags&post=24657"}],"curies":[{"name":"wp","href":"https:\/\/api.w.org\/{rel}","templated":true}]}}