{"id":24663,"date":"2024-11-13T14:45:34","date_gmt":"2024-11-13T17:45:34","guid":{"rendered":"https:\/\/pc.sc.gov.br\/?p=24663"},"modified":"2024-11-13T14:46:19","modified_gmt":"2024-11-13T17:46:19","slug":"em-anita-garibaldi-pcsc-apreende-armas-de-fogo-que-pertenciam-a-homem-investigado-por-violencia-domestica-em-brusque","status":"publish","type":"post","link":"https:\/\/pc.sc.gov.br\/?p=24663","title":{"rendered":"Em Anita Garibaldi, PCSC apreende armas de fogo que pertenciam a homem investigado por viol\u00eancia dom\u00e9stica em Brusque"},"content":{"rendered":"\t\t<div data-elementor-type=\"wp-post\" data-elementor-id=\"24663\" class=\"elementor elementor-24663\" data-elementor-post-type=\"post\">\n\t\t\t\t\t\t<section class=\"elementor-section elementor-top-section elementor-element elementor-element-bb9c9a1 elementor-section-boxed elementor-section-height-default elementor-section-height-default\" data-id=\"bb9c9a1\" data-element_type=\"section\">\n\t\t\t\t\t\t<div class=\"elementor-container elementor-column-gap-default\">\n\t\t\t\t\t<div class=\"elementor-column elementor-col-100 elementor-top-column elementor-element elementor-element-e38f772\" data-id=\"e38f772\" data-element_type=\"column\">\n\t\t\t<div class=\"elementor-widget-wrap elementor-element-populated\">\n\t\t\t\t\t\t<div class=\"elementor-element elementor-element-cba61ec elementor-widget elementor-widget-heading\" data-id=\"cba61ec\" data-element_type=\"widget\" data-widget_type=\"heading.default\">\n\t\t\t\t<div class=\"elementor-widget-container\">\n\t\t\t\t\t<h2 class=\"elementor-heading-title elementor-size-default\">Em Anita Garibaldi, PCSC apreende armas de fogo que pertenciam a homem investigado por viol\u00eancia dom\u00e9stica em Brusque<\/h2>\t\t\t\t<\/div>\n\t\t\t\t<\/div>\n\t\t\t\t\t<\/div>\n\t\t<\/div>\n\t\t\t\t\t<\/div>\n\t\t<\/section>\n\t\t\t\t<section class=\"elementor-section elementor-top-section elementor-element elementor-element-3d8d9b4 elementor-section-boxed elementor-section-height-default elementor-section-height-default\" data-id=\"3d8d9b4\" data-element_type=\"section\">\n\t\t\t\t\t\t<div class=\"elementor-container elementor-column-gap-default\">\n\t\t\t\t\t<div class=\"elementor-column elementor-col-100 elementor-top-column elementor-element elementor-element-786b9a2\" data-id=\"786b9a2\" data-element_type=\"column\">\n\t\t\t<div class=\"elementor-widget-wrap elementor-element-populated\">\n\t\t\t\t\t\t<div class=\"elementor-element elementor-element-9ef198c elementor-widget elementor-widget-image\" data-id=\"9ef198c\" data-element_type=\"widget\" data-widget_type=\"image.default\">\n\t\t\t\t<div class=\"elementor-widget-container\">\n\t\t\t\t\t\t\t\t\t\t\t\t\t\t\t<img fetchpriority=\"high\" decoding=\"async\" width=\"696\" height=\"392\" src=\"https:\/\/pc.sc.gov.br\/\/wp-content\/uploads\/2024\/11\/WhatsApp-Image-2024-11-12-at-18.04.20-1024x576.jpeg\" class=\"attachment-large size-large wp-image-24664\" alt=\"\" srcset=\"https:\/\/pc.sc.gov.br\/\/wp-content\/uploads\/2024\/11\/WhatsApp-Image-2024-11-12-at-18.04.20-1024x576.jpeg 1024w, https:\/\/pc.sc.gov.br\/\/wp-content\/uploads\/2024\/11\/WhatsApp-Image-2024-11-12-at-18.04.20-300x169.jpeg 300w, https:\/\/pc.sc.gov.br\/\/wp-content\/uploads\/2024\/11\/WhatsApp-Image-2024-11-12-at-18.04.20-768x432.jpeg 768w, https:\/\/pc.sc.gov.br\/\/wp-content\/uploads\/2024\/11\/WhatsApp-Image-2024-11-12-at-18.04.20.jpeg 1280w\" sizes=\"(max-width: 696px) 100vw, 696px\" \/>\t\t\t\t\t\t\t\t\t\t\t\t\t\t\t<\/div>\n\t\t\t\t<\/div>\n\t\t\t\t\t<\/div>\n\t\t<\/div>\n\t\t\t\t\t<\/div>\n\t\t<\/section>\n\t\t\t\t<section class=\"elementor-section elementor-top-section elementor-element elementor-element-d44f4c0 elementor-section-boxed elementor-section-height-default elementor-section-height-default\" data-id=\"d44f4c0\" data-element_type=\"section\">\n\t\t\t\t\t\t<div class=\"elementor-container elementor-column-gap-default\">\n\t\t\t\t\t<div class=\"elementor-column elementor-col-100 elementor-top-column elementor-element elementor-element-a73171d\" data-id=\"a73171d\" data-element_type=\"column\">\n\t\t\t<div class=\"elementor-widget-wrap elementor-element-populated\">\n\t\t\t\t\t\t<div class=\"elementor-element elementor-element-67a177d elementor-widget elementor-widget-text-editor\" data-id=\"67a177d\" data-element_type=\"widget\" data-widget_type=\"text-editor.default\">\n\t\t\t\t<div class=\"elementor-widget-container\">\n\t\t\t\t\t\t\t\t\t<p>A Pol\u00edcia Civil de Santa Catarina, por meio da Delegacia de Pol\u00edcia de Anita Garibaldi efetuou, na tarde de ter\u00e7a-feira (12), cumprimento de mandado de busca e apreens\u00e3o no interior de Anita Garibaldi. O mandado foi expedido pelo Poder Judici\u00e1rio de Brusque, ap\u00f3s uma ocorr\u00eancia de viol\u00eancia dom\u00e9stica e resist\u00eancia contra policiais.<\/p><p>Um indiv\u00edduo foi preso naquela comarca, ap\u00f3s a pr\u00e1tica de viol\u00eancia dom\u00e9stica contra sua companheira e, durante sua pris\u00e3o, estava agressivo, entrando em luta corporal com os policiais.<\/p><p>J\u00e1 na audi\u00eancia de cust\u00f3dia, verificou-se que o conduzido possu\u00eda armas de fogo, sendo que n\u00e3o estavam na sua posse naquele momento. Constatou-se que as armas estariam escondidas na casa de parentes no interior de Anita Garibaldi, sendo determinada a apreens\u00e3o dos equipamentos.<\/p><p>Os policiais de Anita Garibaldi, tomando conhecimento dos fatos, identificaram a resid\u00eancia e deram cumprimento ao mandado, localizando uma espingarda e um rev\u00f3lver e muni\u00e7\u00f5es destas armas. Formalizados os procedimentos legais, o equipamento foi encaminhado \u00e0 Pol\u00edcia Cient\u00edfica, e ficar\u00e1 \u00e0 disposi\u00e7\u00e3o da Justi\u00e7a.<\/p>\t\t\t\t\t\t\t\t<\/div>\n\t\t\t\t<\/div>\n\t\t\t\t\t<\/div>\n\t\t<\/div>\n\t\t\t\t\t<\/div>\n\t\t<\/section>\n\t\t\t\t<\/div>\n\t\t","protected":false},"excerpt":{"rendered":"<p>Em Anita Garibaldi, PCSC apreende armas de fogo que pertenciam a homem investigado por viol\u00eancia dom\u00e9stica em Brusque A Pol\u00edcia Civil de Santa Catarina, por meio da Delegacia de Pol\u00edcia de Anita Garibaldi efetuou, na tarde de ter\u00e7a-feira (12), cumprimento de mandado de busca e apreens\u00e3o no interior de Anita Garibaldi. O mandado foi expedido [&hellip;]<\/p>\n","protected":false},"author":5,"featured_media":24664,"comment_status":"closed","ping_status":"open","sticky":false,"template":"","format":"standard","meta":{"_monsterinsights_skip_tracking":false,"_monsterinsights_sitenote_active":false,"_monsterinsights_sitenote_note":"","_monsterinsights_sitenote_category":0,"footnotes":""},"categories":[1],"tags":[],"class_list":["post-24663","post","type-post","status-publish","format-standard","has-post-thumbnail","hentry","category-sem-categoria"],"_links":{"self":[{"href":"https:\/\/pc.sc.gov.br\/index.php?rest_route=\/wp\/v2\/posts\/24663","targetHints":{"allow":["GET"]}}],"collection":[{"href":"https:\/\/pc.sc.gov.br\/index.php?rest_route=\/wp\/v2\/posts"}],"about":[{"href":"https:\/\/pc.sc.gov.br\/index.php?rest_route=\/wp\/v2\/types\/post"}],"author":[{"embeddable":true,"href":"https:\/\/pc.sc.gov.br\/index.php?rest_route=\/wp\/v2\/users\/5"}],"replies":[{"embeddable":true,"href":"https:\/\/pc.sc.gov.br\/index.php?rest_route=%2Fwp%2Fv2%2Fcomments&post=24663"}],"version-history":[{"count":4,"href":"https:\/\/pc.sc.gov.br\/index.php?rest_route=\/wp\/v2\/posts\/24663\/revisions"}],"predecessor-version":[{"id":24668,"href":"https:\/\/pc.sc.gov.br\/index.php?rest_route=\/wp\/v2\/posts\/24663\/revisions\/24668"}],"wp:featuredmedia":[{"embeddable":true,"href":"https:\/\/pc.sc.gov.br\/index.php?rest_route=\/wp\/v2\/media\/24664"}],"wp:attachment":[{"href":"https:\/\/pc.sc.gov.br\/index.php?rest_route=%2Fwp%2Fv2%2Fmedia&parent=24663"}],"wp:term":[{"taxonomy":"category","embeddable":true,"href":"https:\/\/pc.sc.gov.br\/index.php?rest_route=%2Fwp%2Fv2%2Fcategories&post=24663"},{"taxonomy":"post_tag","embeddable":true,"href":"https:\/\/pc.sc.gov.br\/index.php?rest_route=%2Fwp%2Fv2%2Ftags&post=24663"}],"curies":[{"name":"wp","href":"https:\/\/api.w.org\/{rel}","templated":true}]}}